{"id":58722,"date":"2021-03-25T14:16:45","date_gmt":"2021-03-25T17:16:45","guid":{"rendered":"https:\/\/www.simepe.com.br\/novo\/?p=58722"},"modified":"2021-03-25T14:16:45","modified_gmt":"2021-03-25T17:16:45","slug":"cremepe-orienta-profissionais-sobre-priorizacao-de-uti-e-intubacao-de-pacientes-graves","status":"publish","type":"post","link":"https:\/\/www.simepe.com.br\/novo\/cremepe-orienta-profissionais-sobre-priorizacao-de-uti-e-intubacao-de-pacientes-graves\/","title":{"rendered":"Cremepe orienta profissionais sobre prioriza\u00e7\u00e3o de UTI e intuba\u00e7\u00e3o de pacientes graves"},"content":{"rendered":"<p><em>Lives para esclarecer sobre o tema acontecem nas pr\u00f3ximas quinta e sexta-feira (25 e 26).<\/em><\/p>\n<p>Por causa do alto percentual de ocupa\u00e7\u00e3o dos leitos p\u00fablicos e privados registrados no Estado, o Conselho Regional de Medicina de Pernambuco (Cremepe) vem orientando os profissionais de sa\u00fade sobre o uso do Escore de Prioriza\u00e7\u00e3o de UTI e intuba\u00e7\u00e3o de pacientes graves. O Conselho evidencia a Recomenda\u00e7\u00e3o N\u00ba 05\/2020, que apresenta um fluxo de atendimento ao adulto com suspeita da S\u00edndrome Respirat\u00f3ria Aguda Grave (SRAG) e disponibiliza a calculadora EUP-UTI.<\/p>\n<p>\u201cO Escore foi baseado em evid\u00eancias cient\u00edficas e constru\u00eddo com a participa\u00e7\u00e3o de diversos m\u00e9dicos (das c\u00e2maras t\u00e9cnicas do Conselho de c\u00e2maras t\u00e9cnicas de medicina intensiva, intensiva, cuidados paliativos, oncologia, nefrologia e bio\u00e9tica), foi tamb\u00e9m aprovado por diversas inst\u00e2ncias do Conselho, trazendo para a assist\u00eancia m\u00e9dica um respaldo t\u00e9cnico para a tomada de decis\u00e3o\u201d, explica a vice-corregedora Zilda Cavalcanti.<\/p>\n<p>A recomenda\u00e7\u00e3o trata sobre a utiliza\u00e7\u00e3o do Escore Unificado para Prioriza\u00e7\u00e3o (EUP-UTI) de acesso a leitos de terapia intensiva, assist\u00eancia ventilat\u00f3ria e palia\u00e7\u00e3o, como meio de hierarquiza\u00e7\u00e3o da gravidade dos pacientes, na aus\u00eancia absoluta de leitos suficientes para atender a demanda terap\u00eautica, que deve ser comunicado \u00e0 Central de Regula\u00e7\u00e3o de Leitos do Estado, juntamente com os dados cl\u00ednicos e laboratoriais dos pacientes para prioriza\u00e7\u00e3o das transfer\u00eancias.<\/p>\n<p>\u201cTrazendo o cen\u00e1rio da pandemia existem algumas orienta\u00e7\u00f5es de literatura m\u00e9dica de cat\u00e1strofe sobre triagem. Ent\u00e3o o que a gente est\u00e1 orientando \u00e9 como realizar uma triagem de forma que ela seja \u00e9tica, que n\u00e3o leve s\u00f3 em considera\u00e7\u00e3o a idade dos pacientes, mas que leve em considera\u00e7\u00e3o uma s\u00e9rie de outros fatores como por exemplo, de como esse paciente era do ponto de vista funcional\u201d, disse o m\u00e9dico intensivista, Marcos Gallindo.<\/p>\n<p>De acordo com o intensivista, o objetivo \u00e9 facilitar a decis\u00e3o para quem est\u00e1 na ponta, identificar quem tem mais benef\u00edcio de leitos e quem est\u00e1 na regula\u00e7\u00e3o decidir quem vai ocupar. \u201cA ideia foi facilitar para quem est\u00e1 na regula\u00e7\u00e3o de leitos a decis\u00e3o de qual paciente teria mais benef\u00edcio de ir para uma UTI, e ele n\u00e3o seria a \u00fanica coisa a ser levada em conta. Ent\u00e3o, provavelmente a regula\u00e7\u00e3o iria levar em conta a prioridade, e em cima da prioridade usar o Escore para ver quem teria mais benef\u00edcio ou n\u00e3o\u201d, completou.<\/p>\n<p>Ainda de acordo com o m\u00e9dico intensivista, Marcos Gallindo, o Escore leva em considera\u00e7\u00e3o o hist\u00f3rico do paciente de doen\u00e7as pr\u00e9vias, status funcional, se \u00e9 muito ativo ou pouco ativo, acamado, dependente ou n\u00e3o. Leva em considera\u00e7\u00e3o tamb\u00e9m as outras doen\u00e7as, chamadas comorbidades, e qual \u00e9 a gravidade atual.<\/p>\n<p>A calculadora online \u00e9 o protocolo transformado em algo pr\u00e1tico, onde o m\u00e9dico vai preencher os dados do paciente e ao final receber\u00e1 uma pontua\u00e7\u00e3o. Quanto menor a pontua\u00e7\u00e3o, menor ser\u00e1 o risco do paciente vir a \u00f3bito, consequentemente a Central de Regula\u00e7\u00e3o poder\u00e1 usar essa pontua\u00e7\u00e3o para decidir quem possui o maior benef\u00edcio em ocupar o leito dispon\u00edvel. A Recomenda\u00e7\u00e3o Cremepe N\u00ba 05\/2020 e a Calculadora do EUP-UTI est\u00e3o dispon\u00edveis atrav\u00e9s do hotsite\u00a0<a href=\"http:\/\/medicinapecovid19.com.br\/\" target=\"_blank\">medicinapecovid19.com.br<\/a><\/p>\n<p><strong>Lives sobre uso do Escore<\/strong><\/p>\n<p>Diante do poss\u00edvel colapso do Sistema de Sa\u00fade do Estado causado pela COVID-19, o Cremepe promover\u00e1, nas pr\u00f3ximas quinta e sexta-feira (25 e 26) lives sobre o uso do Escore. As transmiss\u00f5es ser\u00e3o atrav\u00e9s do canal do Youtube e Facebook da autarquia, com in\u00edcio \u00e0s 20h. Al\u00e9m dos profissionais da sa\u00fade, o p\u00fablico em geral pode acompanhar e entender como funciona a prioriza\u00e7\u00e3o.<\/p>\n<p>O primeiro encontro trar\u00e1 a tem\u00e1tica \u201cQuando e como usar o Escore de Prioriza\u00e7\u00e3o do Cremepe\u201d, com apresenta\u00e7\u00f5es da geriatra, com atua\u00e7\u00e3o em medicina paliativa, Mirella Rebello; da cardiologista e intensivista, Renata Bezerra; do intensivista, Marcos Gallindo; e modera\u00e7\u00e3o do vice-presidente do Conselho, Maur\u00edcio Matos.<\/p>\n<p>J\u00e1 na sexta-feira (26), o tema \u00e9 \u201cIntuba\u00e7\u00e3o em sequ\u00eancia r\u00e1pida e controle de via a\u00e9rea em pacientes Covid-19\u201d, que contar\u00e1 com apresenta\u00e7\u00e3o do anestesiologista e conselheiro, Waston Vieira, e modera\u00e7\u00e3o do tamb\u00e9m conselheiro e m\u00e9dico intensivista, Everton Abreu.<\/p>\n<p><strong>Servi\u00e7o:<\/strong><\/p>\n<p>Live: Quando e como usar o Escore de Prioriza\u00e7\u00e3o do Cremepe<\/p>\n<p>Data: 25\/03\/2021<\/p>\n<p>Hor\u00e1rio: 20h<\/p>\n<p>Transmiss\u00e3o:\u00a0<a href=\"https:\/\/www.youtube.com\/watch?v=mkaU0_l35hY\" target=\"_blank\">https:\/\/www.youtube.com\/watch?v=mkaU0_l35hY<\/a><\/p>\n<p>Live: Intuba\u00e7\u00e3o em sequ\u00eancia r\u00e1pida e controle de via a\u00e9rea em pacientes Covid-19<\/p>\n<p>Data: 26\/03\/2021<\/p>\n<p>Hor\u00e1rio: 20h<\/p>\n<p>Transmiss\u00e3o:\u00a0<a href=\"https:\/\/www.youtube.com\/user\/Cremepe\" target=\"_blank\">https:\/\/www.youtube.com\/user\/Cremepe<\/a><\/p>\n<p>Fonte: Folha de Pernambuco<\/p>\n","protected":false},"excerpt":{"rendered":"<p>Lives para esclarecer sobre o tema acontecem nas pr\u00f3ximas quinta e sexta-feira (25 e 26). Por causa do alto percentual de ocupa\u00e7\u00e3o dos leitos p\u00fablicos e privados registrados no Estado, o Conselho Regional de Medicina de Pernambuco (Cremepe) vem orientando os profissionais de sa\u00fade sobre o uso do Escore de Prioriza\u00e7\u00e3o de UTI e intuba\u00e7\u00e3o [&hellip;]<\/p>\n","protected":false},"author":1,"featured_media":0,"comment_status":"open","ping_status":"open","sticky":false,"template":"","format":"standard","meta":{"ocean_post_layout":"","ocean_both_sidebars_style":"","ocean_both_sidebars_content_width":0,"ocean_both_sidebars_sidebars_width":0,"ocean_sidebar":"","ocean_second_sidebar":"","ocean_disable_margins":"enable","ocean_add_body_class":"","ocean_shortcode_before_top_bar":"","ocean_shortcode_after_top_bar":"","ocean_shortcode_before_header":"","ocean_shortcode_after_header":"","ocean_has_shortcode":"","ocean_shortcode_after_title":"","ocean_shortcode_before_footer_widgets":"","ocean_shortcode_after_footer_widgets":"","ocean_shortcode_before_footer_bottom":"","ocean_shortcode_after_footer_bottom":"","ocean_display_top_bar":"default","ocean_display_header":"default","ocean_header_style":"","ocean_center_header_left_menu":"","ocean_custom_header_template":"","ocean_custom_logo":0,"ocean_custom_retina_logo":0,"ocean_custom_logo_max_width":0,"ocean_custom_logo_tablet_max_width":0,"ocean_custom_logo_mobile_max_width":0,"ocean_custom_logo_max_height":0,"ocean_custom_logo_tablet_max_height":0,"ocean_custom_logo_mobile_max_height":0,"ocean_header_custom_menu":"","ocean_menu_typo_font_family":"","ocean_menu_typo_font_subset":"","ocean_menu_typo_font_size":0,"ocean_menu_typo_font_size_tablet":0,"ocean_menu_typo_font_size_mobile":0,"ocean_menu_typo_font_size_unit":"px","ocean_menu_typo_font_weight":"","ocean_menu_typo_font_weight_tablet":"","ocean_menu_typo_font_weight_mobile":"","ocean_menu_typo_transform":"","ocean_menu_typo_transform_tablet":"","ocean_menu_typo_transform_mobile":"","ocean_menu_typo_line_height":0,"ocean_menu_typo_line_height_tablet":0,"ocean_menu_typo_line_height_mobile":0,"ocean_menu_typo_line_height_unit":"","ocean_menu_typo_spacing":0,"ocean_menu_typo_spacing_tablet":0,"ocean_menu_typo_spacing_mobile":0,"ocean_menu_typo_spacing_unit":"","ocean_menu_link_color":"","ocean_menu_link_color_hover":"","ocean_menu_link_color_active":"","ocean_menu_link_background":"","ocean_menu_link_hover_background":"","ocean_menu_link_active_background":"","ocean_menu_social_links_bg":"","ocean_menu_social_hover_links_bg":"","ocean_menu_social_links_color":"","ocean_menu_social_hover_links_color":"","ocean_disable_title":"default","ocean_disable_heading":"default","ocean_post_title":"","ocean_post_subheading":"","ocean_post_title_style":"","ocean_post_title_background_color":"","ocean_post_title_background":0,"ocean_post_title_bg_image_position":"","ocean_post_title_bg_image_attachment":"","ocean_post_title_bg_image_repeat":"","ocean_post_title_bg_image_size":"","ocean_post_title_height":0,"ocean_post_title_bg_overlay":0.5,"ocean_post_title_bg_overlay_color":"","ocean_disable_breadcrumbs":"default","ocean_breadcrumbs_color":"","ocean_breadcrumbs_separator_color":"","ocean_breadcrumbs_links_color":"","ocean_breadcrumbs_links_hover_color":"","ocean_display_footer_widgets":"default","ocean_display_footer_bottom":"default","ocean_custom_footer_template":"","ocean_post_oembed":"","ocean_post_self_hosted_media":"","ocean_post_video_embed":"","ocean_link_format":"","ocean_link_format_target":"self","ocean_quote_format":"","ocean_quote_format_link":"post","ocean_gallery_link_images":"on","ocean_gallery_id":[]},"categories":[9],"tags":[1420,55,1490,82],"acf":[],"_links":{"self":[{"href":"https:\/\/www.simepe.com.br\/novo\/wp-json\/wp\/v2\/posts\/58722"}],"collection":[{"href":"https:\/\/www.simepe.com.br\/novo\/wp-json\/wp\/v2\/posts"}],"about":[{"href":"https:\/\/www.simepe.com.br\/novo\/wp-json\/wp\/v2\/types\/post"}],"author":[{"embeddable":true,"href":"https:\/\/www.simepe.com.br\/novo\/wp-json\/wp\/v2\/users\/1"}],"replies":[{"embeddable":true,"href":"https:\/\/www.simepe.com.br\/novo\/wp-json\/wp\/v2\/comments?post=58722"}],"version-history":[{"count":1,"href":"https:\/\/www.simepe.com.br\/novo\/wp-json\/wp\/v2\/posts\/58722\/revisions"}],"predecessor-version":[{"id":58723,"href":"https:\/\/www.simepe.com.br\/novo\/wp-json\/wp\/v2\/posts\/58722\/revisions\/58723"}],"wp:attachment":[{"href":"https:\/\/www.simepe.com.br\/novo\/wp-json\/wp\/v2\/media?parent=58722"}],"wp:term":[{"taxonomy":"category","embeddable":true,"href":"https:\/\/www.simepe.com.br\/novo\/wp-json\/wp\/v2\/categories?post=58722"},{"taxonomy":"post_tag","embeddable":true,"href":"https:\/\/www.simepe.com.br\/novo\/wp-json\/wp\/v2\/tags?post=58722"}],"curies":[{"name":"wp","href":"https:\/\/api.w.org\/{rel}","templated":true}]}}