{"id":58734,"date":"2021-03-26T09:19:16","date_gmt":"2021-03-26T12:19:16","guid":{"rendered":"https:\/\/www.simepe.com.br\/novo\/?p=58734"},"modified":"2021-03-26T09:19:16","modified_gmt":"2021-03-26T12:19:16","slug":"kit-covid-queiroga-defende-autonomia-do-medico-mas-diz-que-e-hora-de-buscar-o-que-existe-de-comprovado","status":"publish","type":"post","link":"https:\/\/www.simepe.com.br\/novo\/kit-covid-queiroga-defende-autonomia-do-medico-mas-diz-que-e-hora-de-buscar-o-que-existe-de-comprovado\/","title":{"rendered":"&#8216;Kit Covid&#8217;: Queiroga defende autonomia do m\u00e9dico, mas diz que \u00e9 hora de buscar o que existe de comprovado"},"content":{"rendered":"<p style=\"text-align: justify;\">Ministro da Sa\u00fade disse desconhecer &#8220;protocolo&#8221; do governo favor\u00e1vel ao uso de rem\u00e9dios sem efic\u00e1cia.<\/p>\n<p style=\"text-align: justify;\">O ministro da Sa\u00fade, Marcelo Queiroga, se posicionou nesta quarta-feira (23) sobre o uso de rem\u00e9dios sem efic\u00e1cia comprovada para tratamento e preven\u00e7\u00e3o da Covid-19. Ele evitou condenar o uso do medicamento, defendeu a autonomia do m\u00e9dico e disse que \u00e9 preciso &#8220;olhar para frente&#8221; e buscar o que &#8220;existe de comprovado&#8221;.<\/p>\n<p style=\"text-align: justify;\">Mais cedo, o presidente Jair Bolsonaro anunciou a cria\u00e7\u00e3o de comit\u00ea de combate \u00e0 doen\u00e7a, e voltou a falar em &#8220;tratamento precoce&#8221; contra o coronav\u00edrus. Bolsonaro, que \u00e9 defensor da cloroquina, citou que esse tema ficaria sob responsabilidade do novo ministro.<\/p>\n<p style=\"text-align: justify;\">Na entrevista desta tarde, Queiroga foi questionado sobre se determinaria a revoga\u00e7\u00e3o do protocolo do Minist\u00e9rio da Sa\u00fade que orienta o uso de rem\u00e9dios sem comprova\u00e7\u00e3o de efic\u00e1cia contra a Covid. O novo ministro disse desconhecer a exist\u00eancia dessa indica\u00e7\u00e3o dentro pasta.<\/p>\n<p style=\"text-align: justify;\">&#8220;Os protocolos cl\u00ednicos s\u00e3o institu\u00eddos seguindo regras que est\u00e3o postas na lei org\u00e2nica da sa\u00fade. No meu conhecimento, n\u00e3o existe nenhum protocolo no minist\u00e9rio ratificando uso de medica\u00e7\u00f5es&#8221; &#8211; Marcelo Queiroga<br \/>\nEntretanto, a sociedade m\u00e9dica da qual ele era presidente, a Sociedade Brasileira de Cardiologia (SBC), foi citada como parceira do governo no an\u00fancio das orienta\u00e7\u00f5es sobre o uso da cloroquina e se ofereceu para fazer eletrocardiogramas para monitorar efeitos colaterais do uso nos pacientes. O documento apresentado pelo minist\u00e9rio apresenta dosagens e p\u00fablicos.<\/p>\n<p style=\"text-align: justify;\">\n\u00c0 \u00e9poca, a secret\u00e1ria de Gest\u00e3o do Trabalho e da Educa\u00e7\u00e3o na Sa\u00fade, Mayra Pinheiro, citou o &#8220;clamor&#8221; da sociedade&#8221; para defender a cloroquina. Apesar de ser tratado como um protocolo na avalia\u00e7\u00e3o de especialistas, j\u00e1 naquela \u00e9poca o minist\u00e9rio buscava negar essa nomenclatura e falava em &#8220;orienta\u00e7\u00f5es&#8221;. J\u00e1 o presidente Jair Bolsonaro usava a palavra protocolo, inclusive na ocasi\u00e3o em que fez a piada: &#8220;Quem \u00e9 de direita toma cloroquina, quem \u00e9 de esquerda toma tuba\u00edna&#8221;.<\/p>\n<p style=\"text-align: justify;\">Sem entrar no m\u00e9rito do jogo de palavras ou sem rever as tais &#8220;orienta\u00e7\u00f5es&#8221;, Queiroga disse que, com rela\u00e7\u00e3o a esses medicamentos, \u00e9 preciso &#8220;olhar pra frente e buscar o que existe de comprovado&#8221;.<\/p>\n<p style=\"text-align: justify;\">&#8220;Vamos olhar pra frente, vamos gerar luz, \u00e9 isso que a na\u00e7\u00e3o precisa. Hoje vimos os tr\u00eas poderes reunidos, todos unidos para buscar uma solu\u00e7\u00e3o que traga esperan\u00e7a para o nosso povo&#8221;, disse o ministro.<\/p>\n<p style=\"text-align: justify;\">Ele explicou, entretanto, que o conhecimento cient\u00edfico &#8220;\u00e9 din\u00e2mico&#8221;.<\/p>\n<p style=\"text-align: justify;\">&#8220;Ano passado, vimos que s\u00f3 ia para o hospital gente com falta de ar. Agora vemos que atender o pacientes precocemente e a autonomia do m\u00e9dico \u00e9 milenar. A rela\u00e7\u00e3o m\u00e9dico e paciente \u00e9 caso a caso para ser decidida&#8221;.<\/p>\n<p style=\"text-align: justify;\"><strong>Posicionamento de entidades<\/strong><br \/>\nNa ter\u00e7a-feira (23), a Associa\u00e7\u00e3o M\u00e9dica Brasileira (AMB) divulgou nota para afirmar que uso de cloroquina e outros rem\u00e9dios sem efic\u00e1cia contra Covid-19 deve ser banido.<\/p>\n<p style=\"text-align: justify;\">O posicionamento encerra uma pol\u00eamica que envolvia a associa\u00e7\u00e3o: no ano passado, ao lado da Sociedade Brasileira de Cardiologia (SBC) e do Conselho Federal de Medicina (CFM), a AMB se posicionou entre as entidades m\u00e9dicas que ainda tinham posicionamentos neutros ou favor\u00e1veis ao direito dos m\u00e9dicos de escolher o tratamento para pacientes com Covid.<\/p>\n<p style=\"text-align: justify;\">Procurado pelo G1, o CFM n\u00e3o divulgou novo posicionamento. J\u00e1 a SBC reafirmou que n\u00e3o indica o tratamento e que a proposta de parceria com o minist\u00e9rio para realiza\u00e7\u00e3o de eletrocardiogramas n\u00e3o foi colocada em pr\u00e1tica.<\/p>\n<p style=\"text-align: justify;\">&#8220;Com a posi\u00e7\u00e3o clara de n\u00e3o indica\u00e7\u00e3o, as prescri\u00e7\u00f5es acabaram diminuindo e havia tamb\u00e9m uma quest\u00e3o log\u00edstica dif\u00edcil, ao imaginar que os pacientes contaminados deveriam fazer eletrocardiogramas em ambulat\u00f3rios, o que poderia aumentar a circula\u00e7\u00e3o de pacientes infectados&#8221;, informou a SBC em nota.<\/p>\n<p style=\"text-align: justify;\">Fonte: G1<\/p>\n","protected":false},"excerpt":{"rendered":"<p>Ministro da Sa\u00fade disse desconhecer &#8220;protocolo&#8221; do governo favor\u00e1vel ao uso de rem\u00e9dios sem efic\u00e1cia. O ministro da Sa\u00fade, Marcelo Queiroga, se posicionou nesta quarta-feira (23) sobre o uso de rem\u00e9dios sem efic\u00e1cia comprovada para tratamento e preven\u00e7\u00e3o da Covid-19. Ele evitou condenar o uso do medicamento, defendeu a autonomia do m\u00e9dico e disse que [&hellip;]<\/p>\n","protected":false},"author":1,"featured_media":58735,"comment_status":"open","ping_status":"open","sticky":false,"template":"","format":"standard","meta":{"ocean_post_layout":"","ocean_both_sidebars_style":"","ocean_both_sidebars_content_width":0,"ocean_both_sidebars_sidebars_width":0,"ocean_sidebar":"","ocean_second_sidebar":"","ocean_disable_margins":"enable","ocean_add_body_class":"","ocean_shortcode_before_top_bar":"","ocean_shortcode_after_top_bar":"","ocean_shortcode_before_header":"","ocean_shortcode_after_header":"","ocean_has_shortcode":"","ocean_shortcode_after_title":"","ocean_shortcode_before_footer_widgets":"","ocean_shortcode_after_footer_widgets":"","ocean_shortcode_before_footer_bottom":"","ocean_shortcode_after_footer_bottom":"","ocean_display_top_bar":"default","ocean_display_header":"default","ocean_header_style":"","ocean_center_header_left_menu":"","ocean_custom_header_template":"","ocean_custom_logo":0,"ocean_custom_retina_logo":0,"ocean_custom_logo_max_width":0,"ocean_custom_logo_tablet_max_width":0,"ocean_custom_logo_mobile_max_width":0,"ocean_custom_logo_max_height":0,"ocean_custom_logo_tablet_max_height":0,"ocean_custom_logo_mobile_max_height":0,"ocean_header_custom_menu":"","ocean_menu_typo_font_family":"","ocean_menu_typo_font_subset":"","ocean_menu_typo_font_size":0,"ocean_menu_typo_font_size_tablet":0,"ocean_menu_typo_font_size_mobile":0,"ocean_menu_typo_font_size_unit":"px","ocean_menu_typo_font_weight":"","ocean_menu_typo_font_weight_tablet":"","ocean_menu_typo_font_weight_mobile":"","ocean_menu_typo_transform":"","ocean_menu_typo_transform_tablet":"","ocean_menu_typo_transform_mobile":"","ocean_menu_typo_line_height":0,"ocean_menu_typo_line_height_tablet":0,"ocean_menu_typo_line_height_mobile":0,"ocean_menu_typo_line_height_unit":"","ocean_menu_typo_spacing":0,"ocean_menu_typo_spacing_tablet":0,"ocean_menu_typo_spacing_mobile":0,"ocean_menu_typo_spacing_unit":"","ocean_menu_link_color":"","ocean_menu_link_color_hover":"","ocean_menu_link_color_active":"","ocean_menu_link_background":"","ocean_menu_link_hover_background":"","ocean_menu_link_active_background":"","ocean_menu_social_links_bg":"","ocean_menu_social_hover_links_bg":"","ocean_menu_social_links_color":"","ocean_menu_social_hover_links_color":"","ocean_disable_title":"default","ocean_disable_heading":"default","ocean_post_title":"","ocean_post_subheading":"","ocean_post_title_style":"","ocean_post_title_background_color":"","ocean_post_title_background":0,"ocean_post_title_bg_image_position":"","ocean_post_title_bg_image_attachment":"","ocean_post_title_bg_image_repeat":"","ocean_post_title_bg_image_size":"","ocean_post_title_height":0,"ocean_post_title_bg_overlay":0.5,"ocean_post_title_bg_overlay_color":"","ocean_disable_breadcrumbs":"default","ocean_breadcrumbs_color":"","ocean_breadcrumbs_separator_color":"","ocean_breadcrumbs_links_color":"","ocean_breadcrumbs_links_hover_color":"","ocean_display_footer_widgets":"default","ocean_display_footer_bottom":"default","ocean_custom_footer_template":"","ocean_post_oembed":"","ocean_post_self_hosted_media":"","ocean_post_video_embed":"","ocean_link_format":"","ocean_link_format_target":"self","ocean_quote_format":"","ocean_quote_format_link":"post","ocean_gallery_link_images":"on","ocean_gallery_id":[]},"categories":[1],"tags":[],"acf":[],"_links":{"self":[{"href":"https:\/\/www.simepe.com.br\/novo\/wp-json\/wp\/v2\/posts\/58734"}],"collection":[{"href":"https:\/\/www.simepe.com.br\/novo\/wp-json\/wp\/v2\/posts"}],"about":[{"href":"https:\/\/www.simepe.com.br\/novo\/wp-json\/wp\/v2\/types\/post"}],"author":[{"embeddable":true,"href":"https:\/\/www.simepe.com.br\/novo\/wp-json\/wp\/v2\/users\/1"}],"replies":[{"embeddable":true,"href":"https:\/\/www.simepe.com.br\/novo\/wp-json\/wp\/v2\/comments?post=58734"}],"version-history":[{"count":1,"href":"https:\/\/www.simepe.com.br\/novo\/wp-json\/wp\/v2\/posts\/58734\/revisions"}],"predecessor-version":[{"id":58736,"href":"https:\/\/www.simepe.com.br\/novo\/wp-json\/wp\/v2\/posts\/58734\/revisions\/58736"}],"wp:featuredmedia":[{"embeddable":true,"href":"https:\/\/www.simepe.com.br\/novo\/wp-json\/wp\/v2\/media\/58735"}],"wp:attachment":[{"href":"https:\/\/www.simepe.com.br\/novo\/wp-json\/wp\/v2\/media?parent=58734"}],"wp:term":[{"taxonomy":"category","embeddable":true,"href":"https:\/\/www.simepe.com.br\/novo\/wp-json\/wp\/v2\/categories?post=58734"},{"taxonomy":"post_tag","embeddable":true,"href":"https:\/\/www.simepe.com.br\/novo\/wp-json\/wp\/v2\/tags?post=58734"}],"curies":[{"name":"wp","href":"https:\/\/api.w.org\/{rel}","templated":true}]}}