{"id":58737,"date":"2021-03-26T09:38:03","date_gmt":"2021-03-26T12:38:03","guid":{"rendered":"https:\/\/www.simepe.com.br\/novo\/?p=58737"},"modified":"2021-03-26T09:38:03","modified_gmt":"2021-03-26T12:38:03","slug":"oms-pede-alinhamento-entre-poderes-no-brasil-na-conducao-da-pandemia-e-alerta-que-mortes-estao-dobrando","status":"publish","type":"post","link":"https:\/\/www.simepe.com.br\/novo\/oms-pede-alinhamento-entre-poderes-no-brasil-na-conducao-da-pandemia-e-alerta-que-mortes-estao-dobrando\/","title":{"rendered":"OMS pede alinhamento entre poderes no Brasil na condu\u00e7\u00e3o da pandemia e alerta que mortes est\u00e3o dobrando"},"content":{"rendered":"<p style=\"text-align: justify;\">Diretores da OMS desejaram &#8216;firmeza&#8217; e &#8216;compet\u00eancia&#8217; para o novo ministro Marcelo Queiroga e alertaram que a mortalidade pela Covid-19 no pa\u00eds est\u00e1 acelerando.<\/p>\n<p style=\"text-align: justify;\">A Organiza\u00e7\u00e3o Mundial de Sa\u00fade (OMS) cobrou nesta segunda-feira (22) que a condu\u00e7\u00e3o da pandemia no Brasil esteja alinhada em todas as esferas de poder e alertou que as mortes pela Covid-19 dobraram no \u00faltimo m\u00eas. A entidade tamb\u00e9m comentou a mudan\u00e7a de cargo no Minist\u00e9rio da Sa\u00fade e desejou &#8220;firmeza&#8221; a Marcelo Queiroga, indicado que ainda n\u00e3o tomou posse.<\/p>\n<p style=\"text-align: justify;\">O diretor-geral da OMS, Tedros Adahon, alertou que a pandemia est\u00e1 acelerando no pa\u00eds. Ele deu como exemplo o per\u00edodo entre 15 de fevereiro e 15 de mar\u00e7o, quando as mortes semanais dobraram de cerca de 7 mil para 15 mil \u00f3bitos no Brasil.<\/p>\n<p style=\"text-align: justify;\">&#8220;O n\u00famero de casos aumenta, o n\u00famero de mortes aumenta. O Brasil tem de levar isso a s\u00e9rio, seja o governo, seja o povo&#8221;, advertiu o diretor-geral.<\/p>\n<p style=\"text-align: justify;\">&#8220;\u00c9 um esfor\u00e7o conjunto de todos os atores que realmente reverter\u00e1 essa tend\u00eancia de crescimento [das mortes], que est\u00e1 muito r\u00e1pida e se acelerando muito. Mas estamos preocupados, especialmente, com a taxa de mortalidade, que dobrou em apenas um m\u00eas&#8221;, afirmou Tedros.<\/p>\n<p style=\"text-align: justify;\">Ao novo ministro da Sa\u00fade, o m\u00e9dico Marcelo Queiroga \u2013 o quarto a assumir a pasta em apenas um ano \u2013, os diretores da OMS desejaram &#8220;firmeza&#8221; e &#8220;compet\u00eancia&#8221; e pediram coordena\u00e7\u00e3o na gest\u00e3o da pandemia no pa\u00eds.<\/p>\n<p style=\"text-align: justify;\">&#8220;Desejamos ao ministro Marcelo Queiroga muita compet\u00eancia e firmeza na condu\u00e7\u00e3o do enorme desafio que hoje tem o Brasil pela frente. Acho que a mensagem extremamente importante e que ele j\u00e1 se posicionou foi das pol\u00edticas de sa\u00fade serem baseadas em evid\u00eancias cient\u00edficas (&#8230;) e que sejam alinhadas nas tr\u00eas esferas de governo&#8221;, disse vice-diretora-geral da OMS, Mari\u00e2ngela Sim\u00e3o.<\/p>\n<p style=\"text-align: justify;\"><strong>&#8216;Levar a s\u00e9rio&#8217;<\/strong><br \/>\nEm todas a coletivas semanais realizadas neste m\u00eas de mar\u00e7o, a OMS alertou que o Brasil precisa levar a pandemia &#8220;a s\u00e9rio&#8221; para frear o aumento de casos e mortes pela Covid-19.<\/p>\n<p style=\"text-align: justify;\">&#8220;A situa\u00e7\u00e3o \u00e9 muito s\u00e9ria, muito preocupante. As medidas de sa\u00fade p\u00fablica que o Brasil deveria adotar deveriam ser agressivas \u2013 enquanto, ao mesmo tempo, distribui vacinas. (&#8230;) Se o Brasil n\u00e3o for s\u00e9rio, vai continuar a afetar toda a vizinhan\u00e7a l\u00e1 e al\u00e9m. N\u00e3o \u00e9 s\u00f3 sobre o Brasil&#8221;, disse Tedros em 5 de mar\u00e7o.<\/p>\n<p style=\"text-align: justify;\">No dia 12, Tedros voltou a demonstrar preocupa\u00e7\u00e3o com o pa\u00eds e afirmou que o aumento no n\u00famero de mortes &#8220;\u00e9 muito preocupante&#8221;.<\/p>\n<p style=\"text-align: justify;\">O diretor-geral destacou na ocasi\u00e3o que a popula\u00e7\u00e3o brasileira deve receber &#8220;mensagem claras das autoridades de sa\u00fade&#8221; sobre a situa\u00e7\u00e3o do pa\u00eds para saber como agir. &#8220;Come\u00e7ando pelo governo, todos os interlocutores devem agir de forma s\u00e9ria&#8221;, afirmou.<\/p>\n<p style=\"text-align: justify;\">Fonte: G1<\/p>\n","protected":false},"excerpt":{"rendered":"<p>Diretores da OMS desejaram &#8216;firmeza&#8217; e &#8216;compet\u00eancia&#8217; para o novo ministro Marcelo Queiroga e alertaram que a mortalidade pela Covid-19 no pa\u00eds est\u00e1 acelerando. A Organiza\u00e7\u00e3o Mundial de Sa\u00fade (OMS) cobrou nesta segunda-feira (22) que a condu\u00e7\u00e3o da pandemia no Brasil esteja alinhada em todas as esferas de poder e alertou que as mortes pela [&hellip;]<\/p>\n","protected":false},"author":1,"featured_media":58657,"comment_status":"open","ping_status":"open","sticky":false,"template":"","format":"standard","meta":{"ocean_post_layout":"","ocean_both_sidebars_style":"","ocean_both_sidebars_content_width":0,"ocean_both_sidebars_sidebars_width":0,"ocean_sidebar":"","ocean_second_sidebar":"","ocean_disable_margins":"enable","ocean_add_body_class":"","ocean_shortcode_before_top_bar":"","ocean_shortcode_after_top_bar":"","ocean_shortcode_before_header":"","ocean_shortcode_after_header":"","ocean_has_shortcode":"","ocean_shortcode_after_title":"","ocean_shortcode_before_footer_widgets":"","ocean_shortcode_after_footer_widgets":"","ocean_shortcode_before_footer_bottom":"","ocean_shortcode_after_footer_bottom":"","ocean_display_top_bar":"default","ocean_display_header":"default","ocean_header_style":"","ocean_center_header_left_menu":"","ocean_custom_header_template":"","ocean_custom_logo":0,"ocean_custom_retina_logo":0,"ocean_custom_logo_max_width":0,"ocean_custom_logo_tablet_max_width":0,"ocean_custom_logo_mobile_max_width":0,"ocean_custom_logo_max_height":0,"ocean_custom_logo_tablet_max_height":0,"ocean_custom_logo_mobile_max_height":0,"ocean_header_custom_menu":"","ocean_menu_typo_font_family":"","ocean_menu_typo_font_subset":"","ocean_menu_typo_font_size":0,"ocean_menu_typo_font_size_tablet":0,"ocean_menu_typo_font_size_mobile":0,"ocean_menu_typo_font_size_unit":"px","ocean_menu_typo_font_weight":"","ocean_menu_typo_font_weight_tablet":"","ocean_menu_typo_font_weight_mobile":"","ocean_menu_typo_transform":"","ocean_menu_typo_transform_tablet":"","ocean_menu_typo_transform_mobile":"","ocean_menu_typo_line_height":0,"ocean_menu_typo_line_height_tablet":0,"ocean_menu_typo_line_height_mobile":0,"ocean_menu_typo_line_height_unit":"","ocean_menu_typo_spacing":0,"ocean_menu_typo_spacing_tablet":0,"ocean_menu_typo_spacing_mobile":0,"ocean_menu_typo_spacing_unit":"","ocean_menu_link_color":"","ocean_menu_link_color_hover":"","ocean_menu_link_color_active":"","ocean_menu_link_background":"","ocean_menu_link_hover_background":"","ocean_menu_link_active_background":"","ocean_menu_social_links_bg":"","ocean_menu_social_hover_links_bg":"","ocean_menu_social_links_color":"","ocean_menu_social_hover_links_color":"","ocean_disable_title":"default","ocean_disable_heading":"default","ocean_post_title":"","ocean_post_subheading":"","ocean_post_title_style":"","ocean_post_title_background_color":"","ocean_post_title_background":0,"ocean_post_title_bg_image_position":"","ocean_post_title_bg_image_attachment":"","ocean_post_title_bg_image_repeat":"","ocean_post_title_bg_image_size":"","ocean_post_title_height":0,"ocean_post_title_bg_overlay":0.5,"ocean_post_title_bg_overlay_color":"","ocean_disable_breadcrumbs":"default","ocean_breadcrumbs_color":"","ocean_breadcrumbs_separator_color":"","ocean_breadcrumbs_links_color":"","ocean_breadcrumbs_links_hover_color":"","ocean_display_footer_widgets":"default","ocean_display_footer_bottom":"default","ocean_custom_footer_template":"","ocean_post_oembed":"","ocean_post_self_hosted_media":"","ocean_post_video_embed":"","ocean_link_format":"","ocean_link_format_target":"self","ocean_quote_format":"","ocean_quote_format_link":"post","ocean_gallery_link_images":"on","ocean_gallery_id":[]},"categories":[1],"tags":[],"acf":[],"_links":{"self":[{"href":"https:\/\/www.simepe.com.br\/novo\/wp-json\/wp\/v2\/posts\/58737"}],"collection":[{"href":"https:\/\/www.simepe.com.br\/novo\/wp-json\/wp\/v2\/posts"}],"about":[{"href":"https:\/\/www.simepe.com.br\/novo\/wp-json\/wp\/v2\/types\/post"}],"author":[{"embeddable":true,"href":"https:\/\/www.simepe.com.br\/novo\/wp-json\/wp\/v2\/users\/1"}],"replies":[{"embeddable":true,"href":"https:\/\/www.simepe.com.br\/novo\/wp-json\/wp\/v2\/comments?post=58737"}],"version-history":[{"count":1,"href":"https:\/\/www.simepe.com.br\/novo\/wp-json\/wp\/v2\/posts\/58737\/revisions"}],"predecessor-version":[{"id":58738,"href":"https:\/\/www.simepe.com.br\/novo\/wp-json\/wp\/v2\/posts\/58737\/revisions\/58738"}],"wp:featuredmedia":[{"embeddable":true,"href":"https:\/\/www.simepe.com.br\/novo\/wp-json\/wp\/v2\/media\/58657"}],"wp:attachment":[{"href":"https:\/\/www.simepe.com.br\/novo\/wp-json\/wp\/v2\/media?parent=58737"}],"wp:term":[{"taxonomy":"category","embeddable":true,"href":"https:\/\/www.simepe.com.br\/novo\/wp-json\/wp\/v2\/categories?post=58737"},{"taxonomy":"post_tag","embeddable":true,"href":"https:\/\/www.simepe.com.br\/novo\/wp-json\/wp\/v2\/tags?post=58737"}],"curies":[{"name":"wp","href":"https:\/\/api.w.org\/{rel}","templated":true}]}}