{"id":58744,"date":"2021-03-26T11:06:58","date_gmt":"2021-03-26T14:06:58","guid":{"rendered":"https:\/\/www.simepe.com.br\/novo\/?p=58744"},"modified":"2021-03-26T11:06:58","modified_gmt":"2021-03-26T14:06:58","slug":"pernambuco-recebe-mais-75-novos-respiradores","status":"publish","type":"post","link":"https:\/\/www.simepe.com.br\/novo\/pernambuco-recebe-mais-75-novos-respiradores\/","title":{"rendered":"Pernambuco recebe mais 75 novos respiradores"},"content":{"rendered":"<div class=\"field field-name-body field-type-text-with-summary field-label-hidden\">\n<div class=\"field-items\">\n<div class=\"field-item even\">\n<p>Durante a coletiva online, o secret\u00e1rio de sa\u00fade tamb\u00e9m informou que Pernambuco recebeu, na manh\u00e3 desta quinta-feira, 75 novos respiradores que vos pr\u00f3ximos dias.<br \/>\nA Secretaria de Sa\u00fade j\u00e1 tinha adquirido, neste m\u00eas de mar\u00e7o, outros 154 respiradores, totalizando 233 ventiladores pulmonares adquiridos neste ano. O Governo de Pernambuco ainda vai receber outros 200 equipamentos do tipo, com previs\u00e3o de entrega at\u00e9 o in\u00edcio de abril, em uma nova compra realizada nesta semana em um investimento de R$ 9,4 milh\u00f5es. Al\u00e9m dos respiradores, a rede de sa\u00fade tamb\u00e9m foi refor\u00e7ada nas \u00faltimas semanas com a aquisi\u00e7\u00e3o e recebimento de 150 monitores multiparam\u00e9tricos, que fazem o acompanhamento dos sinais vitais dos pacientes, e 113 camas hospitalares.<\/p>\n<p>Com estes investimentos, a rede p\u00fablica de sa\u00fade j\u00e1 conta com o maior volume de leitos dedicados \u00e0 Covid-19 desde o in\u00edcio da Pandemia. Nesta quinta-feira, a Central de Regula\u00e7\u00e3o Hospitalar totaliza 2.621 leitos para a assist\u00eancia aos pacientes com doen\u00e7a, sendo 1.452 de UTI e 1.169, entre vagas em unidades do Governo do Estado, de prefeituras, governo federal (Hospital das Cl\u00ednicas\/UFPE), al\u00e9m de hospitais filantr\u00f3picos e privados, conveniados ao SUS.\u00a0 Em 2020, o m\u00e1ximo de leitos dispon\u00edveis foi registrado em 20 de junho, quando havia 2.541 vagas, sendo 972 de UTI.<\/p>\n<p>Fonte: Secretaria Estadual de Sa\u00fade (SES)<\/p>\n<\/div>\n<\/div>\n<\/div>\n","protected":false},"excerpt":{"rendered":"<p>Durante a coletiva online, o secret\u00e1rio de sa\u00fade tamb\u00e9m informou que Pernambuco recebeu, na manh\u00e3 desta quinta-feira, 75 novos respiradores que vos pr\u00f3ximos dias. A Secretaria de Sa\u00fade j\u00e1 tinha adquirido, neste m\u00eas de mar\u00e7o, outros 154 respiradores, totalizando 233 ventiladores pulmonares adquiridos neste ano. O Governo de Pernambuco ainda vai receber outros 200 equipamentos [&hellip;]<\/p>\n","protected":false},"author":1,"featured_media":0,"comment_status":"open","ping_status":"open","sticky":false,"template":"","format":"standard","meta":{"ocean_post_layout":"","ocean_both_sidebars_style":"","ocean_both_sidebars_content_width":0,"ocean_both_sidebars_sidebars_width":0,"ocean_sidebar":"","ocean_second_sidebar":"","ocean_disable_margins":"enable","ocean_add_body_class":"","ocean_shortcode_before_top_bar":"","ocean_shortcode_after_top_bar":"","ocean_shortcode_before_header":"","ocean_shortcode_after_header":"","ocean_has_shortcode":"","ocean_shortcode_after_title":"","ocean_shortcode_before_footer_widgets":"","ocean_shortcode_after_footer_widgets":"","ocean_shortcode_before_footer_bottom":"","ocean_shortcode_after_footer_bottom":"","ocean_display_top_bar":"default","ocean_display_header":"default","ocean_header_style":"","ocean_center_header_left_menu":"","ocean_custom_header_template":"","ocean_custom_logo":0,"ocean_custom_retina_logo":0,"ocean_custom_logo_max_width":0,"ocean_custom_logo_tablet_max_width":0,"ocean_custom_logo_mobile_max_width":0,"ocean_custom_logo_max_height":0,"ocean_custom_logo_tablet_max_height":0,"ocean_custom_logo_mobile_max_height":0,"ocean_header_custom_menu":"","ocean_menu_typo_font_family":"","ocean_menu_typo_font_subset":"","ocean_menu_typo_font_size":0,"ocean_menu_typo_font_size_tablet":0,"ocean_menu_typo_font_size_mobile":0,"ocean_menu_typo_font_size_unit":"px","ocean_menu_typo_font_weight":"","ocean_menu_typo_font_weight_tablet":"","ocean_menu_typo_font_weight_mobile":"","ocean_menu_typo_transform":"","ocean_menu_typo_transform_tablet":"","ocean_menu_typo_transform_mobile":"","ocean_menu_typo_line_height":0,"ocean_menu_typo_line_height_tablet":0,"ocean_menu_typo_line_height_mobile":0,"ocean_menu_typo_line_height_unit":"","ocean_menu_typo_spacing":0,"ocean_menu_typo_spacing_tablet":0,"ocean_menu_typo_spacing_mobile":0,"ocean_menu_typo_spacing_unit":"","ocean_menu_link_color":"","ocean_menu_link_color_hover":"","ocean_menu_link_color_active":"","ocean_menu_link_background":"","ocean_menu_link_hover_background":"","ocean_menu_link_active_background":"","ocean_menu_social_links_bg":"","ocean_menu_social_hover_links_bg":"","ocean_menu_social_links_color":"","ocean_menu_social_hover_links_color":"","ocean_disable_title":"default","ocean_disable_heading":"default","ocean_post_title":"","ocean_post_subheading":"","ocean_post_title_style":"","ocean_post_title_background_color":"","ocean_post_title_background":0,"ocean_post_title_bg_image_position":"","ocean_post_title_bg_image_attachment":"","ocean_post_title_bg_image_repeat":"","ocean_post_title_bg_image_size":"","ocean_post_title_height":0,"ocean_post_title_bg_overlay":0.5,"ocean_post_title_bg_overlay_color":"","ocean_disable_breadcrumbs":"default","ocean_breadcrumbs_color":"","ocean_breadcrumbs_separator_color":"","ocean_breadcrumbs_links_color":"","ocean_breadcrumbs_links_hover_color":"","ocean_display_footer_widgets":"default","ocean_display_footer_bottom":"default","ocean_custom_footer_template":"","ocean_post_oembed":"","ocean_post_self_hosted_media":"","ocean_post_video_embed":"","ocean_link_format":"","ocean_link_format_target":"self","ocean_quote_format":"","ocean_quote_format_link":"post","ocean_gallery_link_images":"on","ocean_gallery_id":[]},"categories":[9],"tags":[1420,1490,82],"acf":[],"_links":{"self":[{"href":"https:\/\/www.simepe.com.br\/novo\/wp-json\/wp\/v2\/posts\/58744"}],"collection":[{"href":"https:\/\/www.simepe.com.br\/novo\/wp-json\/wp\/v2\/posts"}],"about":[{"href":"https:\/\/www.simepe.com.br\/novo\/wp-json\/wp\/v2\/types\/post"}],"author":[{"embeddable":true,"href":"https:\/\/www.simepe.com.br\/novo\/wp-json\/wp\/v2\/users\/1"}],"replies":[{"embeddable":true,"href":"https:\/\/www.simepe.com.br\/novo\/wp-json\/wp\/v2\/comments?post=58744"}],"version-history":[{"count":1,"href":"https:\/\/www.simepe.com.br\/novo\/wp-json\/wp\/v2\/posts\/58744\/revisions"}],"predecessor-version":[{"id":58745,"href":"https:\/\/www.simepe.com.br\/novo\/wp-json\/wp\/v2\/posts\/58744\/revisions\/58745"}],"wp:attachment":[{"href":"https:\/\/www.simepe.com.br\/novo\/wp-json\/wp\/v2\/media?parent=58744"}],"wp:term":[{"taxonomy":"category","embeddable":true,"href":"https:\/\/www.simepe.com.br\/novo\/wp-json\/wp\/v2\/categories?post=58744"},{"taxonomy":"post_tag","embeddable":true,"href":"https:\/\/www.simepe.com.br\/novo\/wp-json\/wp\/v2\/tags?post=58744"}],"curies":[{"name":"wp","href":"https:\/\/api.w.org\/{rel}","templated":true}]}}