{"id":58746,"date":"2021-03-26T11:41:22","date_gmt":"2021-03-26T14:41:22","guid":{"rendered":"https:\/\/www.simepe.com.br\/novo\/?p=58746"},"modified":"2021-03-26T11:41:22","modified_gmt":"2021-03-26T14:41:22","slug":"saude-observa-mudanca-no-perfil-de-internacoes","status":"publish","type":"post","link":"https:\/\/www.simepe.com.br\/novo\/saude-observa-mudanca-no-perfil-de-internacoes\/","title":{"rendered":"Sa\u00fade observa mudan\u00e7a no perfil de interna\u00e7\u00f5es"},"content":{"rendered":"<p>A rede p\u00fablica de sa\u00fade de Pernambuco tem observado uma mudan\u00e7a no perfil de interna\u00e7\u00f5es nos leitos de terapia intensiva. De acordo com os dados apresentados pelo secret\u00e1rio Andr\u00e9 Longo durante coletiva de imprensa online realizada pelo Governo de Pernambuco, o Estado registrou aumento de 97% nas interna\u00e7\u00f5es em leitos de UTI dedicados \u00e0 doen\u00e7a na rede p\u00fablica entre a primeira semana epidemiol\u00f3gica (SE) do ano (03 a 09\/01) e a semana passada (SE 11). A partir da an\u00e1lise dos dados, notou-se que h\u00e1 uma mudan\u00e7a no perfil de interna\u00e7\u00f5es nos leitos de terapia intensiva.<\/p>\n<p>Na an\u00e1lise dos dados, apenas a faixa et\u00e1ria acima dos 85 anos n\u00e3o registrou crescimento no n\u00famero de interna\u00e7\u00f5es. \u201cNos indicadores entre os idosos com mais de 85 anos, n\u00f3s j\u00e1 sentimos o efeito positivo da imuniza\u00e7\u00e3o, j\u00e1 que Pernambuco antecipou de forma pioneira e acertada o processo de imuniza\u00e7\u00e3o deste p\u00fablico\u201d, destacou Longo. Nesta faixa et\u00e1ria, entre janeiro e mar\u00e7o deste ano, foi registrada uma redu\u00e7\u00e3o de 22% nas interna\u00e7\u00f5es em leitos de UTI \u2013 foram 50 pacientes internados entre 03 e 09 de janeiro e 39 na semana passada.<\/p>\n<p>\u201cEm todas as outras faixas et\u00e1rias, estamos observando um aumento nas interna\u00e7\u00f5es em UTIs. Como n\u00e3o temos nenhum medicamento que trate a Covid-19, a mortalidade dos pacientes internados com suporte intensivo\u00a0 \u00e9 muito elevada. Isso refor\u00e7a que s\u00f3 \u00e9 poss\u00edvel interromper a acelera\u00e7\u00e3o da doen\u00e7a com a redu\u00e7\u00e3o na circula\u00e7\u00e3o de pessoas e, principalmente, com o refor\u00e7o no cuidado. A sua decis\u00e3o de ficar em casa, ou, se for inevit\u00e1vel sair, usar a m\u00e1scara, vai fazer a diferen\u00e7a para diminuir os n\u00edveis de contamina\u00e7\u00e3o, para reduzir as taxas de ocupa\u00e7\u00e3o de leitos e ser\u00e1 muito importante para salvar vidas\u201d, ressaltou Longo.<\/p>\n<p>Segundo o m\u00e9dico infectologista Dr. Demetrius Montenegro, os dados preocupam pelo aumento no n\u00famero de casos em pessoas jovens. &#8220;Um ano ap\u00f3s o in\u00edcio dessa luta, iniciada em mar\u00e7o de 2020, percebemos que estamos vivendo novamente uma grande onda com o acr\u00e9scimo no n\u00famero de casos em pessoas mais jovens, que est\u00e3o se expondo muito. Com isso, a consequ\u00eancia \u00e9 o que est\u00e1 acontecendo nas emerg\u00eancias e UTIs, com a possibilidade de piorar. Sem contar que n\u00f3s todos, profissionais da \u00e1rea da sa\u00fade, estamos muito cansados. Se voc\u00ea est\u00e1 cansado de ficar em casa, a gente est\u00e1 cansado de ver gente morrendo, \u00e9 muito doloroso, \u00e9 um sofrimento emocional grande. Essa epidemia existe, n\u00e3o fiquem cegos para esta doen\u00e7a\u201d, afirmou Montenegro.<\/p>\n<p>Os maiores aumentos no n\u00famero de interna\u00e7\u00f5es foram nos grupos entre 20 e 39; 40 a 59 e 60 a 69 anos \u2013 que apresentaram percentuais de aumento de 145%, 195% e 120%, respectivamente. Nos grupos et\u00e1rios de 20 a 59 anos, o n\u00famero de internamentos praticamente dobrou apenas nas \u00faltimas tr\u00eas semanas. Entre os adultos jovens (20 a 39 anos), foram registrados 50 casos na semana de 28\/02 a 06\/03 e 93 na SE 11 \u2013 aumento de 86%. J\u00e1 entre os adultos com idades entre 40 e 59 anos, o aumento no per\u00edodo foi de 80%, com 169 registros na SE 9 e 304 na semana passada.<\/p>\n<p>\u201cDecis\u00f5es de prote\u00e7\u00e3o \u00e9 que v\u00e3o fazer a diferen\u00e7a nas taxas de ocupa\u00e7\u00e3o hospitalar e podem fazer a diferen\u00e7a para salvar vidas. O v\u00edrus mata. E, se voc\u00ea negar este perigo e descumprir as normas da quarentena, a voc\u00ea poder\u00e1 ser negado, mais a frente, uma vaga de UTI. Essa nega\u00e7\u00e3o da realidade e da gravidade tamb\u00e9m poder\u00e1 causar a morte de um familiar, de um amigo, ou de algu\u00e9m que voc\u00ea ama. O \u00fanico compromisso inadi\u00e1vel e urgente \u00e9 com a vida\u201d, disse o secret\u00e1rio.<\/p>\n<p>Fonte: Secretaria Estadual de Sa\u00fade (SES)<\/p>\n","protected":false},"excerpt":{"rendered":"<p>A rede p\u00fablica de sa\u00fade de Pernambuco tem observado uma mudan\u00e7a no perfil de interna\u00e7\u00f5es nos leitos de terapia intensiva. De acordo com os dados apresentados pelo secret\u00e1rio Andr\u00e9 Longo durante coletiva de imprensa online realizada pelo Governo de Pernambuco, o Estado registrou aumento de 97% nas interna\u00e7\u00f5es em leitos de UTI dedicados \u00e0 doen\u00e7a [&hellip;]<\/p>\n","protected":false},"author":1,"featured_media":0,"comment_status":"open","ping_status":"open","sticky":false,"template":"","format":"standard","meta":{"ocean_post_layout":"","ocean_both_sidebars_style":"","ocean_both_sidebars_content_width":0,"ocean_both_sidebars_sidebars_width":0,"ocean_sidebar":"","ocean_second_sidebar":"","ocean_disable_margins":"enable","ocean_add_body_class":"","ocean_shortcode_before_top_bar":"","ocean_shortcode_after_top_bar":"","ocean_shortcode_before_header":"","ocean_shortcode_after_header":"","ocean_has_shortcode":"","ocean_shortcode_after_title":"","ocean_shortcode_before_footer_widgets":"","ocean_shortcode_after_footer_widgets":"","ocean_shortcode_before_footer_bottom":"","ocean_shortcode_after_footer_bottom":"","ocean_display_top_bar":"default","ocean_display_header":"default","ocean_header_style":"","ocean_center_header_left_menu":"","ocean_custom_header_template":"","ocean_custom_logo":0,"ocean_custom_retina_logo":0,"ocean_custom_logo_max_width":0,"ocean_custom_logo_tablet_max_width":0,"ocean_custom_logo_mobile_max_width":0,"ocean_custom_logo_max_height":0,"ocean_custom_logo_tablet_max_height":0,"ocean_custom_logo_mobile_max_height":0,"ocean_header_custom_menu":"","ocean_menu_typo_font_family":"","ocean_menu_typo_font_subset":"","ocean_menu_typo_font_size":0,"ocean_menu_typo_font_size_tablet":0,"ocean_menu_typo_font_size_mobile":0,"ocean_menu_typo_font_size_unit":"px","ocean_menu_typo_font_weight":"","ocean_menu_typo_font_weight_tablet":"","ocean_menu_typo_font_weight_mobile":"","ocean_menu_typo_transform":"","ocean_menu_typo_transform_tablet":"","ocean_menu_typo_transform_mobile":"","ocean_menu_typo_line_height":0,"ocean_menu_typo_line_height_tablet":0,"ocean_menu_typo_line_height_mobile":0,"ocean_menu_typo_line_height_unit":"","ocean_menu_typo_spacing":0,"ocean_menu_typo_spacing_tablet":0,"ocean_menu_typo_spacing_mobile":0,"ocean_menu_typo_spacing_unit":"","ocean_menu_link_color":"","ocean_menu_link_color_hover":"","ocean_menu_link_color_active":"","ocean_menu_link_background":"","ocean_menu_link_hover_background":"","ocean_menu_link_active_background":"","ocean_menu_social_links_bg":"","ocean_menu_social_hover_links_bg":"","ocean_menu_social_links_color":"","ocean_menu_social_hover_links_color":"","ocean_disable_title":"default","ocean_disable_heading":"default","ocean_post_title":"","ocean_post_subheading":"","ocean_post_title_style":"","ocean_post_title_background_color":"","ocean_post_title_background":0,"ocean_post_title_bg_image_position":"","ocean_post_title_bg_image_attachment":"","ocean_post_title_bg_image_repeat":"","ocean_post_title_bg_image_size":"","ocean_post_title_height":0,"ocean_post_title_bg_overlay":0.5,"ocean_post_title_bg_overlay_color":"","ocean_disable_breadcrumbs":"default","ocean_breadcrumbs_color":"","ocean_breadcrumbs_separator_color":"","ocean_breadcrumbs_links_color":"","ocean_breadcrumbs_links_hover_color":"","ocean_display_footer_widgets":"default","ocean_display_footer_bottom":"default","ocean_custom_footer_template":"","ocean_post_oembed":"","ocean_post_self_hosted_media":"","ocean_post_video_embed":"","ocean_link_format":"","ocean_link_format_target":"self","ocean_quote_format":"","ocean_quote_format_link":"post","ocean_gallery_link_images":"on","ocean_gallery_id":[]},"categories":[9],"tags":[1420,1490,82],"acf":[],"_links":{"self":[{"href":"https:\/\/www.simepe.com.br\/novo\/wp-json\/wp\/v2\/posts\/58746"}],"collection":[{"href":"https:\/\/www.simepe.com.br\/novo\/wp-json\/wp\/v2\/posts"}],"about":[{"href":"https:\/\/www.simepe.com.br\/novo\/wp-json\/wp\/v2\/types\/post"}],"author":[{"embeddable":true,"href":"https:\/\/www.simepe.com.br\/novo\/wp-json\/wp\/v2\/users\/1"}],"replies":[{"embeddable":true,"href":"https:\/\/www.simepe.com.br\/novo\/wp-json\/wp\/v2\/comments?post=58746"}],"version-history":[{"count":1,"href":"https:\/\/www.simepe.com.br\/novo\/wp-json\/wp\/v2\/posts\/58746\/revisions"}],"predecessor-version":[{"id":58747,"href":"https:\/\/www.simepe.com.br\/novo\/wp-json\/wp\/v2\/posts\/58746\/revisions\/58747"}],"wp:attachment":[{"href":"https:\/\/www.simepe.com.br\/novo\/wp-json\/wp\/v2\/media?parent=58746"}],"wp:term":[{"taxonomy":"category","embeddable":true,"href":"https:\/\/www.simepe.com.br\/novo\/wp-json\/wp\/v2\/categories?post=58746"},{"taxonomy":"post_tag","embeddable":true,"href":"https:\/\/www.simepe.com.br\/novo\/wp-json\/wp\/v2\/tags?post=58746"}],"curies":[{"name":"wp","href":"https:\/\/api.w.org\/{rel}","templated":true}]}}