{"id":58748,"date":"2021-03-26T11:44:51","date_gmt":"2021-03-26T14:44:51","guid":{"rendered":"https:\/\/www.simepe.com.br\/novo\/?p=58748"},"modified":"2021-03-26T11:44:51","modified_gmt":"2021-03-26T14:44:51","slug":"ministro-da-saude-reforca-apoio-no-enfrentando-a-pandemia-em-sp-e-rj","status":"publish","type":"post","link":"https:\/\/www.simepe.com.br\/novo\/ministro-da-saude-reforca-apoio-no-enfrentando-a-pandemia-em-sp-e-rj\/","title":{"rendered":"Ministro da Sa\u00fade refor\u00e7a apoio no enfrentando \u00e0 pandemia em SP e RJ"},"content":{"rendered":"<div class=\"documentDescription\"><em>Marcelo Queiroga visitou hospitais, tratou do enfrentamento \u00e0 covid-19 e se reuniu com representantes dos sindicatos da sa\u00fade.<\/em><\/div>\n<div class=\"documentDescription\"><\/div>\n<div class=\"documentDescription\">\n<p>O ministro da Sa\u00fade, Marcelo Queiroga, esteve em S\u00e3o Paulo nesta quinta-feira (25\/3), visitando o Instituto Central do Hospital das Cl\u00ednicas e a Universidade de S\u00e3o Paulo (USP). Durante reuni\u00e3o com a Congrega\u00e7\u00e3o da Faculdade de Medicina na USP, o ministro destacou a capacidade de vacina\u00e7\u00e3o no Sistema \u00danico de Sa\u00fade (SUS).<\/p>\n<p>\u201cN\u00f3s temos uma esperan\u00e7a, que \u00e9 a vacina. O Brasil, pelo sistema p\u00fablico de sa\u00fade, \u00e9 reconhecido mundialmente como um pa\u00eds que tem grande expertise em campanhas de vacina\u00e7\u00e3o bem-sucedidas\u201d, disse Queiroga.<\/p>\n<p>No Rio de Janeiro, o ministro da Sa\u00fade se reuniu com o ministro da Educa\u00e7\u00e3o, Milton Ribeiro, o superintendente do Minist\u00e9rio da Sa\u00fade do estado do Rio de Janeiro, George Diverio, e com o secret\u00e1rio do estado da Sa\u00fade, Carlos Alberto Chaves, no intuito de adotar a\u00e7\u00f5es para sanar as dificuldades que o estado vem enfrentando com a pandemia.<\/p>\n<p>Na reuni\u00e3o, o ministro Marcelo Queiroga se colocou \u00e0 disposi\u00e7\u00e3o para ajudar o estado contra a covid-19. \u201cTemos que buscar as solu\u00e7\u00f5es que a popula\u00e7\u00e3o do estado do Rio de Janeiro precisa: vacinas, leitos de UTI e uma equipe empenhada em salvar vidas. Esse \u00e9 o desafio e \u00e9 o compromisso que o Minist\u00e9rio da Sa\u00fade tem\u201d, destacou o ministro.<\/p>\n<p>Queiroga ressaltou ainda que criar\u00e1 a Secret\u00e1ria Especial da Covid-19, com o objetivo de concentrar todas as quest\u00f5es relacionadas \u00e0 pandemia, assim o minist\u00e9rio ter\u00e1 mais vaz\u00e3o para dar andamento aos outros trabalhos relacionados \u00e0 sa\u00fade p\u00fablica do pa\u00eds.<\/p>\n<p>Ele aproveitou ainda para fazer um pedido \u00e0s autoridades para que orientem sobre a import\u00e2ncia das medidas de preven\u00e7\u00e3o \u00e0 popula\u00e7\u00e3o, destacando a necessidade da utiliza\u00e7\u00e3o da m\u00e1scara, higieniza\u00e7\u00e3o das m\u00e3os e evitar aglomera\u00e7\u00f5es.<\/p>\n<p>Ap\u00f3s a conversa com os representantes da sa\u00fade do estado do Rio de Janeiro, o ministro se reuniu com representantes de sindicatos da sa\u00fade. No encontro, Queiroga afastou a ideia de estadualiza\u00e7\u00e3o dos servi\u00e7os federais de sa\u00fade no estado e refor\u00e7ou a necessidade de uni\u00e3o de todas as categorias em prol da vacina\u00e7\u00e3o.<\/p>\n<p>Fonte: Minist\u00e9rio da Sa\u00fade<\/p>\n<\/div>\n","protected":false},"excerpt":{"rendered":"<p>Marcelo Queiroga visitou hospitais, tratou do enfrentamento \u00e0 covid-19 e se reuniu com representantes dos sindicatos da sa\u00fade. O ministro da Sa\u00fade, Marcelo Queiroga, esteve em S\u00e3o Paulo nesta quinta-feira (25\/3), visitando o Instituto Central do Hospital das Cl\u00ednicas e a Universidade de S\u00e3o Paulo (USP). Durante reuni\u00e3o com a Congrega\u00e7\u00e3o da Faculdade de Medicina [&hellip;]<\/p>\n","protected":false},"author":1,"featured_media":0,"comment_status":"open","ping_status":"open","sticky":false,"template":"","format":"standard","meta":{"ocean_post_layout":"","ocean_both_sidebars_style":"","ocean_both_sidebars_content_width":0,"ocean_both_sidebars_sidebars_width":0,"ocean_sidebar":"","ocean_second_sidebar":"","ocean_disable_margins":"enable","ocean_add_body_class":"","ocean_shortcode_before_top_bar":"","ocean_shortcode_after_top_bar":"","ocean_shortcode_before_header":"","ocean_shortcode_after_header":"","ocean_has_shortcode":"","ocean_shortcode_after_title":"","ocean_shortcode_before_footer_widgets":"","ocean_shortcode_after_footer_widgets":"","ocean_shortcode_before_footer_bottom":"","ocean_shortcode_after_footer_bottom":"","ocean_display_top_bar":"default","ocean_display_header":"default","ocean_header_style":"","ocean_center_header_left_menu":"","ocean_custom_header_template":"","ocean_custom_logo":0,"ocean_custom_retina_logo":0,"ocean_custom_logo_max_width":0,"ocean_custom_logo_tablet_max_width":0,"ocean_custom_logo_mobile_max_width":0,"ocean_custom_logo_max_height":0,"ocean_custom_logo_tablet_max_height":0,"ocean_custom_logo_mobile_max_height":0,"ocean_header_custom_menu":"","ocean_menu_typo_font_family":"","ocean_menu_typo_font_subset":"","ocean_menu_typo_font_size":0,"ocean_menu_typo_font_size_tablet":0,"ocean_menu_typo_font_size_mobile":0,"ocean_menu_typo_font_size_unit":"px","ocean_menu_typo_font_weight":"","ocean_menu_typo_font_weight_tablet":"","ocean_menu_typo_font_weight_mobile":"","ocean_menu_typo_transform":"","ocean_menu_typo_transform_tablet":"","ocean_menu_typo_transform_mobile":"","ocean_menu_typo_line_height":0,"ocean_menu_typo_line_height_tablet":0,"ocean_menu_typo_line_height_mobile":0,"ocean_menu_typo_line_height_unit":"","ocean_menu_typo_spacing":0,"ocean_menu_typo_spacing_tablet":0,"ocean_menu_typo_spacing_mobile":0,"ocean_menu_typo_spacing_unit":"","ocean_menu_link_color":"","ocean_menu_link_color_hover":"","ocean_menu_link_color_active":"","ocean_menu_link_background":"","ocean_menu_link_hover_background":"","ocean_menu_link_active_background":"","ocean_menu_social_links_bg":"","ocean_menu_social_hover_links_bg":"","ocean_menu_social_links_color":"","ocean_menu_social_hover_links_color":"","ocean_disable_title":"default","ocean_disable_heading":"default","ocean_post_title":"","ocean_post_subheading":"","ocean_post_title_style":"","ocean_post_title_background_color":"","ocean_post_title_background":0,"ocean_post_title_bg_image_position":"","ocean_post_title_bg_image_attachment":"","ocean_post_title_bg_image_repeat":"","ocean_post_title_bg_image_size":"","ocean_post_title_height":0,"ocean_post_title_bg_overlay":0.5,"ocean_post_title_bg_overlay_color":"","ocean_disable_breadcrumbs":"default","ocean_breadcrumbs_color":"","ocean_breadcrumbs_separator_color":"","ocean_breadcrumbs_links_color":"","ocean_breadcrumbs_links_hover_color":"","ocean_display_footer_widgets":"default","ocean_display_footer_bottom":"default","ocean_custom_footer_template":"","ocean_post_oembed":"","ocean_post_self_hosted_media":"","ocean_post_video_embed":"","ocean_link_format":"","ocean_link_format_target":"self","ocean_quote_format":"","ocean_quote_format_link":"post","ocean_gallery_link_images":"on","ocean_gallery_id":[]},"categories":[9],"tags":[1420,1490,82],"acf":[],"_links":{"self":[{"href":"https:\/\/www.simepe.com.br\/novo\/wp-json\/wp\/v2\/posts\/58748"}],"collection":[{"href":"https:\/\/www.simepe.com.br\/novo\/wp-json\/wp\/v2\/posts"}],"about":[{"href":"https:\/\/www.simepe.com.br\/novo\/wp-json\/wp\/v2\/types\/post"}],"author":[{"embeddable":true,"href":"https:\/\/www.simepe.com.br\/novo\/wp-json\/wp\/v2\/users\/1"}],"replies":[{"embeddable":true,"href":"https:\/\/www.simepe.com.br\/novo\/wp-json\/wp\/v2\/comments?post=58748"}],"version-history":[{"count":1,"href":"https:\/\/www.simepe.com.br\/novo\/wp-json\/wp\/v2\/posts\/58748\/revisions"}],"predecessor-version":[{"id":58749,"href":"https:\/\/www.simepe.com.br\/novo\/wp-json\/wp\/v2\/posts\/58748\/revisions\/58749"}],"wp:attachment":[{"href":"https:\/\/www.simepe.com.br\/novo\/wp-json\/wp\/v2\/media?parent=58748"}],"wp:term":[{"taxonomy":"category","embeddable":true,"href":"https:\/\/www.simepe.com.br\/novo\/wp-json\/wp\/v2\/categories?post=58748"},{"taxonomy":"post_tag","embeddable":true,"href":"https:\/\/www.simepe.com.br\/novo\/wp-json\/wp\/v2\/tags?post=58748"}],"curies":[{"name":"wp","href":"https:\/\/api.w.org\/{rel}","templated":true}]}}