{"id":58752,"date":"2021-03-26T11:50:14","date_gmt":"2021-03-26T14:50:14","guid":{"rendered":"https:\/\/www.simepe.com.br\/novo\/?p=58752"},"modified":"2021-03-26T11:50:14","modified_gmt":"2021-03-26T14:50:14","slug":"saiba-como-serao-os-horarios-e-capacidades-de-cada-atividade-a-partir-de-1o-de-abril","status":"publish","type":"post","link":"https:\/\/www.simepe.com.br\/novo\/saiba-como-serao-os-horarios-e-capacidades-de-cada-atividade-a-partir-de-1o-de-abril\/","title":{"rendered":"Saiba como ser\u00e3o os hor\u00e1rios e capacidades de cada atividade a partir de 1\u00ba de abril"},"content":{"rendered":"<p>O Governo de Pernambuco anunciou a extens\u00e3o da quarentena no estado at\u00e9 o dia 31 de mar\u00e7o. A partir de 1\u00ba de abril, as atividades econ\u00f4micas poder\u00e3o retomar o funcionamento, por\u00e9m seguindo hor\u00e1rios mais restritos. As medidas ser\u00e3o v\u00e1lidas at\u00e9 o dia 25, segundo anunciou o governador Paulo C\u00e2mara. Confira como vai ser o funcionamento de cada atividade em Pernambuco, segundo o governo do estado:<\/p>\n<p><strong>Academias e similares<\/strong><\/p>\n<div>Poder\u00e3o reabrir das 5h \u00e0s 20h durante a semana e das 5h \u00e0s 17h nos fins de semana e feriados. Capacidade: 30%<\/p>\n<\/div>\n<div><strong>Servi\u00e7os de alimenta\u00e7\u00e3o lanchonetes, Bares e restaurantes<\/strong><\/div>\n<div>Poder\u00e3o reabrir das 5h \u00e0s 20h durante a semana e das 9h \u00e0s 17h nos fins de semana e feriados. Capacidade: 50%.<br \/>\nObs: Delivery, drive thru e pontos de coleta s\u00e3o permitidos ap\u00f3s \u00e0s 20h durante a semana e ap\u00f3s as 17h nos finais de semana<\/p>\n<\/div>\n<div><strong>Com\u00e9rcio varejista &#8211; centro e bairros<\/strong><\/div>\n<div>Poder\u00e3o reabrir das 10h \u00e0s 20h durante a semana e das 9h \u00e0s 17h nos fins de semana e feriados<\/div>\n<div>Obs. 1 cliente a cada 5 metros quadrados (interior da loja)<\/p>\n<\/div>\n<div><strong>Escrit\u00f3rios comerciais e presta\u00e7\u00e3o de servi\u00e7os<\/strong><\/div>\n<div>Poder\u00e3o reabrir das 10h \u00e0s 20h durante a semana e das 9h \u00e0s 17h nos fins de semana e feriados. Capacidade: 50%<\/div>\n<div>Obs. Distanciamento de 1,5 metros entre as esta\u00e7\u00f5es de trabalho<\/p>\n<\/div>\n<div><strong>Shoppings centers e galerias comerciais<\/strong><\/div>\n<div>Poder\u00e3o reabrir das 10h \u00e0s 20h durante a semana e das 9h \u00e0s 17h nos fins de semana e feriados.<\/div>\n<div>Obs. 1 cliente a cada 10 metros quadrados (circula\u00e7\u00e3o) e 1 cliente a cada 5 metros quadrados (interior da loja)<\/p>\n<\/div>\n<div><strong>Escolas e universidades p\u00fablicas e privadas<\/strong><\/div>\n<div>Poder\u00e3o reabrir das 6h \u00e0s 22h durante a semana. Capacidade: 50%.<\/div>\n<div>Obs. Vale para Ensino Superior, M\u00e9dio, Fundamental I e II e Infantil<\/p>\n<\/div>\n<div><strong>Igrejas e Atividades Religiosas<\/strong><\/div>\n<div>Poder\u00e3o reabrir das 5h \u00e0s 20h durante a semana e das 5h \u00e0s 17h nos fins de semana e feriados. Capacidade: 30% ou com o limite m\u00e1ximo de 100 pessoas.<\/div>\n<div><\/div>\n<div>Fonte: Diario de Pernambuco<\/div>\n","protected":false},"excerpt":{"rendered":"<p>O Governo de Pernambuco anunciou a extens\u00e3o da quarentena no estado at\u00e9 o dia 31 de mar\u00e7o. A partir de 1\u00ba de abril, as atividades econ\u00f4micas poder\u00e3o retomar o funcionamento, por\u00e9m seguindo hor\u00e1rios mais restritos. As medidas ser\u00e3o v\u00e1lidas at\u00e9 o dia 25, segundo anunciou o governador Paulo C\u00e2mara. Confira como vai ser o funcionamento [&hellip;]<\/p>\n","protected":false},"author":1,"featured_media":0,"comment_status":"open","ping_status":"open","sticky":false,"template":"","format":"standard","meta":{"ocean_post_layout":"","ocean_both_sidebars_style":"","ocean_both_sidebars_content_width":0,"ocean_both_sidebars_sidebars_width":0,"ocean_sidebar":"","ocean_second_sidebar":"","ocean_disable_margins":"enable","ocean_add_body_class":"","ocean_shortcode_before_top_bar":"","ocean_shortcode_after_top_bar":"","ocean_shortcode_before_header":"","ocean_shortcode_after_header":"","ocean_has_shortcode":"","ocean_shortcode_after_title":"","ocean_shortcode_before_footer_widgets":"","ocean_shortcode_after_footer_widgets":"","ocean_shortcode_before_footer_bottom":"","ocean_shortcode_after_footer_bottom":"","ocean_display_top_bar":"default","ocean_display_header":"default","ocean_header_style":"","ocean_center_header_left_menu":"","ocean_custom_header_template":"","ocean_custom_logo":0,"ocean_custom_retina_logo":0,"ocean_custom_logo_max_width":0,"ocean_custom_logo_tablet_max_width":0,"ocean_custom_logo_mobile_max_width":0,"ocean_custom_logo_max_height":0,"ocean_custom_logo_tablet_max_height":0,"ocean_custom_logo_mobile_max_height":0,"ocean_header_custom_menu":"","ocean_menu_typo_font_family":"","ocean_menu_typo_font_subset":"","ocean_menu_typo_font_size":0,"ocean_menu_typo_font_size_tablet":0,"ocean_menu_typo_font_size_mobile":0,"ocean_menu_typo_font_size_unit":"px","ocean_menu_typo_font_weight":"","ocean_menu_typo_font_weight_tablet":"","ocean_menu_typo_font_weight_mobile":"","ocean_menu_typo_transform":"","ocean_menu_typo_transform_tablet":"","ocean_menu_typo_transform_mobile":"","ocean_menu_typo_line_height":0,"ocean_menu_typo_line_height_tablet":0,"ocean_menu_typo_line_height_mobile":0,"ocean_menu_typo_line_height_unit":"","ocean_menu_typo_spacing":0,"ocean_menu_typo_spacing_tablet":0,"ocean_menu_typo_spacing_mobile":0,"ocean_menu_typo_spacing_unit":"","ocean_menu_link_color":"","ocean_menu_link_color_hover":"","ocean_menu_link_color_active":"","ocean_menu_link_background":"","ocean_menu_link_hover_background":"","ocean_menu_link_active_background":"","ocean_menu_social_links_bg":"","ocean_menu_social_hover_links_bg":"","ocean_menu_social_links_color":"","ocean_menu_social_hover_links_color":"","ocean_disable_title":"default","ocean_disable_heading":"default","ocean_post_title":"","ocean_post_subheading":"","ocean_post_title_style":"","ocean_post_title_background_color":"","ocean_post_title_background":0,"ocean_post_title_bg_image_position":"","ocean_post_title_bg_image_attachment":"","ocean_post_title_bg_image_repeat":"","ocean_post_title_bg_image_size":"","ocean_post_title_height":0,"ocean_post_title_bg_overlay":0.5,"ocean_post_title_bg_overlay_color":"","ocean_disable_breadcrumbs":"default","ocean_breadcrumbs_color":"","ocean_breadcrumbs_separator_color":"","ocean_breadcrumbs_links_color":"","ocean_breadcrumbs_links_hover_color":"","ocean_display_footer_widgets":"default","ocean_display_footer_bottom":"default","ocean_custom_footer_template":"","ocean_post_oembed":"","ocean_post_self_hosted_media":"","ocean_post_video_embed":"","ocean_link_format":"","ocean_link_format_target":"self","ocean_quote_format":"","ocean_quote_format_link":"post","ocean_gallery_link_images":"on","ocean_gallery_id":[]},"categories":[9],"tags":[1420,1490,82],"acf":[],"_links":{"self":[{"href":"https:\/\/www.simepe.com.br\/novo\/wp-json\/wp\/v2\/posts\/58752"}],"collection":[{"href":"https:\/\/www.simepe.com.br\/novo\/wp-json\/wp\/v2\/posts"}],"about":[{"href":"https:\/\/www.simepe.com.br\/novo\/wp-json\/wp\/v2\/types\/post"}],"author":[{"embeddable":true,"href":"https:\/\/www.simepe.com.br\/novo\/wp-json\/wp\/v2\/users\/1"}],"replies":[{"embeddable":true,"href":"https:\/\/www.simepe.com.br\/novo\/wp-json\/wp\/v2\/comments?post=58752"}],"version-history":[{"count":1,"href":"https:\/\/www.simepe.com.br\/novo\/wp-json\/wp\/v2\/posts\/58752\/revisions"}],"predecessor-version":[{"id":58753,"href":"https:\/\/www.simepe.com.br\/novo\/wp-json\/wp\/v2\/posts\/58752\/revisions\/58753"}],"wp:attachment":[{"href":"https:\/\/www.simepe.com.br\/novo\/wp-json\/wp\/v2\/media?parent=58752"}],"wp:term":[{"taxonomy":"category","embeddable":true,"href":"https:\/\/www.simepe.com.br\/novo\/wp-json\/wp\/v2\/categories?post=58752"},{"taxonomy":"post_tag","embeddable":true,"href":"https:\/\/www.simepe.com.br\/novo\/wp-json\/wp\/v2\/tags?post=58752"}],"curies":[{"name":"wp","href":"https:\/\/api.w.org\/{rel}","templated":true}]}}