{"id":58754,"date":"2021-03-26T11:51:56","date_gmt":"2021-03-26T14:51:56","guid":{"rendered":"https:\/\/www.simepe.com.br\/novo\/?p=58754"},"modified":"2021-03-26T11:51:56","modified_gmt":"2021-03-26T14:51:56","slug":"igarassu-inicia-vacinacao-em-idosos-a-partir-de-65-anos","status":"publish","type":"post","link":"https:\/\/www.simepe.com.br\/novo\/igarassu-inicia-vacinacao-em-idosos-a-partir-de-65-anos\/","title":{"rendered":"Igarassu inicia vacina\u00e7\u00e3o em idosos a partir de 65 anos"},"content":{"rendered":"<p>Nesta sexta-feira (26), a cidade de Igarassu, na Regi\u00e3o Metropolitana do Recife, iniciar\u00e1 a vacina\u00e7\u00e3o contra Covid-19 para idosos de 65 a 69 anos.\u00a0De acordo com a prefeitura, o munic\u00edpio tem previs\u00e3o de vacinar mais de duas mil pessoas nessa faixa et\u00e1ria. Com o poss\u00edvel aumento de idosos que aguardam a imuniza\u00e7\u00e3o, a Secretaria Municipal de Sa\u00fade tamb\u00e9m informou que ampliou o n\u00famero de polos de vacina\u00e7\u00e3o, de quatro para seis pontos.<\/p>\n<p>Ainda segundo a gest\u00e3o municipal, o hor\u00e1rio de atendimento tamb\u00e9m ser\u00e1 ampliado das\u00a0das 8h \u00e0s 14h\u00a0de segunda a sexta-feira. O idoso dever\u00e1 apresentar documento de identifica\u00e7\u00e3o com foto, cart\u00e3o do SUS e comprovante de resid\u00eancia. Vale ressaltar que os moradores com idade entre 65 a 79 anos que ainda n\u00e3o tomaram a vacina podem procurar os pontos de vacina\u00e7\u00e3o com os documentos necess\u00e1rios.<\/p>\n<p>Para os idosos acamados, a Secretaria de Sa\u00fade informou que um familiar deve procurar\u00a0a unidade de sa\u00fade mais pr\u00f3xima para agendar a vacina\u00e7\u00e3o.<\/p>\n<p><strong>PONTOS DE VACINA\u00c7\u00c3O<\/strong><\/p>\n<p>&#8211; Escola Municipal Cec\u00edlia Maria de Vaz,\u00a0localizada no Loteamento\u00a0 Agamenon<\/p>\n<p>&#8211; Escola Municipal Antonio de P\u00e1dua, no loteamento Santo Antonio<\/p>\n<p>&#8211;\u00a0\u00a0Gin\u00e1sio Jota Raposo<\/p>\n<div>\u00a0-Centro de Artes, Creche Tia Emocy Krause<\/div>\n<div>\u00a0&#8211; Escola Dalila de Melo Fonseca.<\/div>\n<div><\/div>\n<div>Fonte: Diario de Pernambuco<\/div>\n","protected":false},"excerpt":{"rendered":"<p>Nesta sexta-feira (26), a cidade de Igarassu, na Regi\u00e3o Metropolitana do Recife, iniciar\u00e1 a vacina\u00e7\u00e3o contra Covid-19 para idosos de 65 a 69 anos.\u00a0De acordo com a prefeitura, o munic\u00edpio tem previs\u00e3o de vacinar mais de duas mil pessoas nessa faixa et\u00e1ria. Com o poss\u00edvel aumento de idosos que aguardam a imuniza\u00e7\u00e3o, a Secretaria Municipal [&hellip;]<\/p>\n","protected":false},"author":1,"featured_media":0,"comment_status":"open","ping_status":"open","sticky":false,"template":"","format":"standard","meta":{"ocean_post_layout":"","ocean_both_sidebars_style":"","ocean_both_sidebars_content_width":0,"ocean_both_sidebars_sidebars_width":0,"ocean_sidebar":"","ocean_second_sidebar":"","ocean_disable_margins":"enable","ocean_add_body_class":"","ocean_shortcode_before_top_bar":"","ocean_shortcode_after_top_bar":"","ocean_shortcode_before_header":"","ocean_shortcode_after_header":"","ocean_has_shortcode":"","ocean_shortcode_after_title":"","ocean_shortcode_before_footer_widgets":"","ocean_shortcode_after_footer_widgets":"","ocean_shortcode_before_footer_bottom":"","ocean_shortcode_after_footer_bottom":"","ocean_display_top_bar":"default","ocean_display_header":"default","ocean_header_style":"","ocean_center_header_left_menu":"","ocean_custom_header_template":"","ocean_custom_logo":0,"ocean_custom_retina_logo":0,"ocean_custom_logo_max_width":0,"ocean_custom_logo_tablet_max_width":0,"ocean_custom_logo_mobile_max_width":0,"ocean_custom_logo_max_height":0,"ocean_custom_logo_tablet_max_height":0,"ocean_custom_logo_mobile_max_height":0,"ocean_header_custom_menu":"","ocean_menu_typo_font_family":"","ocean_menu_typo_font_subset":"","ocean_menu_typo_font_size":0,"ocean_menu_typo_font_size_tablet":0,"ocean_menu_typo_font_size_mobile":0,"ocean_menu_typo_font_size_unit":"px","ocean_menu_typo_font_weight":"","ocean_menu_typo_font_weight_tablet":"","ocean_menu_typo_font_weight_mobile":"","ocean_menu_typo_transform":"","ocean_menu_typo_transform_tablet":"","ocean_menu_typo_transform_mobile":"","ocean_menu_typo_line_height":0,"ocean_menu_typo_line_height_tablet":0,"ocean_menu_typo_line_height_mobile":0,"ocean_menu_typo_line_height_unit":"","ocean_menu_typo_spacing":0,"ocean_menu_typo_spacing_tablet":0,"ocean_menu_typo_spacing_mobile":0,"ocean_menu_typo_spacing_unit":"","ocean_menu_link_color":"","ocean_menu_link_color_hover":"","ocean_menu_link_color_active":"","ocean_menu_link_background":"","ocean_menu_link_hover_background":"","ocean_menu_link_active_background":"","ocean_menu_social_links_bg":"","ocean_menu_social_hover_links_bg":"","ocean_menu_social_links_color":"","ocean_menu_social_hover_links_color":"","ocean_disable_title":"default","ocean_disable_heading":"default","ocean_post_title":"","ocean_post_subheading":"","ocean_post_title_style":"","ocean_post_title_background_color":"","ocean_post_title_background":0,"ocean_post_title_bg_image_position":"","ocean_post_title_bg_image_attachment":"","ocean_post_title_bg_image_repeat":"","ocean_post_title_bg_image_size":"","ocean_post_title_height":0,"ocean_post_title_bg_overlay":0.5,"ocean_post_title_bg_overlay_color":"","ocean_disable_breadcrumbs":"default","ocean_breadcrumbs_color":"","ocean_breadcrumbs_separator_color":"","ocean_breadcrumbs_links_color":"","ocean_breadcrumbs_links_hover_color":"","ocean_display_footer_widgets":"default","ocean_display_footer_bottom":"default","ocean_custom_footer_template":"","ocean_post_oembed":"","ocean_post_self_hosted_media":"","ocean_post_video_embed":"","ocean_link_format":"","ocean_link_format_target":"self","ocean_quote_format":"","ocean_quote_format_link":"post","ocean_gallery_link_images":"on","ocean_gallery_id":[]},"categories":[9],"tags":[1420,1490,82,318],"acf":[],"_links":{"self":[{"href":"https:\/\/www.simepe.com.br\/novo\/wp-json\/wp\/v2\/posts\/58754"}],"collection":[{"href":"https:\/\/www.simepe.com.br\/novo\/wp-json\/wp\/v2\/posts"}],"about":[{"href":"https:\/\/www.simepe.com.br\/novo\/wp-json\/wp\/v2\/types\/post"}],"author":[{"embeddable":true,"href":"https:\/\/www.simepe.com.br\/novo\/wp-json\/wp\/v2\/users\/1"}],"replies":[{"embeddable":true,"href":"https:\/\/www.simepe.com.br\/novo\/wp-json\/wp\/v2\/comments?post=58754"}],"version-history":[{"count":1,"href":"https:\/\/www.simepe.com.br\/novo\/wp-json\/wp\/v2\/posts\/58754\/revisions"}],"predecessor-version":[{"id":58755,"href":"https:\/\/www.simepe.com.br\/novo\/wp-json\/wp\/v2\/posts\/58754\/revisions\/58755"}],"wp:attachment":[{"href":"https:\/\/www.simepe.com.br\/novo\/wp-json\/wp\/v2\/media?parent=58754"}],"wp:term":[{"taxonomy":"category","embeddable":true,"href":"https:\/\/www.simepe.com.br\/novo\/wp-json\/wp\/v2\/categories?post=58754"},{"taxonomy":"post_tag","embeddable":true,"href":"https:\/\/www.simepe.com.br\/novo\/wp-json\/wp\/v2\/tags?post=58754"}],"curies":[{"name":"wp","href":"https:\/\/api.w.org\/{rel}","templated":true}]}}