{"id":58777,"date":"2021-03-28T11:40:17","date_gmt":"2021-03-28T14:40:17","guid":{"rendered":"https:\/\/www.simepe.com.br\/novo\/?p=58777"},"modified":"2021-04-05T10:19:42","modified_gmt":"2021-04-05T13:19:42","slug":"atencao-medico-28032021","status":"publish","type":"post","link":"https:\/\/www.simepe.com.br\/novo\/atencao-medico-28032021\/","title":{"rendered":"Aten\u00e7\u00e3o M\u00e9dico &#8211; 28\/03\/2021"},"content":{"rendered":"<p style=\"text-align: center;\"><strong>SIMEPE E CL\u00cdNICOS DO OT\u00c1VIO DE FREITAS QUEREM GARANTIR CONDI\u00c7\u00d5ES ADEQUADAS DE TRABALHO<\/strong><\/p>\n<p style=\"text-align: justify;\">Na quarta-feira passada (24), o vice-presidente do Simepe, Walber Steffano, e profissionais da cl\u00ednica m\u00e9dica do Hospital Ot\u00e1vio de Freitas (HOF), reuniram-se com a dire\u00e7\u00e3o m\u00e9dica e administrativa da unidade &#8211; Dra. Alyne Coriolano e Dr. Ant\u00f4nio Almeida. A pauta abordou os problemas apresentados pelos profissionais ao Sindicato em videoconfer\u00eancia, realizada na segunda-feira (22), entre eles, sobrecarga de trabalho, falta de fluxos de atendimentos para pacientes da Covid-19 e ambientes insalubres. A entidade ir\u00e1 discutir junto \u00e0 Secretaria Estadual de Sa\u00fade (SES) a necessidade de amplia\u00e7\u00e3o do n\u00famero de m\u00e9dicos cl\u00ednicos na emerg\u00eancia do HOF, como tamb\u00e9m garantir as devidas condi\u00e7\u00f5es de trabalho para os profissionais e a melhor assist\u00eancia aos pacientes da rede de sa\u00fade.<\/p>\n<p style=\"text-align: center;\"><strong>REIVINDICA\u00c7\u00d5ES DOS PLANTONISTAS DO HSE EM PAUTA<\/strong><\/p>\n<p style=\"text-align: justify;\">O Simepe recebeu demandas dos plantonistas do Hospital dos Servidores do Estado de Pernambuco (HSE) relativas ao dimensionamento da equipe de plant\u00e3o, condi\u00e7\u00f5es de trabalho e redu\u00e7\u00e3o nos seus vencimentos. Na quarta-feira (24), os diretores Malu David e Fernando J\u00fanior estiveram reunidos com a diretoria da unidade, na sede do Sindicato, para debater sobre as reivindica\u00e7\u00f5es e construir solu\u00e7\u00f5es para as pautas apresentadas. A entidade reiterou a import\u00e2ncia de resolu\u00e7\u00e3o dos problemas, a fim de garantir condi\u00e7\u00f5es adequadas de trabalho para os m\u00e9dicos e a melhor assist\u00eancia aos pacientes. Nova reuni\u00e3o, com os plantonistas, foi marcada para o dia 31\/03, para dar continuidade ao di\u00e1logo.<\/p>\n<p style=\"text-align: center;\"><strong>SINDICATO BUSCA SOLU\u00c7\u00d5ES PARA A POLICLINICA E MATERNIDADE ARNALDO MARQUES<\/strong><\/p>\n<p style=\"text-align: justify;\">A presidente do Simepe, Claudia Beatriz e os diretores Rodrigo Rosas, Malu David e Fernando J\u00fanior, participaram de reuni\u00e3o com a dire\u00e7\u00e3o e m\u00e9dicos da Policl\u00ednica e Maternidade Professor Arnaldo Marques, localizada no bairro do Ibura\/Recife, na manh\u00e3 da \u00faltima ter\u00e7a-feira (23), para discutir sobre a redu\u00e7\u00e3o dos plantonistas da cl\u00ednica m\u00e9dica da emerg\u00eancia de adulto. Os profissionais da Arnaldo Marques relataram que com a abertura da UPA do Ibura que atender\u00e1 os pacientes com quadros respirat\u00f3rios, ser\u00e1 feita uma divis\u00e3o da equipe m\u00e9dica, ficando apenas tr\u00eas plantonistas na Policl\u00ednica Arnaldo Marques e remanejando dois plantonistas para a UPA do Ibura. A medida reduz em quase 50% o n\u00famero de m\u00e9dicos na emerg\u00eancia cl\u00ednica, insuficiente para atender a grande demanda, al\u00e9m da sala vermelha e transfer\u00eancias que s\u00e3o feitas pela equipe do plant\u00e3o. \u00c9 importante ressaltar que o Simepe n\u00e3o concorda com esta decis\u00e3o e vem lutando pelo cumprimento das resolu\u00e7\u00f5es do Cremepe e CFM. O Sindicato enviar\u00e1 um of\u00edcio ao Cremepe, em car\u00e1ter de urg\u00eancia, cobrando fiscaliza\u00e7\u00e3o, com c\u00f3pia para Promotoria da Sa\u00fade do Minist\u00e9rio P\u00fablico de Pernambuco (MPPE).<\/p>\n<p style=\"text-align: center;\"><strong>MEDICOS LUTAM POR MELHORIAS NO HOSPITAL ARISTEU CHAVES<\/strong><\/p>\n<p style=\"text-align: justify;\">Na tarde desta quinta-feira (25), o secret\u00e1rio-geral do Simepe, Tadeu Calheiros, realizou, atrav\u00e9s de videoconfer\u00eancia, uma reuni\u00e3o com m\u00e9dicos plantonistas cl\u00ednicos e pediatras do Hospital Municipal Doutor Aristeu Chaves, localizado em Camaragibe, Regi\u00e3o Metropolitana do Recife. Os plantonistas reclamaram da precariedade das condi\u00e7\u00f5es de trabalho &#8211; atrasos nas entregas de exames laboratoriais, remo\u00e7\u00f5es de pacientes e principalmente falta de seguran\u00e7a. Eles salientaram que a Secretaria de Sa\u00fade e dire\u00e7\u00e3o m\u00e9dica da unidade n\u00e3o tomaram as devidas provid\u00eancias para melhorar a seguran\u00e7a no servi\u00e7o. O Sindicato reiterou que as quest\u00f5es apresentadas devem ser resolvidas em car\u00e1ter de urg\u00eancia, uma vez que colocam em risco o trabalho dos plantonistas. A entidade enviar\u00e1 um oficio, solicitando reuni\u00e3o com a Secretaria de Sa\u00fade de Camaragibe e a dire\u00e7\u00e3o m\u00e9dica do Hospital Aristeu Chaves, em busca de di\u00e1logo e entendimento.<\/p>\n<p style=\"text-align: center;\"><strong>HOR\u00c1RIOS DE ATENDIMENTO PRESENCIAL DURANTE O LOCKDOWN<\/strong><\/p>\n<p style=\"text-align: justify;\">Durante o lockdown, at\u00e9 o dia 31 de mar\u00e7o, nosso hor\u00e1rio de atendimento presencial ser\u00e1 das 9h \u00e0s 15h. Nossos funcion\u00e1rios far\u00e3o rod\u00edzio aqui na sede do Simepe e home office para continuar atendendo todos voc\u00eas. Estamos \u00e0 disposi\u00e7\u00e3o nos contatos:<\/p>\n<p><strong>Plano de Sa\u00fade<\/strong><\/p>\n<p>(81) 9.8123-4457<\/p>\n<p><strong>Financeiro<\/strong><\/p>\n<p>(81) 9.8213-2929 \/ (81) 9.8202-5055 \/ (81) 9.8200-4012<\/p>\n<p><strong>Associa\u00e7\u00e3o<\/strong><\/p>\n<p>(81) 9.9774-2950<\/p>\n<p><strong>Jur\u00eddico<\/strong><\/p>\n<p>(81) 9.9774-2945<\/p>\n<p><strong>Assessoria da presid\u00eancia<\/strong><\/p>\n<p>(81) 9.9774-2954 \/ (81) 9.9406-6966<\/p>\n<p>&nbsp;<\/p>\n","protected":false},"excerpt":{"rendered":"<p>SIMEPE E CL\u00cdNICOS DO OT\u00c1VIO DE FREITAS QUEREM GARANTIR CONDI\u00c7\u00d5ES ADEQUADAS DE TRABALHO Na quarta-feira passada (24), o vice-presidente do Simepe, Walber Steffano, e profissionais da cl\u00ednica m\u00e9dica do Hospital Ot\u00e1vio de Freitas (HOF), reuniram-se com a dire\u00e7\u00e3o m\u00e9dica e administrativa da unidade &#8211; Dra. Alyne Coriolano e Dr. Ant\u00f4nio Almeida. A pauta abordou os [&hellip;]<\/p>\n","protected":false},"author":2,"featured_media":0,"comment_status":"open","ping_status":"open","sticky":false,"template":"","format":"standard","meta":{"ocean_post_layout":"","ocean_both_sidebars_style":"","ocean_both_sidebars_content_width":0,"ocean_both_sidebars_sidebars_width":0,"ocean_sidebar":"","ocean_second_sidebar":"","ocean_disable_margins":"enable","ocean_add_body_class":"","ocean_shortcode_before_top_bar":"","ocean_shortcode_after_top_bar":"","ocean_shortcode_before_header":"","ocean_shortcode_after_header":"","ocean_has_shortcode":"","ocean_shortcode_after_title":"","ocean_shortcode_before_footer_widgets":"","ocean_shortcode_after_footer_widgets":"","ocean_shortcode_before_footer_bottom":"","ocean_shortcode_after_footer_bottom":"","ocean_display_top_bar":"default","ocean_display_header":"default","ocean_header_style":"","ocean_center_header_left_menu":"","ocean_custom_header_template":"","ocean_custom_logo":0,"ocean_custom_retina_logo":0,"ocean_custom_logo_max_width":0,"ocean_custom_logo_tablet_max_width":0,"ocean_custom_logo_mobile_max_width":0,"ocean_custom_logo_max_height":0,"ocean_custom_logo_tablet_max_height":0,"ocean_custom_logo_mobile_max_height":0,"ocean_header_custom_menu":"","ocean_menu_typo_font_family":"","ocean_menu_typo_font_subset":"","ocean_menu_typo_font_size":0,"ocean_menu_typo_font_size_tablet":0,"ocean_menu_typo_font_size_mobile":0,"ocean_menu_typo_font_size_unit":"px","ocean_menu_typo_font_weight":"","ocean_menu_typo_font_weight_tablet":"","ocean_menu_typo_font_weight_mobile":"","ocean_menu_typo_transform":"","ocean_menu_typo_transform_tablet":"","ocean_menu_typo_transform_mobile":"","ocean_menu_typo_line_height":0,"ocean_menu_typo_line_height_tablet":0,"ocean_menu_typo_line_height_mobile":0,"ocean_menu_typo_line_height_unit":"","ocean_menu_typo_spacing":0,"ocean_menu_typo_spacing_tablet":0,"ocean_menu_typo_spacing_mobile":0,"ocean_menu_typo_spacing_unit":"","ocean_menu_link_color":"","ocean_menu_link_color_hover":"","ocean_menu_link_color_active":"","ocean_menu_link_background":"","ocean_menu_link_hover_background":"","ocean_menu_link_active_background":"","ocean_menu_social_links_bg":"","ocean_menu_social_hover_links_bg":"","ocean_menu_social_links_color":"","ocean_menu_social_hover_links_color":"","ocean_disable_title":"default","ocean_disable_heading":"default","ocean_post_title":"","ocean_post_subheading":"","ocean_post_title_style":"","ocean_post_title_background_color":"","ocean_post_title_background":0,"ocean_post_title_bg_image_position":"","ocean_post_title_bg_image_attachment":"","ocean_post_title_bg_image_repeat":"","ocean_post_title_bg_image_size":"","ocean_post_title_height":0,"ocean_post_title_bg_overlay":0.5,"ocean_post_title_bg_overlay_color":"","ocean_disable_breadcrumbs":"default","ocean_breadcrumbs_color":"","ocean_breadcrumbs_separator_color":"","ocean_breadcrumbs_links_color":"","ocean_breadcrumbs_links_hover_color":"","ocean_display_footer_widgets":"default","ocean_display_footer_bottom":"default","ocean_custom_footer_template":"","ocean_post_oembed":"","ocean_post_self_hosted_media":"","ocean_post_video_embed":"","ocean_link_format":"","ocean_link_format_target":"self","ocean_quote_format":"","ocean_quote_format_link":"post","ocean_gallery_link_images":"on","ocean_gallery_id":[]},"categories":[1],"tags":[],"acf":[],"_links":{"self":[{"href":"https:\/\/www.simepe.com.br\/novo\/wp-json\/wp\/v2\/posts\/58777"}],"collection":[{"href":"https:\/\/www.simepe.com.br\/novo\/wp-json\/wp\/v2\/posts"}],"about":[{"href":"https:\/\/www.simepe.com.br\/novo\/wp-json\/wp\/v2\/types\/post"}],"author":[{"embeddable":true,"href":"https:\/\/www.simepe.com.br\/novo\/wp-json\/wp\/v2\/users\/2"}],"replies":[{"embeddable":true,"href":"https:\/\/www.simepe.com.br\/novo\/wp-json\/wp\/v2\/comments?post=58777"}],"version-history":[{"count":4,"href":"https:\/\/www.simepe.com.br\/novo\/wp-json\/wp\/v2\/posts\/58777\/revisions"}],"predecessor-version":[{"id":58941,"href":"https:\/\/www.simepe.com.br\/novo\/wp-json\/wp\/v2\/posts\/58777\/revisions\/58941"}],"wp:attachment":[{"href":"https:\/\/www.simepe.com.br\/novo\/wp-json\/wp\/v2\/media?parent=58777"}],"wp:term":[{"taxonomy":"category","embeddable":true,"href":"https:\/\/www.simepe.com.br\/novo\/wp-json\/wp\/v2\/categories?post=58777"},{"taxonomy":"post_tag","embeddable":true,"href":"https:\/\/www.simepe.com.br\/novo\/wp-json\/wp\/v2\/tags?post=58777"}],"curies":[{"name":"wp","href":"https:\/\/api.w.org\/{rel}","templated":true}]}}