{"id":58786,"date":"2021-03-29T09:38:29","date_gmt":"2021-03-29T12:38:29","guid":{"rendered":"https:\/\/www.simepe.com.br\/novo\/?p=58786"},"modified":"2021-03-29T09:38:29","modified_gmt":"2021-03-29T12:38:29","slug":"simeam-vai-requerer-na-justica-datas-bases-e-promocoes-de-estatutarios","status":"publish","type":"post","link":"https:\/\/www.simepe.com.br\/novo\/simeam-vai-requerer-na-justica-datas-bases-e-promocoes-de-estatutarios\/","title":{"rendered":"SIMEAM VAI REQUERER NA JUSTI\u00c7A DATAS BASES E PROMO\u00c7\u00d5ES DE ESTATUT\u00c1RIOS"},"content":{"rendered":"<p style=\"text-align: justify;\">O Sindicato dos M\u00e9dicos do Amazonas (Simeam) vai ingressar a\u00e7\u00e3o judicial contra o Governo do Estado para requerer aos m\u00e9dicos estatut\u00e1rios, o direito \u00e0 recomposi\u00e7\u00e3o salarial que segue desproporcional desde 2016 e as promo\u00e7\u00f5es de carreira, conforme previsto no Plano de Cargos.<\/p>\n<p style=\"text-align: justify;\">A judicializa\u00e7\u00e3o tem como objetivo revindicar o direito dos profissionais que \u00e9 de conhecimento da Mesa de Negocia\u00e7\u00e3o Estadual, f\u00f3rum respons\u00e1vel para dar encaminhamentos \u00e0 Data Base dos servidores.<\/p>\n<p style=\"text-align: justify;\">Enquanto o governo usa o mecanismo de um abono pago aos trabalhadores, a perda salarial apresenta um ac\u00famulo que chega a quase 30%. Diante desse cen\u00e1rio de desvaloriza\u00e7\u00e3o dos servidores, o Simeam, por meio da sua assessoria jur\u00eddica vai acionar a Justi\u00e7a.<\/p>\n<p style=\"text-align: justify;\">O Sindicato dos M\u00e9dicos entende que verba de natureza salarial deve ser assegurada e fomentada, pois, al\u00e9m de compensar o trabalho desempenhado pelos m\u00e9dicos de maneira proporcional \u00e0 responsabilidade da profiss\u00e3o, tamb\u00e9m assegura a dignidade dos profissionais, conforme disp\u00f5e o inciso III do artigo 1 da Constitui\u00e7\u00e3o Federal, levando ainda, em considera\u00e7\u00e3o, o estado de emerg\u00eancia sanit\u00e1ria que o pa\u00eds se encontra.<\/p>\n<p style=\"text-align: justify;\">Fonte:\u00a0Sindicato dos M\u00e9dicos do Amazonas (Simeam)<\/p>\n","protected":false},"excerpt":{"rendered":"<p>O Sindicato dos M\u00e9dicos do Amazonas (Simeam) vai ingressar a\u00e7\u00e3o judicial contra o Governo do Estado para requerer aos m\u00e9dicos estatut\u00e1rios, o direito \u00e0 recomposi\u00e7\u00e3o salarial que segue desproporcional desde 2016 e as promo\u00e7\u00f5es de carreira, conforme previsto no Plano de Cargos. A judicializa\u00e7\u00e3o tem como objetivo revindicar o direito dos profissionais que \u00e9 de [&hellip;]<\/p>\n","protected":false},"author":1,"featured_media":58787,"comment_status":"open","ping_status":"open","sticky":false,"template":"","format":"standard","meta":{"ocean_post_layout":"","ocean_both_sidebars_style":"","ocean_both_sidebars_content_width":0,"ocean_both_sidebars_sidebars_width":0,"ocean_sidebar":"","ocean_second_sidebar":"","ocean_disable_margins":"enable","ocean_add_body_class":"","ocean_shortcode_before_top_bar":"","ocean_shortcode_after_top_bar":"","ocean_shortcode_before_header":"","ocean_shortcode_after_header":"","ocean_has_shortcode":"","ocean_shortcode_after_title":"","ocean_shortcode_before_footer_widgets":"","ocean_shortcode_after_footer_widgets":"","ocean_shortcode_before_footer_bottom":"","ocean_shortcode_after_footer_bottom":"","ocean_display_top_bar":"default","ocean_display_header":"default","ocean_header_style":"","ocean_center_header_left_menu":"","ocean_custom_header_template":"","ocean_custom_logo":0,"ocean_custom_retina_logo":0,"ocean_custom_logo_max_width":0,"ocean_custom_logo_tablet_max_width":0,"ocean_custom_logo_mobile_max_width":0,"ocean_custom_logo_max_height":0,"ocean_custom_logo_tablet_max_height":0,"ocean_custom_logo_mobile_max_height":0,"ocean_header_custom_menu":"","ocean_menu_typo_font_family":"","ocean_menu_typo_font_subset":"","ocean_menu_typo_font_size":0,"ocean_menu_typo_font_size_tablet":0,"ocean_menu_typo_font_size_mobile":0,"ocean_menu_typo_font_size_unit":"px","ocean_menu_typo_font_weight":"","ocean_menu_typo_font_weight_tablet":"","ocean_menu_typo_font_weight_mobile":"","ocean_menu_typo_transform":"","ocean_menu_typo_transform_tablet":"","ocean_menu_typo_transform_mobile":"","ocean_menu_typo_line_height":0,"ocean_menu_typo_line_height_tablet":0,"ocean_menu_typo_line_height_mobile":0,"ocean_menu_typo_line_height_unit":"","ocean_menu_typo_spacing":0,"ocean_menu_typo_spacing_tablet":0,"ocean_menu_typo_spacing_mobile":0,"ocean_menu_typo_spacing_unit":"","ocean_menu_link_color":"","ocean_menu_link_color_hover":"","ocean_menu_link_color_active":"","ocean_menu_link_background":"","ocean_menu_link_hover_background":"","ocean_menu_link_active_background":"","ocean_menu_social_links_bg":"","ocean_menu_social_hover_links_bg":"","ocean_menu_social_links_color":"","ocean_menu_social_hover_links_color":"","ocean_disable_title":"default","ocean_disable_heading":"default","ocean_post_title":"","ocean_post_subheading":"","ocean_post_title_style":"","ocean_post_title_background_color":"","ocean_post_title_background":0,"ocean_post_title_bg_image_position":"","ocean_post_title_bg_image_attachment":"","ocean_post_title_bg_image_repeat":"","ocean_post_title_bg_image_size":"","ocean_post_title_height":0,"ocean_post_title_bg_overlay":0.5,"ocean_post_title_bg_overlay_color":"","ocean_disable_breadcrumbs":"default","ocean_breadcrumbs_color":"","ocean_breadcrumbs_separator_color":"","ocean_breadcrumbs_links_color":"","ocean_breadcrumbs_links_hover_color":"","ocean_display_footer_widgets":"default","ocean_display_footer_bottom":"default","ocean_custom_footer_template":"","ocean_post_oembed":"","ocean_post_self_hosted_media":"","ocean_post_video_embed":"","ocean_link_format":"","ocean_link_format_target":"self","ocean_quote_format":"","ocean_quote_format_link":"post","ocean_gallery_link_images":"on","ocean_gallery_id":[]},"categories":[1],"tags":[],"acf":[],"_links":{"self":[{"href":"https:\/\/www.simepe.com.br\/novo\/wp-json\/wp\/v2\/posts\/58786"}],"collection":[{"href":"https:\/\/www.simepe.com.br\/novo\/wp-json\/wp\/v2\/posts"}],"about":[{"href":"https:\/\/www.simepe.com.br\/novo\/wp-json\/wp\/v2\/types\/post"}],"author":[{"embeddable":true,"href":"https:\/\/www.simepe.com.br\/novo\/wp-json\/wp\/v2\/users\/1"}],"replies":[{"embeddable":true,"href":"https:\/\/www.simepe.com.br\/novo\/wp-json\/wp\/v2\/comments?post=58786"}],"version-history":[{"count":1,"href":"https:\/\/www.simepe.com.br\/novo\/wp-json\/wp\/v2\/posts\/58786\/revisions"}],"predecessor-version":[{"id":58788,"href":"https:\/\/www.simepe.com.br\/novo\/wp-json\/wp\/v2\/posts\/58786\/revisions\/58788"}],"wp:featuredmedia":[{"embeddable":true,"href":"https:\/\/www.simepe.com.br\/novo\/wp-json\/wp\/v2\/media\/58787"}],"wp:attachment":[{"href":"https:\/\/www.simepe.com.br\/novo\/wp-json\/wp\/v2\/media?parent=58786"}],"wp:term":[{"taxonomy":"category","embeddable":true,"href":"https:\/\/www.simepe.com.br\/novo\/wp-json\/wp\/v2\/categories?post=58786"},{"taxonomy":"post_tag","embeddable":true,"href":"https:\/\/www.simepe.com.br\/novo\/wp-json\/wp\/v2\/tags?post=58786"}],"curies":[{"name":"wp","href":"https:\/\/api.w.org\/{rel}","templated":true}]}}