{"id":58807,"date":"2021-03-29T11:12:07","date_gmt":"2021-03-29T14:12:07","guid":{"rendered":"https:\/\/www.simepe.com.br\/novo\/?p=58807"},"modified":"2021-03-29T11:16:46","modified_gmt":"2021-03-29T14:16:46","slug":"pesquisa-alerta-que-pais-adiaram-vacina-contra-meningite-na-pandemia","status":"publish","type":"post","link":"https:\/\/www.simepe.com.br\/novo\/pesquisa-alerta-que-pais-adiaram-vacina-contra-meningite-na-pandemia\/","title":{"rendered":"Pesquisa alerta que pais adiaram vacina contra meningite na pandemia"},"content":{"rendered":"<p style=\"text-align: justify;\">O receio de contrair covid-19 e as restri\u00e7\u00f5es para prevenir a doen\u00e7a est\u00e3o entre os motivos que levaram cerca de metade dos pais entrevistados por uma pesquisa da farmac\u00eautica GSK a n\u00e3o vacinarem seus filhos contra a meningite desde o in\u00edcio da pandemia. Os dados foram coletados em oito pa\u00edses e divulgados hoje (24) pela farmac\u00eautica, que fornece a vacina meningoc\u00f3cica C para o Programa Nacional de Imuniza\u00e7\u00f5es e as vacinas meningoc\u00f3cica C, B e ACWY para a rede privada no Brasil.<\/p>\n<p style=\"text-align: justify;\">O estudo ouviu 4,9 mil respons\u00e1veis no Brasil, Alemanha, Argentina, Austr\u00e1lia, Estados Unidos, Fran\u00e7a, It\u00e1lia e Reino Unido. Os pais americanos tinham filhos de 11 a 18 anos, enquanto os demais, de 0 a 4 anos. No Programa Nacional de Imuniza\u00e7\u00f5es do Brasil, a primeira dose da vacina meningoc\u00f3cica C \u00e9 indicada aos 3 meses, com uma segunda dose aos 5 meses e um refor\u00e7o aos 15 meses. Para adolescentes de 11 e 12 anos, \u00e9 oferecida a meningoc\u00f3cica ACWY, que previne contra as bact\u00e9rias do tipo A, C, W e Y.<\/p>\n<p style=\"text-align: justify;\">Apesar de 94% dos respons\u00e1veis considerarem que a vacina contra meningite \u00e9 importante, 50% adiaram ou suspenderam a vacina\u00e7\u00e3o durante a pandemia de covid-19. O percentual foi maior nos pa\u00edses europeus, com 56%, enquanto no Brasil a taxa foi de 50% de respons\u00e1veis nessa situa\u00e7\u00e3o.<\/p>\n<p style=\"text-align: justify;\">Ao listar as raz\u00f5es para n\u00e3o ir ao posto de vacina\u00e7\u00e3o, 63% apontaram as medidas de isolamento social e confinamento, 33% mencionaram o medo de contrair covid-19, e 20% disseram ter suspendido ou adiado a vacina\u00e7\u00e3o porque eles mesmos ou algum membro da fam\u00edlia teve covid-19.<\/p>\n<p style=\"text-align: justify;\">No caso do Brasil, 72% dos que n\u00e3o foram apontaram as restri\u00e7\u00f5es para a preven\u00e7\u00e3o da covid-19 como uma das causas, enquanto 45% afirmaram ter medo de ser infectados pelo novo coronav\u00edrus, o maior percentual entre todos os pa\u00edses. 19% dos entrevistados disseram ainda que n\u00e3o levaram seus filhos para se vacinarem contra a meningite porque contra\u00edram covid-19 ou tiveram que cuidar de algu\u00e9m com a doen\u00e7a.<\/p>\n<p style=\"text-align: justify;\">Nos oito pa\u00edses pesquisados, ainda que 77% dos entrevistados pretendam se reorganizar para colocar a vacina\u00e7\u00e3o em dia, 11% declararam que n\u00e3o levar\u00e3o os filhos para a vacina\u00e7\u00e3o por medo de contrair covid-19.<\/p>\n<p style=\"text-align: justify;\">Ao participar do lan\u00e7amento da pesquisa, o diretor do Departamento de Pediatria da Faculdade de Ci\u00eancias M\u00e9dicas da Santa Casa de S\u00e3o Paulo, Marco S\u00e1fadi, alertou que a hesita\u00e7\u00e3o em vacinar crian\u00e7as contra a meningite durante a pandemia pode provocar surtos da doen\u00e7a quando elas retomarem as aulas presenciais e reencontrarem amigos e familiares sem estarem imunizadas.<\/p>\n<p style=\"text-align: justify;\">\u201cA mensagem mais importante \u00e9 que vacina\u00e7\u00e3o \u00e9 uma atividade essencial. Precisa ficar muito claro para a popula\u00e7\u00e3o que \u00e9 preciso deixar a vacina\u00e7\u00e3o em dia para prevenir n\u00e3o apenas a meningite, mas v\u00e1rias outras doen\u00e7as\u201d, afirma ele, que avalia que o risco de n\u00e3o vacinar \u00e9 muito maior do que o de levar os filhos a um posto de vacina\u00e7\u00e3o durante a pandemia. \u201cCl\u00ednicas e postos de vacina\u00e7\u00e3o s\u00e3o lugares em que medidas de seguran\u00e7a muito importantes foram adotadas\u201d.<\/p>\n<p style=\"text-align: justify;\">Os dados da pesquisa refor\u00e7am a preocupa\u00e7\u00e3o com a queda na imuniza\u00e7\u00e3o, j\u00e1 que os pais ouvidos pela pesquisa preveem que seus filhos retomem atividades que geram contato social com o fim das restri\u00e7\u00f5es provocadas pela pandemia. 63% esperam o retorno presencial \u00e0 escola e 76% preveem encontros com amigos e familiares. Sem estarem vacinados, as crian\u00e7as e jovens podem estar expostos a contrair meningite, que tem formas de transmiss\u00e3o semelhantes \u00e0s da covid-19.<\/p>\n<p style=\"text-align: justify;\"><strong>Doen\u00e7a grave e r\u00e1pida<\/strong><\/p>\n<p style=\"text-align: justify;\">Considerada rara, a doen\u00e7a meningoc\u00f3cica invasiva (DMI) evolui de forma r\u00e1pida e chega a causar a morte de um em cada dez pessoas que a contraem, deixando duas com sequelas f\u00edsicas e neurol\u00f3gicas graves. Foi o caso do economista Pedro Pimenta, de 30 anos, que teve os dois bra\u00e7os e as duas pernas amputados quando, aos 18 anos, teve meningococcemia, uma infec\u00e7\u00e3o generalizada associada \u00e0 bact\u00e9ria causadora da meningite.<\/p>\n<p style=\"text-align: justify;\">\u201cNa hora do almo\u00e7o, eu estava bem, 100%, e, na hora do jantar, eu estava quase morrendo\u201d, lembra Pedro, que teve uma infec\u00e7\u00e3o generalizada que levou seus quatro membros a gangrenarem ap\u00f3s um coma induzido de uma semana, o que exigiu a amputa\u00e7\u00e3o acima dos joelhos e dos cotovelos e dificultou sua reabilita\u00e7\u00e3o e uso de pr\u00f3teses.<\/p>\n<p style=\"text-align: justify;\">\u201cA sensa\u00e7\u00e3o foi de um rompimento da minha identidade. Quando voc\u00ea se olha no espelho e v\u00ea que aquele \u00e9 o Pedro que jogava bola ter\u00e7a e quinta e que levava o viol\u00e3o na viagem com os amigos, \u00e9 chocante\u201d.<\/p>\n<p style=\"text-align: justify;\">Com o suporte dos amigos e da fam\u00edlia, ele atravessou um caminho de muitos obst\u00e1culos at\u00e9 conseguir se adaptar ao uso de pr\u00f3teses e passou a realizar palestras em defesa da vacina\u00e7\u00e3o contra a meningite e sobre a reabilita\u00e7\u00e3o de pessoas amputadas. A experi\u00eancia e o engajamento no \u00faltimo tema o levaram a montar uma cl\u00ednica com um s\u00f3cio em S\u00e3o Paulo, projeto que ele sonha tornar uma refer\u00eancia no pa\u00eds.<\/p>\n<p style=\"text-align: justify;\">J\u00e1 na luta em prol da imuniza\u00e7\u00e3o, Pedro Pimenta v\u00ea crescer o n\u00famero de fake news contra os imunizantes em meio ao intenso notici\u00e1rio sobre as vacinas contra covid-19 e teme que o impacto desse problema chegue \u00e0s outras vacinas, como as que previnem as diferentes formas de doen\u00e7a meningoc\u00f3cica.<\/p>\n<p style=\"text-align: justify;\">\u201cO PNI [Programa Nacional de Imuniza\u00e7\u00f5es] \u00e9 premiado e temos que ter muito orgulho, porque isso n\u00e3o foi conquistado com uma propagandazinha na TV. S\u00e3o d\u00e9cadas, de pais para filhos, de informa\u00e7\u00f5es nos meios de comunica\u00e7\u00e3o, de forma que ningu\u00e9m ia no posto de vacina\u00e7\u00e3o perguntar de que marca \u00e9 a vacina como se fosse um restaurante \u00e0 la carte. Isso n\u00e3o existia, porque [o benef\u00edcio da vacina\u00e7\u00e3o] era \u00f3bvio\u201d.<\/p>\n<p style=\"text-align: justify;\">Para enfrentar a desinforma\u00e7\u00e3o que busca abalar a confian\u00e7a nas vacinas, ele defende um di\u00e1logo bem fundamentado que busque informar as pessoas que creem em informa\u00e7\u00f5es distorcidas, em vez de atac\u00e1-las.<\/p>\n<p style=\"text-align: justify;\">\u201cA melhor forma n\u00e3o \u00e9 apontando o dedo, xingando as pessoas, diminuindo e falando que elas s\u00e3o antici\u00eancia. A melhor forma \u00e9 trazer os fatos para essas pessoas e diminuir esse julgamento, para que elas n\u00e3o se sintam reativas e possam abrir muito mais a mente\u201d, argumenta ele. \u201cAs pessoas debatem baseadas em jarg\u00f5es e falas espec\u00edficas de algu\u00e9m que elas acompanham, sem tentar entender e passar por um processo de gest\u00e3o da informa\u00e7\u00e3o. O debate est\u00e1 muito raso, e quando o debate fica muito raso, a desinforma\u00e7\u00e3o acaba equivalendo \u00e0 informa\u00e7\u00e3o de qualidade\u201d.<\/p>\n<p style=\"text-align: justify;\">Fonte: Federa\u00e7\u00e3o M\u00e9dica Brasileira (FMB)<\/p>\n","protected":false},"excerpt":{"rendered":"<p>O receio de contrair covid-19 e as restri\u00e7\u00f5es para prevenir a doen\u00e7a est\u00e3o entre os motivos que levaram cerca de metade dos pais entrevistados por uma pesquisa da farmac\u00eautica GSK a n\u00e3o vacinarem seus filhos contra a meningite desde o in\u00edcio da pandemia. Os dados foram coletados em oito pa\u00edses e divulgados hoje (24) pela [&hellip;]<\/p>\n","protected":false},"author":1,"featured_media":58808,"comment_status":"open","ping_status":"open","sticky":false,"template":"","format":"standard","meta":{"ocean_post_layout":"","ocean_both_sidebars_style":"","ocean_both_sidebars_content_width":0,"ocean_both_sidebars_sidebars_width":0,"ocean_sidebar":"","ocean_second_sidebar":"","ocean_disable_margins":"enable","ocean_add_body_class":"","ocean_shortcode_before_top_bar":"","ocean_shortcode_after_top_bar":"","ocean_shortcode_before_header":"","ocean_shortcode_after_header":"","ocean_has_shortcode":"","ocean_shortcode_after_title":"","ocean_shortcode_before_footer_widgets":"","ocean_shortcode_after_footer_widgets":"","ocean_shortcode_before_footer_bottom":"","ocean_shortcode_after_footer_bottom":"","ocean_display_top_bar":"default","ocean_display_header":"default","ocean_header_style":"","ocean_center_header_left_menu":"","ocean_custom_header_template":"","ocean_custom_logo":0,"ocean_custom_retina_logo":0,"ocean_custom_logo_max_width":0,"ocean_custom_logo_tablet_max_width":0,"ocean_custom_logo_mobile_max_width":0,"ocean_custom_logo_max_height":0,"ocean_custom_logo_tablet_max_height":0,"ocean_custom_logo_mobile_max_height":0,"ocean_header_custom_menu":"","ocean_menu_typo_font_family":"","ocean_menu_typo_font_subset":"","ocean_menu_typo_font_size":0,"ocean_menu_typo_font_size_tablet":0,"ocean_menu_typo_font_size_mobile":0,"ocean_menu_typo_font_size_unit":"px","ocean_menu_typo_font_weight":"","ocean_menu_typo_font_weight_tablet":"","ocean_menu_typo_font_weight_mobile":"","ocean_menu_typo_transform":"","ocean_menu_typo_transform_tablet":"","ocean_menu_typo_transform_mobile":"","ocean_menu_typo_line_height":0,"ocean_menu_typo_line_height_tablet":0,"ocean_menu_typo_line_height_mobile":0,"ocean_menu_typo_line_height_unit":"","ocean_menu_typo_spacing":0,"ocean_menu_typo_spacing_tablet":0,"ocean_menu_typo_spacing_mobile":0,"ocean_menu_typo_spacing_unit":"","ocean_menu_link_color":"","ocean_menu_link_color_hover":"","ocean_menu_link_color_active":"","ocean_menu_link_background":"","ocean_menu_link_hover_background":"","ocean_menu_link_active_background":"","ocean_menu_social_links_bg":"","ocean_menu_social_hover_links_bg":"","ocean_menu_social_links_color":"","ocean_menu_social_hover_links_color":"","ocean_disable_title":"default","ocean_disable_heading":"default","ocean_post_title":"","ocean_post_subheading":"","ocean_post_title_style":"","ocean_post_title_background_color":"","ocean_post_title_background":0,"ocean_post_title_bg_image_position":"","ocean_post_title_bg_image_attachment":"","ocean_post_title_bg_image_repeat":"","ocean_post_title_bg_image_size":"","ocean_post_title_height":0,"ocean_post_title_bg_overlay":0.5,"ocean_post_title_bg_overlay_color":"","ocean_disable_breadcrumbs":"default","ocean_breadcrumbs_color":"","ocean_breadcrumbs_separator_color":"","ocean_breadcrumbs_links_color":"","ocean_breadcrumbs_links_hover_color":"","ocean_display_footer_widgets":"default","ocean_display_footer_bottom":"default","ocean_custom_footer_template":"","ocean_post_oembed":"","ocean_post_self_hosted_media":"","ocean_post_video_embed":"","ocean_link_format":"","ocean_link_format_target":"self","ocean_quote_format":"","ocean_quote_format_link":"post","ocean_gallery_link_images":"on","ocean_gallery_id":[]},"categories":[1],"tags":[],"acf":[],"_links":{"self":[{"href":"https:\/\/www.simepe.com.br\/novo\/wp-json\/wp\/v2\/posts\/58807"}],"collection":[{"href":"https:\/\/www.simepe.com.br\/novo\/wp-json\/wp\/v2\/posts"}],"about":[{"href":"https:\/\/www.simepe.com.br\/novo\/wp-json\/wp\/v2\/types\/post"}],"author":[{"embeddable":true,"href":"https:\/\/www.simepe.com.br\/novo\/wp-json\/wp\/v2\/users\/1"}],"replies":[{"embeddable":true,"href":"https:\/\/www.simepe.com.br\/novo\/wp-json\/wp\/v2\/comments?post=58807"}],"version-history":[{"count":3,"href":"https:\/\/www.simepe.com.br\/novo\/wp-json\/wp\/v2\/posts\/58807\/revisions"}],"predecessor-version":[{"id":58811,"href":"https:\/\/www.simepe.com.br\/novo\/wp-json\/wp\/v2\/posts\/58807\/revisions\/58811"}],"wp:featuredmedia":[{"embeddable":true,"href":"https:\/\/www.simepe.com.br\/novo\/wp-json\/wp\/v2\/media\/58808"}],"wp:attachment":[{"href":"https:\/\/www.simepe.com.br\/novo\/wp-json\/wp\/v2\/media?parent=58807"}],"wp:term":[{"taxonomy":"category","embeddable":true,"href":"https:\/\/www.simepe.com.br\/novo\/wp-json\/wp\/v2\/categories?post=58807"},{"taxonomy":"post_tag","embeddable":true,"href":"https:\/\/www.simepe.com.br\/novo\/wp-json\/wp\/v2\/tags?post=58807"}],"curies":[{"name":"wp","href":"https:\/\/api.w.org\/{rel}","templated":true}]}}