{"id":58814,"date":"2021-03-29T11:18:56","date_gmt":"2021-03-29T14:18:56","guid":{"rendered":"https:\/\/www.simepe.com.br\/novo\/?p=58814"},"modified":"2021-03-29T11:18:56","modified_gmt":"2021-03-29T14:18:56","slug":"pernambuco-determina-volta-ao-trabalho-presencial-de-profissionais-de-saude-vacinados-com-duas-doses","status":"publish","type":"post","link":"https:\/\/www.simepe.com.br\/novo\/pernambuco-determina-volta-ao-trabalho-presencial-de-profissionais-de-saude-vacinados-com-duas-doses\/","title":{"rendered":"Pernambuco determina volta ao trabalho presencial de profissionais de Sa\u00fade vacinados com duas doses"},"content":{"rendered":"<p style=\"text-align: justify;\">No in\u00edcio da pandemia, trabalhadores do grupo de risco para a Covid-19 foram colocados em trabalho remoto<\/p>\n<p style=\"text-align: justify;\">O Governo de Pernambuco determinou a volta ao trabalho presencial de profissionais de Sa\u00fade afastados de suas fun\u00e7\u00f5es caso estejam vacinados com as duas doses do imunizante contra a Covid-19.<\/p>\n<p style=\"text-align: justify;\">Segundo a portaria, publicada na edi\u00e7\u00e3o de s\u00e1bado (27) do Di\u00e1ro Oficial do Estado, os trabalhadores devem voltar 21 dias ap\u00f3s a aplica\u00e7\u00e3o da segunda dose, o que garante o esquema vacinal completo.<\/p>\n<p style=\"text-align: justify;\">Na volta ao trabalho, os profissionais ainda precisam apresentar no setor de gest\u00e3o de pessoal de sua unidade a c\u00f3pia do cart\u00e3o de vacina\u00e7\u00e3o para comprovar a vacina\u00e7\u00e3o.<\/p>\n<p style=\"text-align: justify;\">Caso o trabalhador finalize o esquema vacinal e ap\u00f3s 21 dias n\u00e3o retorne ao trabalho, ser\u00e3o tomadas as medidas administrativas cab\u00edveis, segundo o governo.<\/p>\n<p style=\"text-align: justify;\">Os trabalhadores que se recusam a tomar a vacina dever\u00e3o assinar um termo de responsabilidade, que ser\u00e1 disponibilizado na sua unidade de lota\u00e7\u00e3o.<\/p>\n<p style=\"text-align: justify;\">\u201cNo in\u00edcio da pandemia, tivemos o cuidado de afastar idosos e pessoas de comorbidade da linha de frente da Covid-19, realocando para \u00e1reas administrativas, quando poss\u00edvel, ou mantendo em teletrabalho. Com a imuniza\u00e7\u00e3o desses trabalhadores, com as duas doses, avaliamos que \u00e9 poss\u00edvel fazer o retorno com seguran\u00e7a aos seus servi\u00e7os\u201d, afirmou o secret\u00e1rio estadual de Sa\u00fade, Andr\u00e9 Longo, sobre a medida.<\/p>\n<p style=\"text-align: justify;\">&#8220;Estamos vivenciando um momento cr\u00edtico e ser\u00e1 importante fortalecer ainda mais nossas unidades com esses servidores j\u00e1 imunizados contra a Covid-19&#8221;, completou o secret\u00e1rio.<\/p>\n<p style=\"text-align: justify;\">Fonte: Folha de Pernambuco<\/p>\n","protected":false},"excerpt":{"rendered":"<p>No in\u00edcio da pandemia, trabalhadores do grupo de risco para a Covid-19 foram colocados em trabalho remoto O Governo de Pernambuco determinou a volta ao trabalho presencial de profissionais de Sa\u00fade afastados de suas fun\u00e7\u00f5es caso estejam vacinados com as duas doses do imunizante contra a Covid-19. Segundo a portaria, publicada na edi\u00e7\u00e3o de s\u00e1bado [&hellip;]<\/p>\n","protected":false},"author":1,"featured_media":0,"comment_status":"open","ping_status":"open","sticky":false,"template":"","format":"standard","meta":{"ocean_post_layout":"","ocean_both_sidebars_style":"","ocean_both_sidebars_content_width":0,"ocean_both_sidebars_sidebars_width":0,"ocean_sidebar":"","ocean_second_sidebar":"","ocean_disable_margins":"enable","ocean_add_body_class":"","ocean_shortcode_before_top_bar":"","ocean_shortcode_after_top_bar":"","ocean_shortcode_before_header":"","ocean_shortcode_after_header":"","ocean_has_shortcode":"","ocean_shortcode_after_title":"","ocean_shortcode_before_footer_widgets":"","ocean_shortcode_after_footer_widgets":"","ocean_shortcode_before_footer_bottom":"","ocean_shortcode_after_footer_bottom":"","ocean_display_top_bar":"default","ocean_display_header":"default","ocean_header_style":"","ocean_center_header_left_menu":"","ocean_custom_header_template":"","ocean_custom_logo":0,"ocean_custom_retina_logo":0,"ocean_custom_logo_max_width":0,"ocean_custom_logo_tablet_max_width":0,"ocean_custom_logo_mobile_max_width":0,"ocean_custom_logo_max_height":0,"ocean_custom_logo_tablet_max_height":0,"ocean_custom_logo_mobile_max_height":0,"ocean_header_custom_menu":"","ocean_menu_typo_font_family":"","ocean_menu_typo_font_subset":"","ocean_menu_typo_font_size":0,"ocean_menu_typo_font_size_tablet":0,"ocean_menu_typo_font_size_mobile":0,"ocean_menu_typo_font_size_unit":"px","ocean_menu_typo_font_weight":"","ocean_menu_typo_font_weight_tablet":"","ocean_menu_typo_font_weight_mobile":"","ocean_menu_typo_transform":"","ocean_menu_typo_transform_tablet":"","ocean_menu_typo_transform_mobile":"","ocean_menu_typo_line_height":0,"ocean_menu_typo_line_height_tablet":0,"ocean_menu_typo_line_height_mobile":0,"ocean_menu_typo_line_height_unit":"","ocean_menu_typo_spacing":0,"ocean_menu_typo_spacing_tablet":0,"ocean_menu_typo_spacing_mobile":0,"ocean_menu_typo_spacing_unit":"","ocean_menu_link_color":"","ocean_menu_link_color_hover":"","ocean_menu_link_color_active":"","ocean_menu_link_background":"","ocean_menu_link_hover_background":"","ocean_menu_link_active_background":"","ocean_menu_social_links_bg":"","ocean_menu_social_hover_links_bg":"","ocean_menu_social_links_color":"","ocean_menu_social_hover_links_color":"","ocean_disable_title":"default","ocean_disable_heading":"default","ocean_post_title":"","ocean_post_subheading":"","ocean_post_title_style":"","ocean_post_title_background_color":"","ocean_post_title_background":0,"ocean_post_title_bg_image_position":"","ocean_post_title_bg_image_attachment":"","ocean_post_title_bg_image_repeat":"","ocean_post_title_bg_image_size":"","ocean_post_title_height":0,"ocean_post_title_bg_overlay":0.5,"ocean_post_title_bg_overlay_color":"","ocean_disable_breadcrumbs":"default","ocean_breadcrumbs_color":"","ocean_breadcrumbs_separator_color":"","ocean_breadcrumbs_links_color":"","ocean_breadcrumbs_links_hover_color":"","ocean_display_footer_widgets":"default","ocean_display_footer_bottom":"default","ocean_custom_footer_template":"","ocean_post_oembed":"","ocean_post_self_hosted_media":"","ocean_post_video_embed":"","ocean_link_format":"","ocean_link_format_target":"self","ocean_quote_format":"","ocean_quote_format_link":"post","ocean_gallery_link_images":"on","ocean_gallery_id":[]},"categories":[9],"tags":[],"acf":[],"_links":{"self":[{"href":"https:\/\/www.simepe.com.br\/novo\/wp-json\/wp\/v2\/posts\/58814"}],"collection":[{"href":"https:\/\/www.simepe.com.br\/novo\/wp-json\/wp\/v2\/posts"}],"about":[{"href":"https:\/\/www.simepe.com.br\/novo\/wp-json\/wp\/v2\/types\/post"}],"author":[{"embeddable":true,"href":"https:\/\/www.simepe.com.br\/novo\/wp-json\/wp\/v2\/users\/1"}],"replies":[{"embeddable":true,"href":"https:\/\/www.simepe.com.br\/novo\/wp-json\/wp\/v2\/comments?post=58814"}],"version-history":[{"count":1,"href":"https:\/\/www.simepe.com.br\/novo\/wp-json\/wp\/v2\/posts\/58814\/revisions"}],"predecessor-version":[{"id":58815,"href":"https:\/\/www.simepe.com.br\/novo\/wp-json\/wp\/v2\/posts\/58814\/revisions\/58815"}],"wp:attachment":[{"href":"https:\/\/www.simepe.com.br\/novo\/wp-json\/wp\/v2\/media?parent=58814"}],"wp:term":[{"taxonomy":"category","embeddable":true,"href":"https:\/\/www.simepe.com.br\/novo\/wp-json\/wp\/v2\/categories?post=58814"},{"taxonomy":"post_tag","embeddable":true,"href":"https:\/\/www.simepe.com.br\/novo\/wp-json\/wp\/v2\/tags?post=58814"}],"curies":[{"name":"wp","href":"https:\/\/api.w.org\/{rel}","templated":true}]}}