{"id":58816,"date":"2021-03-29T11:49:15","date_gmt":"2021-03-29T14:49:15","guid":{"rendered":"https:\/\/www.simepe.com.br\/novo\/?p=58816"},"modified":"2021-03-29T11:49:15","modified_gmt":"2021-03-29T14:49:15","slug":"pe-ultrapassa-12-mil-mortes-por-covid-e-tem-a-maior-media-movel-de-obitos-desde-julho-de-2020","status":"publish","type":"post","link":"https:\/\/www.simepe.com.br\/novo\/pe-ultrapassa-12-mil-mortes-por-covid-e-tem-a-maior-media-movel-de-obitos-desde-julho-de-2020\/","title":{"rendered":"PE ultrapassa 12 mil mortes por Covid e tem a maior m\u00e9dia m\u00f3vel de \u00f3bitos desde julho de 2020"},"content":{"rendered":"<p style=\"text-align: justify;\">Estado registrou, neste domingo (28), 771 casos da doen\u00e7a e 31 mortes, totalizando 344.177 infectados pelo novo coronav\u00edrus e 12.006 vidas perdidas por causa da pandemia.<\/p>\n<p style=\"text-align: justify;\">Pernambuco contabilizou, neste domingo (28), 771 casos da Covid-19 e 31 mortes provocadas pela doen\u00e7a. Com isso, o estado totalizou 344.177 infectados pelo novo coronav\u00edrus e 12.006 \u00f3bitos devido \u00e0 pandemia, n\u00fameros que come\u00e7aram a ser registrados em mar\u00e7o de 2020 (veja v\u00eddeo acima).<\/p>\n<p style=\"text-align: justify;\">Os registros deste domingo (28) elevaram a m\u00e9dia m\u00f3vel de mortes por Covid-19 em Pernambuco para 49 \u00f3bitos confirmados por dia. Esse n\u00famero \u00e9 o mais alto desde o dia 27 de julho de 2020, quando a m\u00e9dia de falecimentos causados pela doen\u00e7a tamb\u00e9m estava em 49.<\/p>\n<p style=\"text-align: justify;\"><strong>Em mar\u00e7o, PE tem maior n\u00ba de mortes por Covid desde agosto<\/strong><\/p>\n<p style=\"text-align: justify;\">\n<strong>Veja ocupa\u00e7\u00e3o dos leitos de UTI e enfermaria em PE<\/strong><br \/>\nSegundo a Secretaria Estadual de Sa\u00fade (SES), foram confirmados em Pernambuco, neste domingo (28), 146 diagn\u00f3sticos de S\u00edndrome Respirat\u00f3ria Aguda Grave (Srag) e 625 casos leves da Covid-19. Com isso, o estado passou a totalizar 35.585 quadros graves e 308.592 formas leves da doen\u00e7a.<\/p>\n<p style=\"text-align: justify;\">Os infectados pelo novo coronav\u00edrus est\u00e3o distribu\u00eddos por todos os 184 munic\u00edpios pernambucanos, al\u00e9m do arquip\u00e9lago de Fernando de Noronha.<\/p>\n<p style=\"text-align: justify;\">Desde mar\u00e7o de 2020 at\u00e9 este domingo (28), Pernambuco chegou ao total de 291.403 pessoas recuperadas da Covid-19. Desse n\u00famero, 20.802 eram pacientes graves, que precisaram de internamento hospitalar, e 270.601 apresentaram casos leves.<\/p>\n<p style=\"text-align: justify;\"><strong>Mortes<\/strong><\/p>\n<p style=\"text-align: justify;\">\nOs 31 \u00f3bitos por Covid-19 registrados no boletim deste domingo (28) ocorreram entre o dia 18 de janeiro de 2021 e o s\u00e1bado (27). As v\u00edtimas foram 16 mulheres e 15 homens, com idade entre 30 e 100 anos. As faixas et\u00e1rias s\u00e3o: 30 a 39 (3), 40 a 49 (3), 50 a 59 (5), 60 a 69 (5), 70 a 79 (7) e 80 ou mais (8).<\/p>\n<p style=\"text-align: justify;\">Essas pessoas que morreram devido \u00e0 doen\u00e7a moravam nas cidades de Belo Jardim (1), Bu\u00edque (1), Camaragibe (3), Canhotinho (1), Caruaru (1), Ch\u00e3 de Alegria (1), Igarassu (1), Jaboat\u00e3o dos Guararapes (6), Moreno (1), Nazar\u00e9 da Mata (2), Olinda (2), Paudalho (2), Recife (2), Santa Filomena (1), Serra Talhada (2), Timba\u00faba (1), Triunfo (1), Tuparetama (1) e Vit\u00f3ria de Santo Ant\u00e3o (1).<\/p>\n<p style=\"text-align: justify;\">Entre esses pacientes que faleceram, 24 tinham doen\u00e7as pr\u00e9-existentes: doen\u00e7a cardiovascular (11), diabetes (10), hipertens\u00e3o (3), obesidade (3), tabagismo (3), doen\u00e7a renal (2), doen\u00e7a neurol\u00f3gica (1), doen\u00e7a respirat\u00f3ria (1), etilismo (1) &#8211; uma pessoa pode ter mais de uma comorbidade. Os demais casos seguem em investiga\u00e7\u00e3o.<\/p>\n<p style=\"text-align: justify;\"><strong>Vacinados<\/strong><\/p>\n<p style=\"text-align: justify;\">\nAt\u00e9 este domingo (28), Pernambuco aplicou 932.984 doses da vacina contra a Covid-19, das quais 717.391 foram primeiras doses.<\/p>\n<p style=\"text-align: justify;\">Ao todo, receberam a primeira dose: 201.907 trabalhadores de sa\u00fade; 24.916 povos ind\u00edgenas aldeados; 4.850 em comunidades quilombolas; 6.115 idosos em institui\u00e7\u00f5es de longa perman\u00eancia; 30.162 idosos de 64 a 69 anos; 271.320 idosos de 70 a 79 anos; 92.739 idosos de 80 a 84 anos; 84.502 idosos a partir de 85 anos; al\u00e9m de 880 pessoas com defici\u00eancia institucionalizadas.<\/p>\n<p style=\"text-align: justify;\">\nEm rela\u00e7\u00e3o \u00e0 segunda dose, foram imunizados: 157.947 trabalhadores de sa\u00fade; 24.086 povos ind\u00edgenas aldeados; 4.406 idosos institucionalizados; 38 idosos de 64 a 69 anos; 4.291 idosos de 70 a 79 anos; 20.246 idosos de 80 a 84 anos; 3.956 idosos a partir de 85 anos, al\u00e9m de 623 pessoas com defici\u00eancia institucionalizadas; totalizando 215.593 pessoas que finalizaram a vacina\u00e7\u00e3o.<\/p>\n<p style=\"text-align: justify;\"><strong>Testes<\/strong><\/p>\n<p style=\"text-align: justify;\">\nDesde mar\u00e7o de 2020 at\u00e9 este domingo (28), Pernambuco realizou 1.409.749 testes para detectar a Covid-19. Com rela\u00e7\u00e3o \u00e0 testagem dos profissionais de sa\u00fade com sintomas de gripe, at\u00e9 esse dia, 27.630 casos foram confirmados e 46.964 foram descartados.<\/p>\n<p style=\"text-align: justify;\">As testagens entre os trabalhadores do setor abrangem os profissionais de todas as unidades de sa\u00fade, sejam da rede p\u00fablica (estadual e municipal) ou privada.<\/p>\n<p style=\"text-align: justify;\"><strong>Leitos<\/strong><\/p>\n<p style=\"text-align: justify;\">\nA rede p\u00fablica estadual de sa\u00fade tem 2.673 leitos dedicados a pacientes com Srag. Neste domingo (28), a taxa global de ocupa\u00e7\u00e3o de leitos na rede p\u00fablica era de 92%. Havia doentes em 97% dos 1.506 mil leitos de UTI e em 87% dos 1.167 leitos de enfermaria.<\/p>\n<p style=\"text-align: justify;\">Na rede privada, a taxa global de ocupa\u00e7\u00e3o dos 751 leitos era de 82%. Havia doentes em 91% dos 445 leitos de UTI e em 70% dos 306 leitos de enfermaria.<\/p>\n<p style=\"text-align: justify;\">Fonte: G1<\/p>\n","protected":false},"excerpt":{"rendered":"<p>Estado registrou, neste domingo (28), 771 casos da doen\u00e7a e 31 mortes, totalizando 344.177 infectados pelo novo coronav\u00edrus e 12.006 vidas perdidas por causa da pandemia. Pernambuco contabilizou, neste domingo (28), 771 casos da Covid-19 e 31 mortes provocadas pela doen\u00e7a. Com isso, o estado totalizou 344.177 infectados pelo novo coronav\u00edrus e 12.006 \u00f3bitos devido [&hellip;]<\/p>\n","protected":false},"author":1,"featured_media":0,"comment_status":"open","ping_status":"open","sticky":false,"template":"","format":"standard","meta":{"ocean_post_layout":"","ocean_both_sidebars_style":"","ocean_both_sidebars_content_width":0,"ocean_both_sidebars_sidebars_width":0,"ocean_sidebar":"","ocean_second_sidebar":"","ocean_disable_margins":"enable","ocean_add_body_class":"","ocean_shortcode_before_top_bar":"","ocean_shortcode_after_top_bar":"","ocean_shortcode_before_header":"","ocean_shortcode_after_header":"","ocean_has_shortcode":"","ocean_shortcode_after_title":"","ocean_shortcode_before_footer_widgets":"","ocean_shortcode_after_footer_widgets":"","ocean_shortcode_before_footer_bottom":"","ocean_shortcode_after_footer_bottom":"","ocean_display_top_bar":"default","ocean_display_header":"default","ocean_header_style":"","ocean_center_header_left_menu":"","ocean_custom_header_template":"","ocean_custom_logo":0,"ocean_custom_retina_logo":0,"ocean_custom_logo_max_width":0,"ocean_custom_logo_tablet_max_width":0,"ocean_custom_logo_mobile_max_width":0,"ocean_custom_logo_max_height":0,"ocean_custom_logo_tablet_max_height":0,"ocean_custom_logo_mobile_max_height":0,"ocean_header_custom_menu":"","ocean_menu_typo_font_family":"","ocean_menu_typo_font_subset":"","ocean_menu_typo_font_size":0,"ocean_menu_typo_font_size_tablet":0,"ocean_menu_typo_font_size_mobile":0,"ocean_menu_typo_font_size_unit":"px","ocean_menu_typo_font_weight":"","ocean_menu_typo_font_weight_tablet":"","ocean_menu_typo_font_weight_mobile":"","ocean_menu_typo_transform":"","ocean_menu_typo_transform_tablet":"","ocean_menu_typo_transform_mobile":"","ocean_menu_typo_line_height":0,"ocean_menu_typo_line_height_tablet":0,"ocean_menu_typo_line_height_mobile":0,"ocean_menu_typo_line_height_unit":"","ocean_menu_typo_spacing":0,"ocean_menu_typo_spacing_tablet":0,"ocean_menu_typo_spacing_mobile":0,"ocean_menu_typo_spacing_unit":"","ocean_menu_link_color":"","ocean_menu_link_color_hover":"","ocean_menu_link_color_active":"","ocean_menu_link_background":"","ocean_menu_link_hover_background":"","ocean_menu_link_active_background":"","ocean_menu_social_links_bg":"","ocean_menu_social_hover_links_bg":"","ocean_menu_social_links_color":"","ocean_menu_social_hover_links_color":"","ocean_disable_title":"default","ocean_disable_heading":"default","ocean_post_title":"","ocean_post_subheading":"","ocean_post_title_style":"","ocean_post_title_background_color":"","ocean_post_title_background":0,"ocean_post_title_bg_image_position":"","ocean_post_title_bg_image_attachment":"","ocean_post_title_bg_image_repeat":"","ocean_post_title_bg_image_size":"","ocean_post_title_height":0,"ocean_post_title_bg_overlay":0.5,"ocean_post_title_bg_overlay_color":"","ocean_disable_breadcrumbs":"default","ocean_breadcrumbs_color":"","ocean_breadcrumbs_separator_color":"","ocean_breadcrumbs_links_color":"","ocean_breadcrumbs_links_hover_color":"","ocean_display_footer_widgets":"default","ocean_display_footer_bottom":"default","ocean_custom_footer_template":"","ocean_post_oembed":"","ocean_post_self_hosted_media":"","ocean_post_video_embed":"","ocean_link_format":"","ocean_link_format_target":"self","ocean_quote_format":"","ocean_quote_format_link":"post","ocean_gallery_link_images":"on","ocean_gallery_id":[]},"categories":[9],"tags":[],"acf":[],"_links":{"self":[{"href":"https:\/\/www.simepe.com.br\/novo\/wp-json\/wp\/v2\/posts\/58816"}],"collection":[{"href":"https:\/\/www.simepe.com.br\/novo\/wp-json\/wp\/v2\/posts"}],"about":[{"href":"https:\/\/www.simepe.com.br\/novo\/wp-json\/wp\/v2\/types\/post"}],"author":[{"embeddable":true,"href":"https:\/\/www.simepe.com.br\/novo\/wp-json\/wp\/v2\/users\/1"}],"replies":[{"embeddable":true,"href":"https:\/\/www.simepe.com.br\/novo\/wp-json\/wp\/v2\/comments?post=58816"}],"version-history":[{"count":1,"href":"https:\/\/www.simepe.com.br\/novo\/wp-json\/wp\/v2\/posts\/58816\/revisions"}],"predecessor-version":[{"id":58817,"href":"https:\/\/www.simepe.com.br\/novo\/wp-json\/wp\/v2\/posts\/58816\/revisions\/58817"}],"wp:attachment":[{"href":"https:\/\/www.simepe.com.br\/novo\/wp-json\/wp\/v2\/media?parent=58816"}],"wp:term":[{"taxonomy":"category","embeddable":true,"href":"https:\/\/www.simepe.com.br\/novo\/wp-json\/wp\/v2\/categories?post=58816"},{"taxonomy":"post_tag","embeddable":true,"href":"https:\/\/www.simepe.com.br\/novo\/wp-json\/wp\/v2\/tags?post=58816"}],"curies":[{"name":"wp","href":"https:\/\/api.w.org\/{rel}","templated":true}]}}