{"id":58820,"date":"2021-03-29T11:56:55","date_gmt":"2021-03-29T14:56:55","guid":{"rendered":"https:\/\/www.simepe.com.br\/novo\/?p=58820"},"modified":"2021-03-29T11:56:55","modified_gmt":"2021-03-29T14:56:55","slug":"campanha-de-vacinacao-contra-a-gripe-comecara-pelas-criancas-em-pernambuco-diz-andre-longo","status":"publish","type":"post","link":"https:\/\/www.simepe.com.br\/novo\/campanha-de-vacinacao-contra-a-gripe-comecara-pelas-criancas-em-pernambuco-diz-andre-longo\/","title":{"rendered":"Campanha de vacina\u00e7\u00e3o contra a gripe come\u00e7ar\u00e1 pelas crian\u00e7as em Pernambuco, diz Andr\u00e9 Longo"},"content":{"rendered":"<p style=\"text-align: justify;\">A escolha se deve \u00e0 recomenda\u00e7\u00e3o de autoridades sanit\u00e1rias em espa\u00e7ar em no m\u00ednimo duas semanas os imunizantes contra a covid-19 e contra a gripe<\/p>\n<p style=\"text-align: justify;\">No pr\u00f3ximo m\u00eas, o Brasil d\u00e1 in\u00edcio \u00e0 campanha nacional de vacina\u00e7\u00e3o deste ano contra a gripe, que acontece entre 12 de abril e 9 de julho. Pernambuco estima que imunizar\u00e1 3.516.301 pessoas contra a doen\u00e7a no per\u00edodo. Em entrevista ao Passando a Limpo, da R\u00e1dio Jornal, o secret\u00e1rio de Sa\u00fade, Andr\u00e9 Longo, informou que as crian\u00e7as ser\u00e3o as primeiras a serem vacinadas contra a influenza\u00a0no Estado.<\/p>\n<p style=\"text-align: justify;\">A escolha se deve \u00e0 recomenda\u00e7\u00e3o de autoridades sanit\u00e1rias em espa\u00e7ar em no m\u00ednimo duas semanas os imunizantes contra a covid-19 e contra a gripe. Os pequenos n\u00e3o est\u00e3o inseridos nos grupos priorit\u00e1rios de prote\u00e7\u00e3o contra o coronav\u00edrus, ao contr\u00e1rio dos idosos.<\/p>\n<p style=\"text-align: justify;\">&#8220;Vamos ter que fazer esse esfor\u00e7o log\u00edstico adicional para separar o p\u00fablico-alvo da influenza do da covid-19. Como n\u00e3o estamos vacinando as crian\u00e7as contra a covid-19, vamos come\u00e7ar por elas, depois os profissionais de sa\u00fade e depois os idosos. Esperamos que quando a gente chegue nos idosos a gente j\u00e1 tenha acabado a vacina\u00e7\u00e3o contra a covid-19, ao longo do m\u00eas de abril&#8221;, disse o chefe da pasta em Pernambuco.<\/p>\n<p style=\"text-align: justify;\">\nNesta mobiliza\u00e7\u00e3o, ser\u00e3o imunizadas crian\u00e7as de 6 meses a 5 anos, gestantes, pu\u00e9rperas, povos ind\u00edgenas, trabalhadores da sa\u00fade, idosos a partir de 60 anos, professores das escolas p\u00fablicas e privadas, pessoas com doen\u00e7as cr\u00f4nicas n\u00e3o transmiss\u00edveis e outras condi\u00e7\u00f5es cl\u00ednicas especiais, pessoas com defici\u00eancia permanente, for\u00e7as de seguran\u00e7a e salvamento, for\u00e7as armadas, caminhoneiros, trabalhadores de transporte coletivo rodovi\u00e1rio de passageiros urbano e de longo curso, trabalhadores portu\u00e1rios, funcion\u00e1rios do sistema prisional, adolescentes e jovens de 12 a 21 anos de idade sob medidas socioeducativas e popula\u00e7\u00e3o privada\u00a0e liberdade.<\/p>\n<p style=\"text-align: justify;\">\n<strong>Confira a entrevista completa<\/strong><\/p>\n<p style=\"text-align: justify;\">\n<strong>R\u00e1dio Jornal:<\/strong> No s\u00e1bado, foram 60 mortes, e mais 31 no domingo. Considerando que estamos tendo um distanciamento social calculado em torno dos 50%, a m\u00e9dio prazo pode ensejar a necessidade de uma nova quarentena? Qual \u00e9 a avalia\u00e7\u00e3o do governo nesse momento?<\/p>\n<p style=\"text-align: justify;\">\n<strong>Andr\u00e9 Longo:<\/strong> N\u00f3s tivemos 60 \u00f3bitos no s\u00e1bado e 31 no domingo. Estamos tendo, infelizmente, uma acelera\u00e7\u00e3o no n\u00famero de \u00f3bito por causa do maior n\u00famero de pessoas internadas. Pernambuco, seguindo a ci\u00eancia, tem buscado adotar medidas restritivas quando da maior acelera\u00e7\u00e3o da doen\u00e7a. Quando percebemos no final de fevereiro que havia uma maior acelera\u00e7\u00e3o epid\u00eamica exponencial, adotamos medidas mais restritivas. Isso come\u00e7ou no dia 3 de mar\u00e7o, que tivemos restri\u00e7\u00f5es mais severas nos finais de semana, s\u00f3 com servi\u00e7os essenciais em funcionamento, e nos dias da semana os servi\u00e7os n\u00e3o essenciais parando \u00e0s 20h. A gente espera no decorrer desta semana come\u00e7ar a colher os resultados da diminui\u00e7\u00e3o da circula\u00e7\u00e3o de pessoas e da circula\u00e7\u00e3o viral. \u00c9 certo que nem todos os indicadores de pronto v\u00e3o mostrar isso. O de \u00f3bitos demora mais para que haja uma queda, ainda vai subir para cair, porque \u00e9 reflexo do maior n\u00famero de pessoas internadas nas nossas unidades. Esse \u00e9 um processo que vai ocorrer ao<br \/>\nlongo das pr\u00f3ximas semanas.<\/p>\n<p style=\"text-align: justify;\">\n\u00c9 de se esperar que a partir da pr\u00f3xima semana, 13, a gente comece a ter uma diminui\u00e7\u00e3o da press\u00e3o sobre nosso sistema de sa\u00fade. Esse processo vai ser acompanhado, como sempre tem sido, pelo nosso comit\u00ea no enfrentamento. Se a gente perceber que o comportamento das pessoas n\u00e3o est\u00e1 positivo em rela\u00e7\u00e3o \u00e0s aberturas que estamos fazendo de forma paulatina, \u00e9 preciso acompanhar e ver se \u00e9 poss\u00edvel haver algum novo ajuste. A ideia \u00e9 que a gente tenha essa retomada lenta a partir do dia 1\u00ba de abril, como foi anunciado.<\/p>\n<p style=\"text-align: justify;\">\n<strong>R\u00e1dio Jornal:<\/strong> Uma cr\u00edtica que \u00e9 feita com muita insist\u00eancia \u00e9 de que o estado se antecipou no fechamento dos hospitais de campanha e que n\u00e3o deveriam ter sido fechados. O senhor acha que isso n\u00e3o foi bem calculado?<\/p>\n<p style=\"text-align: justify;\">\n<strong>Andr\u00e9 Longo:<\/strong> Para n\u00f3s que vivemos a sa\u00fade, essa \u00e9 uma falsa pol\u00eamica, na medida em que hospital de campanha \u00e9 provis\u00f3rio. Tivemos uma campanha no ano passado, a superamos, e todos que lidam com economia e sa\u00fade sabem que a estrutura\u00e7\u00e3o de um hospital de campanha tem um custo similar ao da manuten\u00e7\u00e3o. Quando se tem uma estrutura dessa ociosa, do ponto de vista da economia e sa\u00fade \u00e9 mandat\u00f3rio que as atividades sejam encerradas. Fizemos isso com todos que poder\u00edamos ter feito. Alguns ficaram, como o da Aurora; como o que anexa o Mestre Vitalino, em Caruaru; como a Brites de Albuquerque, que depois trocamos a estrutura provis\u00f3ria para uma o hospital provis\u00f3rio que fica pr\u00f3ximo, que \u00e9 da Prefeitura de Olinda. Obviamente, precisamos trabalhar tamb\u00e9m com a economicidade desse processo, que \u00e9 um dos princ\u00edpios da administra\u00e7\u00e3o p\u00fablica, e garantindo assist\u00eancia.<\/p>\n<p style=\"text-align: justify;\">\nO que a gente puder montar &#8211; e temos conseguido fazer isso &#8211; em estruturas definitivas [vamos fazer], como fizemos ao longo do m\u00eas de mar\u00e7o, abrindo mais de 500 leitos &#8211; o maior esfor\u00e7o sanit\u00e1rio e log\u00edstico de mobiliza\u00e7\u00e3o de equipamentos e recursos humanos da hist\u00f3ria de Pernambuco. \u00c9 mais economia para os cofres p\u00fablicos do Estado, garantindo a assist\u00eancia poss\u00edvel para os pernambucanos.<\/p>\n<p style=\"text-align: justify;\"><strong>R\u00e1dio jornal:<\/strong> A gente est\u00e1 na \u00e9poca em que normalmente se iniciava no Estado a vacina\u00e7\u00e3o contra a inuenza. A vacina\u00e7\u00e3o contra a covid-19 ter\u00e1 impacto na campanha contra a gripe?<\/p>\n<p style=\"text-align: justify;\">\n<strong>Andr\u00e9 Longo:<\/strong> Estamos na sazonalidade de maior ocorr\u00eancia de doen\u00e7as respirat\u00f3rias. Precisamos cuidar da covid, como estamos cuidando, buscando vacinar da forma mais c\u00e9lere poss\u00edvel, mesmo com todas as dificuldades de aquisi\u00e7\u00e3o de vacinas, e esperamos que engrene agora, que o ministro da Sa\u00fade esteja certo e que a gente passe a vacinar mais de 1 milh\u00e3o de pessoas por dia ao longo do m\u00eas de abril, o que vai dar, sem d\u00favida, grande impulso \u00e0 campanha de vacina\u00e7\u00e3o contra a covid-19. Mas n\u00e3o podemos descuidar das outras doen\u00e7as, especialmente da Influenza.<\/p>\n<p style=\"text-align: justify;\">\nA gente j\u00e1 sabe que para essa n\u00e3o vai haver escassez de vacina, porque a arma\u00e7\u00e3o \u00e9 que o Butantan j\u00e1 tem as 80 milh\u00f5es de doses prontas para iniciar a campanha, de Influenza, a ideia inicial \u00e9 que ainda nessa primeira quinzena de abril, acho que no dia 10, devemos dar o pontap\u00e9 inicial. Vamos come\u00e7ar pelas crian\u00e7as, que t\u00eam uma vulnerabilidade maior para a Influenza, e que n\u00e3o est\u00e3o sendo vacinadas para a covid-19 nesse momento. A sa\u00fade p\u00fablica vai ter mais o importante trabalho de sincronizar, distanciar a vacina\u00e7\u00e3o da covid-19 com a da influenza em pelo menos 2 semanas. Vamos ter que fazer esse esfor\u00e7o log\u00edstico adicional para separar o p\u00fablico alvo da influenza do da covid-19. Como n\u00e3o estamos vacinando as crian\u00e7as contra a covid-19, vamos come\u00e7ar por elas, depois os profissionais de sa\u00fade e depois os idosos. Esperamos que quando a gente chegue nos idosos a gente j\u00e1 tenha acabado a vacina\u00e7\u00e3o contra a covid-19, ao longo do m\u00eas de abril.<\/p>\n<p style=\"text-align: justify;\">Fonte: Jornal do Commercio<\/p>\n","protected":false},"excerpt":{"rendered":"<p>A escolha se deve \u00e0 recomenda\u00e7\u00e3o de autoridades sanit\u00e1rias em espa\u00e7ar em no m\u00ednimo duas semanas os imunizantes contra a covid-19 e contra a gripe No pr\u00f3ximo m\u00eas, o Brasil d\u00e1 in\u00edcio \u00e0 campanha nacional de vacina\u00e7\u00e3o deste ano contra a gripe, que acontece entre 12 de abril e 9 de julho. Pernambuco estima que [&hellip;]<\/p>\n","protected":false},"author":1,"featured_media":0,"comment_status":"open","ping_status":"open","sticky":false,"template":"","format":"standard","meta":{"ocean_post_layout":"","ocean_both_sidebars_style":"","ocean_both_sidebars_content_width":0,"ocean_both_sidebars_sidebars_width":0,"ocean_sidebar":"","ocean_second_sidebar":"","ocean_disable_margins":"enable","ocean_add_body_class":"","ocean_shortcode_before_top_bar":"","ocean_shortcode_after_top_bar":"","ocean_shortcode_before_header":"","ocean_shortcode_after_header":"","ocean_has_shortcode":"","ocean_shortcode_after_title":"","ocean_shortcode_before_footer_widgets":"","ocean_shortcode_after_footer_widgets":"","ocean_shortcode_before_footer_bottom":"","ocean_shortcode_after_footer_bottom":"","ocean_display_top_bar":"default","ocean_display_header":"default","ocean_header_style":"","ocean_center_header_left_menu":"","ocean_custom_header_template":"","ocean_custom_logo":0,"ocean_custom_retina_logo":0,"ocean_custom_logo_max_width":0,"ocean_custom_logo_tablet_max_width":0,"ocean_custom_logo_mobile_max_width":0,"ocean_custom_logo_max_height":0,"ocean_custom_logo_tablet_max_height":0,"ocean_custom_logo_mobile_max_height":0,"ocean_header_custom_menu":"","ocean_menu_typo_font_family":"","ocean_menu_typo_font_subset":"","ocean_menu_typo_font_size":0,"ocean_menu_typo_font_size_tablet":0,"ocean_menu_typo_font_size_mobile":0,"ocean_menu_typo_font_size_unit":"px","ocean_menu_typo_font_weight":"","ocean_menu_typo_font_weight_tablet":"","ocean_menu_typo_font_weight_mobile":"","ocean_menu_typo_transform":"","ocean_menu_typo_transform_tablet":"","ocean_menu_typo_transform_mobile":"","ocean_menu_typo_line_height":0,"ocean_menu_typo_line_height_tablet":0,"ocean_menu_typo_line_height_mobile":0,"ocean_menu_typo_line_height_unit":"","ocean_menu_typo_spacing":0,"ocean_menu_typo_spacing_tablet":0,"ocean_menu_typo_spacing_mobile":0,"ocean_menu_typo_spacing_unit":"","ocean_menu_link_color":"","ocean_menu_link_color_hover":"","ocean_menu_link_color_active":"","ocean_menu_link_background":"","ocean_menu_link_hover_background":"","ocean_menu_link_active_background":"","ocean_menu_social_links_bg":"","ocean_menu_social_hover_links_bg":"","ocean_menu_social_links_color":"","ocean_menu_social_hover_links_color":"","ocean_disable_title":"default","ocean_disable_heading":"default","ocean_post_title":"","ocean_post_subheading":"","ocean_post_title_style":"","ocean_post_title_background_color":"","ocean_post_title_background":0,"ocean_post_title_bg_image_position":"","ocean_post_title_bg_image_attachment":"","ocean_post_title_bg_image_repeat":"","ocean_post_title_bg_image_size":"","ocean_post_title_height":0,"ocean_post_title_bg_overlay":0.5,"ocean_post_title_bg_overlay_color":"","ocean_disable_breadcrumbs":"default","ocean_breadcrumbs_color":"","ocean_breadcrumbs_separator_color":"","ocean_breadcrumbs_links_color":"","ocean_breadcrumbs_links_hover_color":"","ocean_display_footer_widgets":"default","ocean_display_footer_bottom":"default","ocean_custom_footer_template":"","ocean_post_oembed":"","ocean_post_self_hosted_media":"","ocean_post_video_embed":"","ocean_link_format":"","ocean_link_format_target":"self","ocean_quote_format":"","ocean_quote_format_link":"post","ocean_gallery_link_images":"on","ocean_gallery_id":[]},"categories":[9],"tags":[],"acf":[],"_links":{"self":[{"href":"https:\/\/www.simepe.com.br\/novo\/wp-json\/wp\/v2\/posts\/58820"}],"collection":[{"href":"https:\/\/www.simepe.com.br\/novo\/wp-json\/wp\/v2\/posts"}],"about":[{"href":"https:\/\/www.simepe.com.br\/novo\/wp-json\/wp\/v2\/types\/post"}],"author":[{"embeddable":true,"href":"https:\/\/www.simepe.com.br\/novo\/wp-json\/wp\/v2\/users\/1"}],"replies":[{"embeddable":true,"href":"https:\/\/www.simepe.com.br\/novo\/wp-json\/wp\/v2\/comments?post=58820"}],"version-history":[{"count":1,"href":"https:\/\/www.simepe.com.br\/novo\/wp-json\/wp\/v2\/posts\/58820\/revisions"}],"predecessor-version":[{"id":58821,"href":"https:\/\/www.simepe.com.br\/novo\/wp-json\/wp\/v2\/posts\/58820\/revisions\/58821"}],"wp:attachment":[{"href":"https:\/\/www.simepe.com.br\/novo\/wp-json\/wp\/v2\/media?parent=58820"}],"wp:term":[{"taxonomy":"category","embeddable":true,"href":"https:\/\/www.simepe.com.br\/novo\/wp-json\/wp\/v2\/categories?post=58820"},{"taxonomy":"post_tag","embeddable":true,"href":"https:\/\/www.simepe.com.br\/novo\/wp-json\/wp\/v2\/tags?post=58820"}],"curies":[{"name":"wp","href":"https:\/\/api.w.org\/{rel}","templated":true}]}}