{"id":58831,"date":"2021-03-30T10:02:23","date_gmt":"2021-03-30T13:02:23","guid":{"rendered":"https:\/\/www.simepe.com.br\/novo\/?p=58831"},"modified":"2021-03-30T10:02:23","modified_gmt":"2021-03-30T13:02:23","slug":"atende-em-casa-e-premiado-pela-abrasco","status":"publish","type":"post","link":"https:\/\/www.simepe.com.br\/novo\/atende-em-casa-e-premiado-pela-abrasco\/","title":{"rendered":"Atende em Casa \u00e9 premiado pela Abrasco"},"content":{"rendered":"<p>Na semana em que completou um ano de funcionamento, o Atende em Casa, projeto implementado pelo Governo de Pernambuco em parceria com a Prefeitura do Recife, foi premiado em congresso virtual organizado pela Associa\u00e7\u00e3o Brasileira de Sa\u00fade Coletiva (Abrasco), uma das principais entidades da \u00e1rea. O relato das experi\u00eancias desenvolvidas pela ferramenta on-line, lan\u00e7ada em 26 de mar\u00e7o de 2020, no in\u00edcio da pandemia da Covid-19 em Pernambuco para orientar usu\u00e1rios com sintomas gripais, recebeu o Pr\u00eamio H\u00e9sio Cordeiro &#8211; Men\u00e7\u00e3o Honrosa, na categoria Alternativas de Implementa\u00e7\u00e3o no 4\u00ba Congresso de Pol\u00edtica, Planejamento e Gest\u00e3o da Sa\u00fade da Abrasco. Dos 1.251 trabalhos submetidos, 30 foram contemplados com a condecora\u00e7\u00e3o da comiss\u00e3o cient\u00edfica, em 3 eixos propostos pela iniciativa.<\/p>\n<p>Nestes mais de 365 dias de funcionamento, a ferramenta j\u00e1 conta com mais de 206,7 mil usu\u00e1rios cadastrados. Mais de 30 mil pessoas foram orientadas a procurar uma unidade de sa\u00fade mais pr\u00f3xima da sua resid\u00eancia e mais de 72 mil a permanecer em isolamento domiciliar. Tamb\u00e9m foram realizados, at\u00e9 o momento, mais de 7 mil teleacolhimentos (apoio emocional).<\/p>\n<p>O relato de caso detalhado pela equipe da Secretaria Estadual de Sa\u00fade (SES-PE) aconteceu em mesa de apresenta\u00e7\u00e3o on-line comandada pelo ex-ministro da sa\u00fade Arthur Chioro. Com o tema \u201cImplanta\u00e7\u00e3o de servi\u00e7o de teleassist\u00eancia em resposta \u00e0 pandemia da Covid-19 em Pernambuco: relato de experi\u00eancia\u201d, o grupo compartilhou, durante o encontro, os resultados do servi\u00e7o implantado no Estado e os desafios futuros para fortalecimento da estrat\u00e9gia, assim como interagiram com outras experi\u00eancias apresentadas.<\/p>\n<p>&#8220;O objetivo do servi\u00e7o \u00e9 oferecer acolhimento aos usu\u00e1rios nas suas experi\u00eancias de adoecimento, por meio de teleorienta\u00e7\u00e3o, telemonitoramento e teleacolhimento. Neste primeiro ano de funcionamento, j\u00e1 vemos resultados promissores, principalmente na quest\u00e3o do acesso, por parte da popula\u00e7\u00e3o, \u00e0 informa\u00e7\u00e3o adequada e ao cuidado em tempo oportuno. O Atende em Casa tamb\u00e9m destacou o papel da teleassist\u00eancia al\u00e9m do apoio ao usu\u00e1rio, mas tamb\u00e9m na gest\u00e3o do trabalho, uma vez que conseguimos realocar profissionais da sa\u00fade que estavam afastados, por serem do grupo de risco para a Covid-19, para atuar na linha de frente. Por isso, o reconhecimento do ponto de vista t\u00e9cnico-cient\u00edfico, com a men\u00e7\u00e3o honrosa no congresso da Abrasco, \u00e9 muito importante para mostrar a relev\u00e2ncia do projeto&#8221;, pontua a diretora Geral de Educa\u00e7\u00e3o em Sa\u00fade da SES-PE, Juliana Siqueira.<\/p>\n<p>A premia\u00e7\u00e3o aconteceu no encerramento do Congresso, na \u00faltima sexta-feira (26\/03). A cerim\u00f4nia virtual foi conduzida pelo coordenador do Grupo de Trabalho (GT) de Avalia\u00e7\u00e3o da Abrasco e professor da Faculdade de Sa\u00fade P\u00fablica da Universidade de S\u00e3o Paulo (USP), Oswaldo Tanaka. O especialista destacou que os trabalhos passaram por an\u00e1lise da comiss\u00e3o cient\u00edfica do congresso, sendo a experi\u00eancia da Secretaria de Sa\u00fade de Pernambuco selecionada como alternativa inovadora, com potencial de apontar formas alternativas para fortalecimento do Sistema \u00danico de Sa\u00fade (SUS).<\/p>\n<p><strong>BALAN\u00c7O &#8211; <\/strong>Implementado em mar\u00e7o de 2020, a partir de parceria da Secretaria Estadual de Sa\u00fade e a Secretaria de Sa\u00fade do Recife (Sesau), o Atende em Casa contempla a popula\u00e7\u00e3o de 178 cidades pernambucanas, o que equivale a 96,22% dos munic\u00edpios do Estado, com cobertura para mais de 9,4 milh\u00f5es de pernambucanos (98,59% da popula\u00e7\u00e3o estadual total). O usu\u00e1rio pode acessar o servi\u00e7o pelo site (<a href=\"http:\/\/atendeemcasa.pe.gov.br\" target=\"_blank\">atendeemcasa.pe.gov.br<\/a>) ou por meio de aplicativo para smartphones com o sistema Android (ferramenta dispon\u00edvel na Google Play Store).<\/p>\n<p>Ap\u00f3s o cadastro de informa\u00e7\u00f5es essenciais, o usu\u00e1rio que acessa o \u201cAtende em Casa\u201d \u00e9 direcionado para um question\u00e1rio que permite a avalia\u00e7\u00e3o inicial do quadro de sa\u00fade a partir de perguntas sobre seus sintomas. Em seguida, uma classifica\u00e7\u00e3o de risco \u00e9 realizada pelo sistema, na qual o usu\u00e1rio recebe orienta\u00e7\u00f5es necess\u00e1rias para sua situa\u00e7\u00e3o ou \u00e9 encaminhado para uma teleorienta\u00e7\u00e3o com um profissional de sa\u00fade.<\/p>\n<p>A teleorienta\u00e7\u00e3o busca acolher o usu\u00e1rio em sua experi\u00eancia de adoecimento, confirmar as condi\u00e7\u00f5es e sintomas referidos no question\u00e1rio e orientar sobre os cuidados necess\u00e1rios a cada classifica\u00e7\u00e3o de risco (por exemplo, informar sobre os procedimentos do isolamento domiciliar ou como proceder o encaminhamento ao servi\u00e7o de sa\u00fade mais adequado para sua situa\u00e7\u00e3o). O Atende em Casa tamb\u00e9m conta com o teleacolhimento, servi\u00e7o de apoio emocional para a popula\u00e7\u00e3o com suspeita de Covid-19 que apresenta sofrimento ps\u00edquico pelo isolamento domiciliar ou pela pr\u00f3pria doen\u00e7a.<\/p>\n<p>Mais de 100 profissionais de sa\u00fade foram treinados pela SES-PE, respons\u00e1vel por coordenar os atendimentos fora do Recife, para atua\u00e7\u00e3o no Atende em Casa, refor\u00e7ando as escalas de plant\u00e3o. Os profissionais recebem orienta\u00e7\u00f5es quanto ao uso do aplicativo, protocolos cl\u00ednicos da Covid-19 e fluxo de atendimento nas unidades de sa\u00fade.<\/p>\n<p>Fonte: Secretaria Estadual de Sa\u00fade (SES)<\/p>\n","protected":false},"excerpt":{"rendered":"<p>Na semana em que completou um ano de funcionamento, o Atende em Casa, projeto implementado pelo Governo de Pernambuco em parceria com a Prefeitura do Recife, foi premiado em congresso virtual organizado pela Associa\u00e7\u00e3o Brasileira de Sa\u00fade Coletiva (Abrasco), uma das principais entidades da \u00e1rea. O relato das experi\u00eancias desenvolvidas pela ferramenta on-line, lan\u00e7ada em [&hellip;]<\/p>\n","protected":false},"author":1,"featured_media":0,"comment_status":"open","ping_status":"open","sticky":false,"template":"","format":"standard","meta":{"ocean_post_layout":"","ocean_both_sidebars_style":"","ocean_both_sidebars_content_width":0,"ocean_both_sidebars_sidebars_width":0,"ocean_sidebar":"","ocean_second_sidebar":"","ocean_disable_margins":"enable","ocean_add_body_class":"","ocean_shortcode_before_top_bar":"","ocean_shortcode_after_top_bar":"","ocean_shortcode_before_header":"","ocean_shortcode_after_header":"","ocean_has_shortcode":"","ocean_shortcode_after_title":"","ocean_shortcode_before_footer_widgets":"","ocean_shortcode_after_footer_widgets":"","ocean_shortcode_before_footer_bottom":"","ocean_shortcode_after_footer_bottom":"","ocean_display_top_bar":"default","ocean_display_header":"default","ocean_header_style":"","ocean_center_header_left_menu":"","ocean_custom_header_template":"","ocean_custom_logo":0,"ocean_custom_retina_logo":0,"ocean_custom_logo_max_width":0,"ocean_custom_logo_tablet_max_width":0,"ocean_custom_logo_mobile_max_width":0,"ocean_custom_logo_max_height":0,"ocean_custom_logo_tablet_max_height":0,"ocean_custom_logo_mobile_max_height":0,"ocean_header_custom_menu":"","ocean_menu_typo_font_family":"","ocean_menu_typo_font_subset":"","ocean_menu_typo_font_size":0,"ocean_menu_typo_font_size_tablet":0,"ocean_menu_typo_font_size_mobile":0,"ocean_menu_typo_font_size_unit":"px","ocean_menu_typo_font_weight":"","ocean_menu_typo_font_weight_tablet":"","ocean_menu_typo_font_weight_mobile":"","ocean_menu_typo_transform":"","ocean_menu_typo_transform_tablet":"","ocean_menu_typo_transform_mobile":"","ocean_menu_typo_line_height":0,"ocean_menu_typo_line_height_tablet":0,"ocean_menu_typo_line_height_mobile":0,"ocean_menu_typo_line_height_unit":"","ocean_menu_typo_spacing":0,"ocean_menu_typo_spacing_tablet":0,"ocean_menu_typo_spacing_mobile":0,"ocean_menu_typo_spacing_unit":"","ocean_menu_link_color":"","ocean_menu_link_color_hover":"","ocean_menu_link_color_active":"","ocean_menu_link_background":"","ocean_menu_link_hover_background":"","ocean_menu_link_active_background":"","ocean_menu_social_links_bg":"","ocean_menu_social_hover_links_bg":"","ocean_menu_social_links_color":"","ocean_menu_social_hover_links_color":"","ocean_disable_title":"default","ocean_disable_heading":"default","ocean_post_title":"","ocean_post_subheading":"","ocean_post_title_style":"","ocean_post_title_background_color":"","ocean_post_title_background":0,"ocean_post_title_bg_image_position":"","ocean_post_title_bg_image_attachment":"","ocean_post_title_bg_image_repeat":"","ocean_post_title_bg_image_size":"","ocean_post_title_height":0,"ocean_post_title_bg_overlay":0.5,"ocean_post_title_bg_overlay_color":"","ocean_disable_breadcrumbs":"default","ocean_breadcrumbs_color":"","ocean_breadcrumbs_separator_color":"","ocean_breadcrumbs_links_color":"","ocean_breadcrumbs_links_hover_color":"","ocean_display_footer_widgets":"default","ocean_display_footer_bottom":"default","ocean_custom_footer_template":"","ocean_post_oembed":"","ocean_post_self_hosted_media":"","ocean_post_video_embed":"","ocean_link_format":"","ocean_link_format_target":"self","ocean_quote_format":"","ocean_quote_format_link":"post","ocean_gallery_link_images":"on","ocean_gallery_id":[]},"categories":[9],"tags":[1490,82],"acf":[],"_links":{"self":[{"href":"https:\/\/www.simepe.com.br\/novo\/wp-json\/wp\/v2\/posts\/58831"}],"collection":[{"href":"https:\/\/www.simepe.com.br\/novo\/wp-json\/wp\/v2\/posts"}],"about":[{"href":"https:\/\/www.simepe.com.br\/novo\/wp-json\/wp\/v2\/types\/post"}],"author":[{"embeddable":true,"href":"https:\/\/www.simepe.com.br\/novo\/wp-json\/wp\/v2\/users\/1"}],"replies":[{"embeddable":true,"href":"https:\/\/www.simepe.com.br\/novo\/wp-json\/wp\/v2\/comments?post=58831"}],"version-history":[{"count":1,"href":"https:\/\/www.simepe.com.br\/novo\/wp-json\/wp\/v2\/posts\/58831\/revisions"}],"predecessor-version":[{"id":58832,"href":"https:\/\/www.simepe.com.br\/novo\/wp-json\/wp\/v2\/posts\/58831\/revisions\/58832"}],"wp:attachment":[{"href":"https:\/\/www.simepe.com.br\/novo\/wp-json\/wp\/v2\/media?parent=58831"}],"wp:term":[{"taxonomy":"category","embeddable":true,"href":"https:\/\/www.simepe.com.br\/novo\/wp-json\/wp\/v2\/categories?post=58831"},{"taxonomy":"post_tag","embeddable":true,"href":"https:\/\/www.simepe.com.br\/novo\/wp-json\/wp\/v2\/tags?post=58831"}],"curies":[{"name":"wp","href":"https:\/\/api.w.org\/{rel}","templated":true}]}}