{"id":58840,"date":"2021-03-30T10:13:43","date_gmt":"2021-03-30T13:13:43","guid":{"rendered":"https:\/\/www.simepe.com.br\/novo\/?p=58840"},"modified":"2021-03-30T10:13:43","modified_gmt":"2021-03-30T13:13:43","slug":"sem-doses-sao-lourenco-da-mata-suspende-vacinacao-de-idosos-de-65-a-69-anos","status":"publish","type":"post","link":"https:\/\/www.simepe.com.br\/novo\/sem-doses-sao-lourenco-da-mata-suspende-vacinacao-de-idosos-de-65-a-69-anos\/","title":{"rendered":"Sem doses, S\u00e3o Louren\u00e7o da Mata suspende vacina\u00e7\u00e3o de idosos de 65 a 69 anos"},"content":{"rendered":"<p><em>A prefeitura afirmou que houve alta ades\u00e3o da popula\u00e7\u00e3o e que h\u00e1 a previs\u00e3o da chegada de uma nova remessa de vacinas at\u00e9 esta quarta-feira (31).<\/em><\/p>\n<p>A cidade de S\u00e3o Louren\u00e7o da Mata, na Regi\u00e3o Metropolitana do Recife, suspendeu a vacina\u00e7\u00e3o contra a Covid-19 para idosos de 65 a 69 anos. De acordo com a prefeitura, o estoque acabou diante da alta ades\u00e3o da popula\u00e7\u00e3o e do quantitativo insuficiente recebido.<\/p>\n<p>Foram entregues ao munic\u00edpio cerca de 1.090 doses para atender a faixa et\u00e1ria, o que, segundo a prefeitura, representa 25% do quantitativo necess\u00e1rio para a imuniza\u00e7\u00e3o ampla.<\/p>\n<p>A prefeitura afirmou que\u00a0h\u00e1 a previs\u00e3o de\u00a0chegada de uma nova remessa de vacinas at\u00e9 esta quarta-feira (31), o que possibilitaria a retomada da vacina\u00e7\u00e3o para os idosos de 65 a 69 anos.<\/p>\n<p>A vacina\u00e7\u00e3o dos demais grupos priorit\u00e1rios segue em andamento, uma vez que as doses s\u00e3o direcionadas com as quantidades definidas de acordo com o repasse da Secretaria Estadual de Sa\u00fade (SES-PE).<\/p>\n<p>&#8220;Refor\u00e7amos mais uma vez o compromisso de que, t\u00e3o logo forem chegando novas remessas da vacina contra a Covid-19, estaremos ampliando a faixa et\u00e1ria e imunizando cada vez mais s\u00e3o lourencenses. Estamos empenhados diuturnamente em uma grande for\u00e7a tarefa para vencer essa pandemia&#8221;, informou a Prefeitura de S\u00e3o Louren\u00e7o da Mata em comunicado oficial.<\/p>\n<p>O \u00faltimo balan\u00e7o divulgado pela Secretaria Municipal de Sa\u00fade indica que 7.301 doses das vacinas contra a Covid-19 foram aplicadas at\u00e9 a segunda-feira (29) na cidada.<\/p>\n<p>Desse total, 6.515 s\u00e3o da primeira dose e 786 da segunda dose.<\/p>\n<p><big><strong>Como e onde vacinar em S\u00e3o Louren\u00e7o da Mata<\/strong><\/big><br \/>\nMoradores de S\u00e3o Louren\u00e7o da Mata devem ir ao ponto de vacina\u00e7\u00e3o com documento oficial com foto, CPF e comprovante de resid\u00eancia.<\/p>\n<p>A vacina\u00e7\u00e3o na cidade ocorre em quatro pontos:<\/p>\n<p>&#8211; Posto Aristeu Chaves, pr\u00f3ximo ao Terminal Parque Capibaribe<br \/>\n&#8211; Sesc de Ti\u00fama<br \/>\n&#8211; Centro Social Urbano, em Ch\u00e1 da T\u00e1bua (drive-trhu)<br \/>\n&#8211; Em frente \u00e0 antiga Fiat Lux, em Capibaribe<\/p>\n<p>Os pontos funcionam de segunda a sexta-feira, das 8h \u00e0s 12h.<\/p>\n<p>A vacina\u00e7\u00e3o de idosos acamados deve ser agendada pelo telefone <strong>(81) 9.8997-4119<\/strong>.<\/p>\n<p>Fonte: Folha de Pernambuco<\/p>\n","protected":false},"excerpt":{"rendered":"<p>A prefeitura afirmou que houve alta ades\u00e3o da popula\u00e7\u00e3o e que h\u00e1 a previs\u00e3o da chegada de uma nova remessa de vacinas at\u00e9 esta quarta-feira (31). A cidade de S\u00e3o Louren\u00e7o da Mata, na Regi\u00e3o Metropolitana do Recife, suspendeu a vacina\u00e7\u00e3o contra a Covid-19 para idosos de 65 a 69 anos. De acordo com a [&hellip;]<\/p>\n","protected":false},"author":1,"featured_media":0,"comment_status":"open","ping_status":"open","sticky":false,"template":"","format":"standard","meta":{"ocean_post_layout":"","ocean_both_sidebars_style":"","ocean_both_sidebars_content_width":0,"ocean_both_sidebars_sidebars_width":0,"ocean_sidebar":"","ocean_second_sidebar":"","ocean_disable_margins":"enable","ocean_add_body_class":"","ocean_shortcode_before_top_bar":"","ocean_shortcode_after_top_bar":"","ocean_shortcode_before_header":"","ocean_shortcode_after_header":"","ocean_has_shortcode":"","ocean_shortcode_after_title":"","ocean_shortcode_before_footer_widgets":"","ocean_shortcode_after_footer_widgets":"","ocean_shortcode_before_footer_bottom":"","ocean_shortcode_after_footer_bottom":"","ocean_display_top_bar":"default","ocean_display_header":"default","ocean_header_style":"","ocean_center_header_left_menu":"","ocean_custom_header_template":"","ocean_custom_logo":0,"ocean_custom_retina_logo":0,"ocean_custom_logo_max_width":0,"ocean_custom_logo_tablet_max_width":0,"ocean_custom_logo_mobile_max_width":0,"ocean_custom_logo_max_height":0,"ocean_custom_logo_tablet_max_height":0,"ocean_custom_logo_mobile_max_height":0,"ocean_header_custom_menu":"","ocean_menu_typo_font_family":"","ocean_menu_typo_font_subset":"","ocean_menu_typo_font_size":0,"ocean_menu_typo_font_size_tablet":0,"ocean_menu_typo_font_size_mobile":0,"ocean_menu_typo_font_size_unit":"px","ocean_menu_typo_font_weight":"","ocean_menu_typo_font_weight_tablet":"","ocean_menu_typo_font_weight_mobile":"","ocean_menu_typo_transform":"","ocean_menu_typo_transform_tablet":"","ocean_menu_typo_transform_mobile":"","ocean_menu_typo_line_height":0,"ocean_menu_typo_line_height_tablet":0,"ocean_menu_typo_line_height_mobile":0,"ocean_menu_typo_line_height_unit":"","ocean_menu_typo_spacing":0,"ocean_menu_typo_spacing_tablet":0,"ocean_menu_typo_spacing_mobile":0,"ocean_menu_typo_spacing_unit":"","ocean_menu_link_color":"","ocean_menu_link_color_hover":"","ocean_menu_link_color_active":"","ocean_menu_link_background":"","ocean_menu_link_hover_background":"","ocean_menu_link_active_background":"","ocean_menu_social_links_bg":"","ocean_menu_social_hover_links_bg":"","ocean_menu_social_links_color":"","ocean_menu_social_hover_links_color":"","ocean_disable_title":"default","ocean_disable_heading":"default","ocean_post_title":"","ocean_post_subheading":"","ocean_post_title_style":"","ocean_post_title_background_color":"","ocean_post_title_background":0,"ocean_post_title_bg_image_position":"","ocean_post_title_bg_image_attachment":"","ocean_post_title_bg_image_repeat":"","ocean_post_title_bg_image_size":"","ocean_post_title_height":0,"ocean_post_title_bg_overlay":0.5,"ocean_post_title_bg_overlay_color":"","ocean_disable_breadcrumbs":"default","ocean_breadcrumbs_color":"","ocean_breadcrumbs_separator_color":"","ocean_breadcrumbs_links_color":"","ocean_breadcrumbs_links_hover_color":"","ocean_display_footer_widgets":"default","ocean_display_footer_bottom":"default","ocean_custom_footer_template":"","ocean_post_oembed":"","ocean_post_self_hosted_media":"","ocean_post_video_embed":"","ocean_link_format":"","ocean_link_format_target":"self","ocean_quote_format":"","ocean_quote_format_link":"post","ocean_gallery_link_images":"on","ocean_gallery_id":[]},"categories":[9],"tags":[1420,82,474],"acf":[],"_links":{"self":[{"href":"https:\/\/www.simepe.com.br\/novo\/wp-json\/wp\/v2\/posts\/58840"}],"collection":[{"href":"https:\/\/www.simepe.com.br\/novo\/wp-json\/wp\/v2\/posts"}],"about":[{"href":"https:\/\/www.simepe.com.br\/novo\/wp-json\/wp\/v2\/types\/post"}],"author":[{"embeddable":true,"href":"https:\/\/www.simepe.com.br\/novo\/wp-json\/wp\/v2\/users\/1"}],"replies":[{"embeddable":true,"href":"https:\/\/www.simepe.com.br\/novo\/wp-json\/wp\/v2\/comments?post=58840"}],"version-history":[{"count":1,"href":"https:\/\/www.simepe.com.br\/novo\/wp-json\/wp\/v2\/posts\/58840\/revisions"}],"predecessor-version":[{"id":58841,"href":"https:\/\/www.simepe.com.br\/novo\/wp-json\/wp\/v2\/posts\/58840\/revisions\/58841"}],"wp:attachment":[{"href":"https:\/\/www.simepe.com.br\/novo\/wp-json\/wp\/v2\/media?parent=58840"}],"wp:term":[{"taxonomy":"category","embeddable":true,"href":"https:\/\/www.simepe.com.br\/novo\/wp-json\/wp\/v2\/categories?post=58840"},{"taxonomy":"post_tag","embeddable":true,"href":"https:\/\/www.simepe.com.br\/novo\/wp-json\/wp\/v2\/tags?post=58840"}],"curies":[{"name":"wp","href":"https:\/\/api.w.org\/{rel}","templated":true}]}}