{"id":58846,"date":"2021-03-30T10:18:18","date_gmt":"2021-03-30T13:18:18","guid":{"rendered":"https:\/\/www.simepe.com.br\/novo\/?p=58846"},"modified":"2021-03-30T10:18:18","modified_gmt":"2021-03-30T13:18:18","slug":"recife-doa-sistema-de-agendamento-digital-de-vacinacao-contra-a-covid-19-a-outras-cidades","status":"publish","type":"post","link":"https:\/\/www.simepe.com.br\/novo\/recife-doa-sistema-de-agendamento-digital-de-vacinacao-contra-a-covid-19-a-outras-cidades\/","title":{"rendered":"Recife doa sistema de agendamento digital de vacina\u00e7\u00e3o contra a Covid-19 a outras cidades"},"content":{"rendered":"<p><em>Prefeito Jo\u00e3o Campos destacou que a ajuda ser\u00e1 dada de forma gratuita, para multiplicar for\u00e7as no combate \u00e0 doen\u00e7a.<\/em><\/p>\n<p>O prefeito do Recife, Jo\u00e3o Campos, anunciou a doa\u00e7\u00e3o do sistema digital desenvolvido para a vacina\u00e7\u00e3o contra a Covid-19 na cidade a outros munic\u00edpios do Pa\u00eds atrav\u00e9s da Frente Nacional de Prefeitos e grupo Unidos Pela Vacina.<\/p>\n<p>No Recife, todo o processo de cadastro, agendamento e atendimento \u00e9 feito em um processo 100% digital, o que permite, por exemplo, baixa incid\u00eancia de aglomera\u00e7\u00f5es e longas filas nos postos de imuniza\u00e7\u00e3o como vistas em v\u00e1rias partes do Brasil.<\/p>\n<p>O an\u00fancio de Jo\u00e3o Campos foi feito nessa segunda-feira (29). O gestor destacou que a ajuda ser\u00e1 dada de forma gratuita, para multiplicar for\u00e7as no combate \u00e0 doen\u00e7a.<\/p>\n<p>\u201cN\u00f3s vamos fazer isso porque a tomada de decis\u00e3o do gestor \u00e9 muito mais segura e mais r\u00e1pida se tiver mais informa\u00e7\u00f5es acerca de determinado tema. Isso nos ajudou muito, e a gente entende que tudo aquilo que d\u00e1 certo a gente tem que multiplicar e tem que fazer chegar a quem precisa. Ent\u00e3o, qualquer gestor do Brasil que desejar o nosso sistema\u00a0vai estar disponibilizado de forma gratuita para ajudar a vacina\u00e7\u00e3o no nosso Pa\u00eds\u201d, completou.<\/p>\n<p>O Recife foi a primeira capital do Nordeste e uma das primeiras do Brasil a iniciar a vacina\u00e7\u00e3o em diversos grupos priorit\u00e1rios, como aquele formado por idosos com 64 anos ou mais.<\/p>\n<p>Em um \u00fanico dia, a capital pernambucana j\u00e1 alcan\u00e7ou a marca de 8,2 mil pessoas vacinadas, sem filas ou aglomera\u00e7\u00f5es. At\u00e9 o momento, 198.445 pessoas foram vacinadas no Recife. Dessas, 62.874 receberam a segunda dose do imunizante e j\u00e1 conclu\u00edram o esquema vacinal.<\/p>\n<p>Todo o processo \u00e9 feito atrav\u00e9s da plataforma Conecta Recife. Os recifenses, liberados ou n\u00e3o para a vacina\u00e7\u00e3o, podem realizar o cadastro atrav\u00e9s do site\u00a0 <a href=\"http:\/\/www.conectarecife.recife.pe.gov.br\" target=\"_blank\"><strong>www.conectarecife.recife.pe.gov.br<\/strong><\/a> ou do app Conecta Recife, dispon\u00edvel gratuitamente na PlayStore, para Android, e AppStore, para quem utiliza o sistema iOS.<\/p>\n<p>Todas as pessoas cadastradas s\u00e3o notificadas quando o agendamento abrir para o grupo da qual elas fazem parte. Agendar \u00e9 simples: basta escolher o local, data e hor\u00e1rio da imuniza\u00e7\u00e3o e levar a documenta\u00e7\u00e3o anexada no cadastro (documento oficial com foto e comprovante de resid\u00eancia no Recife) no dia do atendimento.<\/p>\n<p><big><strong>Cons\u00f3rcio Conectar<\/strong><\/big><br \/>\nO Recife integra o Cons\u00f3rcio Nacional de Vacinas das Cidades Brasileiras &#8211; Conectar, iniciativa liderada pela Frente Nacional dos Prefeitos (FNP) para aquisi\u00e7\u00e3o de imunizantes pelos munic\u00edpios brasileiros, com o objetivo de refor\u00e7ar o Plano Nacional de Imuniza\u00e7\u00e3o (PNI).<\/p>\n<p>A FNP \u00e9 formada hoje por 412 munic\u00edpios com mais de 80 mil habitantes, correspondendo a 61% da popula\u00e7\u00e3o do Pa\u00eds e 70% do Produto Interno Bruto (PIB) brasileiro.<\/p>\n<p>Ao todo, mais de 2 mil munic\u00edpios fazem parte do grupo que busca a aquisi\u00e7\u00e3o de vacinas junto aos laborat\u00f3rios de todo o mundo.<\/p>\n<p>Fonte: Folha de Pernambuco<\/p>\n","protected":false},"excerpt":{"rendered":"<p>Prefeito Jo\u00e3o Campos destacou que a ajuda ser\u00e1 dada de forma gratuita, para multiplicar for\u00e7as no combate \u00e0 doen\u00e7a. O prefeito do Recife, Jo\u00e3o Campos, anunciou a doa\u00e7\u00e3o do sistema digital desenvolvido para a vacina\u00e7\u00e3o contra a Covid-19 na cidade a outros munic\u00edpios do Pa\u00eds atrav\u00e9s da Frente Nacional de Prefeitos e grupo Unidos Pela [&hellip;]<\/p>\n","protected":false},"author":1,"featured_media":0,"comment_status":"open","ping_status":"open","sticky":false,"template":"","format":"standard","meta":{"ocean_post_layout":"","ocean_both_sidebars_style":"","ocean_both_sidebars_content_width":0,"ocean_both_sidebars_sidebars_width":0,"ocean_sidebar":"","ocean_second_sidebar":"","ocean_disable_margins":"enable","ocean_add_body_class":"","ocean_shortcode_before_top_bar":"","ocean_shortcode_after_top_bar":"","ocean_shortcode_before_header":"","ocean_shortcode_after_header":"","ocean_has_shortcode":"","ocean_shortcode_after_title":"","ocean_shortcode_before_footer_widgets":"","ocean_shortcode_after_footer_widgets":"","ocean_shortcode_before_footer_bottom":"","ocean_shortcode_after_footer_bottom":"","ocean_display_top_bar":"default","ocean_display_header":"default","ocean_header_style":"","ocean_center_header_left_menu":"","ocean_custom_header_template":"","ocean_custom_logo":0,"ocean_custom_retina_logo":0,"ocean_custom_logo_max_width":0,"ocean_custom_logo_tablet_max_width":0,"ocean_custom_logo_mobile_max_width":0,"ocean_custom_logo_max_height":0,"ocean_custom_logo_tablet_max_height":0,"ocean_custom_logo_mobile_max_height":0,"ocean_header_custom_menu":"","ocean_menu_typo_font_family":"","ocean_menu_typo_font_subset":"","ocean_menu_typo_font_size":0,"ocean_menu_typo_font_size_tablet":0,"ocean_menu_typo_font_size_mobile":0,"ocean_menu_typo_font_size_unit":"px","ocean_menu_typo_font_weight":"","ocean_menu_typo_font_weight_tablet":"","ocean_menu_typo_font_weight_mobile":"","ocean_menu_typo_transform":"","ocean_menu_typo_transform_tablet":"","ocean_menu_typo_transform_mobile":"","ocean_menu_typo_line_height":0,"ocean_menu_typo_line_height_tablet":0,"ocean_menu_typo_line_height_mobile":0,"ocean_menu_typo_line_height_unit":"","ocean_menu_typo_spacing":0,"ocean_menu_typo_spacing_tablet":0,"ocean_menu_typo_spacing_mobile":0,"ocean_menu_typo_spacing_unit":"","ocean_menu_link_color":"","ocean_menu_link_color_hover":"","ocean_menu_link_color_active":"","ocean_menu_link_background":"","ocean_menu_link_hover_background":"","ocean_menu_link_active_background":"","ocean_menu_social_links_bg":"","ocean_menu_social_hover_links_bg":"","ocean_menu_social_links_color":"","ocean_menu_social_hover_links_color":"","ocean_disable_title":"default","ocean_disable_heading":"default","ocean_post_title":"","ocean_post_subheading":"","ocean_post_title_style":"","ocean_post_title_background_color":"","ocean_post_title_background":0,"ocean_post_title_bg_image_position":"","ocean_post_title_bg_image_attachment":"","ocean_post_title_bg_image_repeat":"","ocean_post_title_bg_image_size":"","ocean_post_title_height":0,"ocean_post_title_bg_overlay":0.5,"ocean_post_title_bg_overlay_color":"","ocean_disable_breadcrumbs":"default","ocean_breadcrumbs_color":"","ocean_breadcrumbs_separator_color":"","ocean_breadcrumbs_links_color":"","ocean_breadcrumbs_links_hover_color":"","ocean_display_footer_widgets":"default","ocean_display_footer_bottom":"default","ocean_custom_footer_template":"","ocean_post_oembed":"","ocean_post_self_hosted_media":"","ocean_post_video_embed":"","ocean_link_format":"","ocean_link_format_target":"self","ocean_quote_format":"","ocean_quote_format_link":"post","ocean_gallery_link_images":"on","ocean_gallery_id":[]},"categories":[9],"tags":[1420,1490,82],"acf":[],"_links":{"self":[{"href":"https:\/\/www.simepe.com.br\/novo\/wp-json\/wp\/v2\/posts\/58846"}],"collection":[{"href":"https:\/\/www.simepe.com.br\/novo\/wp-json\/wp\/v2\/posts"}],"about":[{"href":"https:\/\/www.simepe.com.br\/novo\/wp-json\/wp\/v2\/types\/post"}],"author":[{"embeddable":true,"href":"https:\/\/www.simepe.com.br\/novo\/wp-json\/wp\/v2\/users\/1"}],"replies":[{"embeddable":true,"href":"https:\/\/www.simepe.com.br\/novo\/wp-json\/wp\/v2\/comments?post=58846"}],"version-history":[{"count":1,"href":"https:\/\/www.simepe.com.br\/novo\/wp-json\/wp\/v2\/posts\/58846\/revisions"}],"predecessor-version":[{"id":58847,"href":"https:\/\/www.simepe.com.br\/novo\/wp-json\/wp\/v2\/posts\/58846\/revisions\/58847"}],"wp:attachment":[{"href":"https:\/\/www.simepe.com.br\/novo\/wp-json\/wp\/v2\/media?parent=58846"}],"wp:term":[{"taxonomy":"category","embeddable":true,"href":"https:\/\/www.simepe.com.br\/novo\/wp-json\/wp\/v2\/categories?post=58846"},{"taxonomy":"post_tag","embeddable":true,"href":"https:\/\/www.simepe.com.br\/novo\/wp-json\/wp\/v2\/tags?post=58846"}],"curies":[{"name":"wp","href":"https:\/\/api.w.org\/{rel}","templated":true}]}}