{"id":58853,"date":"2021-03-31T10:04:13","date_gmt":"2021-03-31T13:04:13","guid":{"rendered":"https:\/\/www.simepe.com.br\/novo\/?p=58853"},"modified":"2021-03-31T10:04:13","modified_gmt":"2021-03-31T13:04:13","slug":"ministro-queiroga-se-reune-com-representantes-dos-eua-para-tratar-de-combate-a-pandemia-no-brasil","status":"publish","type":"post","link":"https:\/\/www.simepe.com.br\/novo\/ministro-queiroga-se-reune-com-representantes-dos-eua-para-tratar-de-combate-a-pandemia-no-brasil\/","title":{"rendered":"Ministro Queiroga se re\u00fane com representantes dos EUA para tratar de combate \u00e0 pandemia no Brasil"},"content":{"rendered":"<p><em>Em dois encontros virtuais, Ministro da Sa\u00fade refor\u00e7ou a inten\u00e7\u00e3o de ampliar a vacina\u00e7\u00e3o a curto prazo no Pa\u00eds.<\/em><\/p>\n<p class=\"Normal\"><span class=\"Normal__Char\">O ministro da Sa\u00fade, Marcelo Queiroga, participou de duas reuni\u00f5es nesta ter\u00e7a-feira (30\/03) com representantes do Governo dos Estados Unidos com o objetivo de refor\u00e7ar a parceria estrat\u00e9gica entre os pa\u00edses e coordenar uma a\u00e7\u00e3o conjunta para o enfrentamento da covid-19 no Brasil.<\/span><\/p>\n<p class=\"Normal\"><span class=\"Normal__Char\">Pela manh\u00e3, Queiroga se reuniu com o embaixador dos Estados Unidos no Brasil, Todd Chapman. O ministro citou o bom relacionamento do Brasil com o governo norte-americano e explicou que o seu objetivo \u00e9 acelerar, cada vez mais, a campanha de vacina\u00e7\u00e3o do Brasil.<\/span><\/p>\n<p class=\"Normal\"><span class=\"Normal__Char\">\u201cN\u00f3s j\u00e1 conseguimos triplicar o n\u00famero de doses aplicadas por dia. De 300 mil, estamos quase chegando a 1 milh\u00e3o. Mas a capacidade de vacina\u00e7\u00e3o do Brasil \u00e9 enorme. Com um aporte maior de vacinas, podemos dar uma resposta \u00e0 popula\u00e7\u00e3o brasileira e diminuir a press\u00e3o no sistema de sa\u00fade\u201d, explicou.<\/span><\/p>\n<p class=\"Normal\"><span class=\"Normal__Char\">O ministro tamb\u00e9m citou outras demandas, como de insumos, medicamentos e oxig\u00eanio: \u201cEstou muito esperan\u00e7oso com essa rela\u00e7\u00e3o com o governo americano\u201d, afirmou Queiroga.<\/span><\/p>\n<p class=\"Normal\"><span class=\"Normal__Char\">Por videoconfer\u00eancia, o embaixador dos Estados Unidos se colocou \u00e0 disposi\u00e7\u00e3o para auxiliar em futuras a\u00e7\u00f5es de apoio ao Pa\u00eds e citou a possibilidade de facilitar contato com a ind\u00fastria norte-americana para a compra de insumos para ampliar a oferta de oxig\u00eanio, caminh\u00f5es para transporte de oxig\u00eanio, cilindros e \u201ckit intuba\u00e7\u00e3o\u201d.<\/span><\/p>\n<p class=\"Normal\"><span class=\"Normal__Char\">\u201cComo parceiros e amigos do Brasil, temos estado ao lado dos brasileiros na luta contra a covid-19 desde o primeiro dia. A ajuda dos EUA nos \u00faltimos 12 meses alcan\u00e7ou milh\u00f5es de brasileiros, e continuaremos o trabalho em todos os temas para derrotar o coronav\u00edrus juntos. Esfor\u00e7o n\u00e3o vai faltar\u201d, disse Todd Chapman.<\/span><\/p>\n<p class=\"Normal\"><span class=\"Normal__Char\">Em seguida, o ministro Marcelo Queiroga se reuniu virtualmente com o assessor m\u00e9dico chefe da Casa Branca e diretor do Instituto Nacional de Alergia e Doen\u00e7as Infecciosas, Anthony Fauci.<\/span><\/p>\n<p class=\"Normal\"><span class=\"Normal__Char\">\u201cEssa coopera\u00e7\u00e3o \u00e9 fundamental para trazermos uma resposta para \u00e0 sociedade. Estamos animados com a expectativa de colabora\u00e7\u00e3o entre os dois pa\u00edses para superarmos essa grave crise sanit\u00e1ria\u201d, disse o ministro.<\/span><\/p>\n<p class=\"Normal\"><span class=\"Normal__Char\">Fauci citou a parceria j\u00e1 existente entre Brasil e EUA em pesquisas cl\u00ednicas para doen\u00e7as como zika v\u00edrus, junto \u00e0 Funda\u00e7\u00e3o Oswaldo Cruz (Fiocruz), e ressaltou a import\u00e2ncia do desenvolvimento cient\u00edfico no combate \u00e0 covid-19.<\/span><\/p>\n<p class=\"Normal\"><span class=\"Normal__Char\">\u201cN\u00f3s, dos Estados Unidos, e especificamente a minha institui\u00e7\u00e3o, estamos entusiasmados em aumentar a colabora\u00e7\u00e3o e o apoio conjunto com o Brasil\u201d, disse Fauci.<\/span><\/p>\n<p class=\"Normal\">Fonte: Minist\u00e9rio da Sa\u00fade<\/p>\n","protected":false},"excerpt":{"rendered":"<p>Em dois encontros virtuais, Ministro da Sa\u00fade refor\u00e7ou a inten\u00e7\u00e3o de ampliar a vacina\u00e7\u00e3o a curto prazo no Pa\u00eds. O ministro da Sa\u00fade, Marcelo Queiroga, participou de duas reuni\u00f5es nesta ter\u00e7a-feira (30\/03) com representantes do Governo dos Estados Unidos com o objetivo de refor\u00e7ar a parceria estrat\u00e9gica entre os pa\u00edses e coordenar uma a\u00e7\u00e3o conjunta [&hellip;]<\/p>\n","protected":false},"author":1,"featured_media":0,"comment_status":"open","ping_status":"open","sticky":false,"template":"","format":"standard","meta":{"ocean_post_layout":"","ocean_both_sidebars_style":"","ocean_both_sidebars_content_width":0,"ocean_both_sidebars_sidebars_width":0,"ocean_sidebar":"","ocean_second_sidebar":"","ocean_disable_margins":"enable","ocean_add_body_class":"","ocean_shortcode_before_top_bar":"","ocean_shortcode_after_top_bar":"","ocean_shortcode_before_header":"","ocean_shortcode_after_header":"","ocean_has_shortcode":"","ocean_shortcode_after_title":"","ocean_shortcode_before_footer_widgets":"","ocean_shortcode_after_footer_widgets":"","ocean_shortcode_before_footer_bottom":"","ocean_shortcode_after_footer_bottom":"","ocean_display_top_bar":"default","ocean_display_header":"default","ocean_header_style":"","ocean_center_header_left_menu":"","ocean_custom_header_template":"","ocean_custom_logo":0,"ocean_custom_retina_logo":0,"ocean_custom_logo_max_width":0,"ocean_custom_logo_tablet_max_width":0,"ocean_custom_logo_mobile_max_width":0,"ocean_custom_logo_max_height":0,"ocean_custom_logo_tablet_max_height":0,"ocean_custom_logo_mobile_max_height":0,"ocean_header_custom_menu":"","ocean_menu_typo_font_family":"","ocean_menu_typo_font_subset":"","ocean_menu_typo_font_size":0,"ocean_menu_typo_font_size_tablet":0,"ocean_menu_typo_font_size_mobile":0,"ocean_menu_typo_font_size_unit":"px","ocean_menu_typo_font_weight":"","ocean_menu_typo_font_weight_tablet":"","ocean_menu_typo_font_weight_mobile":"","ocean_menu_typo_transform":"","ocean_menu_typo_transform_tablet":"","ocean_menu_typo_transform_mobile":"","ocean_menu_typo_line_height":0,"ocean_menu_typo_line_height_tablet":0,"ocean_menu_typo_line_height_mobile":0,"ocean_menu_typo_line_height_unit":"","ocean_menu_typo_spacing":0,"ocean_menu_typo_spacing_tablet":0,"ocean_menu_typo_spacing_mobile":0,"ocean_menu_typo_spacing_unit":"","ocean_menu_link_color":"","ocean_menu_link_color_hover":"","ocean_menu_link_color_active":"","ocean_menu_link_background":"","ocean_menu_link_hover_background":"","ocean_menu_link_active_background":"","ocean_menu_social_links_bg":"","ocean_menu_social_hover_links_bg":"","ocean_menu_social_links_color":"","ocean_menu_social_hover_links_color":"","ocean_disable_title":"default","ocean_disable_heading":"default","ocean_post_title":"","ocean_post_subheading":"","ocean_post_title_style":"","ocean_post_title_background_color":"","ocean_post_title_background":0,"ocean_post_title_bg_image_position":"","ocean_post_title_bg_image_attachment":"","ocean_post_title_bg_image_repeat":"","ocean_post_title_bg_image_size":"","ocean_post_title_height":0,"ocean_post_title_bg_overlay":0.5,"ocean_post_title_bg_overlay_color":"","ocean_disable_breadcrumbs":"default","ocean_breadcrumbs_color":"","ocean_breadcrumbs_separator_color":"","ocean_breadcrumbs_links_color":"","ocean_breadcrumbs_links_hover_color":"","ocean_display_footer_widgets":"default","ocean_display_footer_bottom":"default","ocean_custom_footer_template":"","ocean_post_oembed":"","ocean_post_self_hosted_media":"","ocean_post_video_embed":"","ocean_link_format":"","ocean_link_format_target":"self","ocean_quote_format":"","ocean_quote_format_link":"post","ocean_gallery_link_images":"on","ocean_gallery_id":[]},"categories":[9],"tags":[1420,1490,82,474],"acf":[],"_links":{"self":[{"href":"https:\/\/www.simepe.com.br\/novo\/wp-json\/wp\/v2\/posts\/58853"}],"collection":[{"href":"https:\/\/www.simepe.com.br\/novo\/wp-json\/wp\/v2\/posts"}],"about":[{"href":"https:\/\/www.simepe.com.br\/novo\/wp-json\/wp\/v2\/types\/post"}],"author":[{"embeddable":true,"href":"https:\/\/www.simepe.com.br\/novo\/wp-json\/wp\/v2\/users\/1"}],"replies":[{"embeddable":true,"href":"https:\/\/www.simepe.com.br\/novo\/wp-json\/wp\/v2\/comments?post=58853"}],"version-history":[{"count":1,"href":"https:\/\/www.simepe.com.br\/novo\/wp-json\/wp\/v2\/posts\/58853\/revisions"}],"predecessor-version":[{"id":58854,"href":"https:\/\/www.simepe.com.br\/novo\/wp-json\/wp\/v2\/posts\/58853\/revisions\/58854"}],"wp:attachment":[{"href":"https:\/\/www.simepe.com.br\/novo\/wp-json\/wp\/v2\/media?parent=58853"}],"wp:term":[{"taxonomy":"category","embeddable":true,"href":"https:\/\/www.simepe.com.br\/novo\/wp-json\/wp\/v2\/categories?post=58853"},{"taxonomy":"post_tag","embeddable":true,"href":"https:\/\/www.simepe.com.br\/novo\/wp-json\/wp\/v2\/tags?post=58853"}],"curies":[{"name":"wp","href":"https:\/\/api.w.org\/{rel}","templated":true}]}}