{"id":58855,"date":"2021-03-31T10:07:39","date_gmt":"2021-03-31T13:07:39","guid":{"rendered":"https:\/\/www.simepe.com.br\/novo\/?p=58855"},"modified":"2021-03-31T10:07:39","modified_gmt":"2021-03-31T13:07:39","slug":"covid-19-pe-aplica-mais-de-1-mi-de-doses-de-vacina","status":"publish","type":"post","link":"https:\/\/www.simepe.com.br\/novo\/covid-19-pe-aplica-mais-de-1-mi-de-doses-de-vacina\/","title":{"rendered":"Covid-19: PE aplica mais de 1 mi de doses de vacina"},"content":{"rendered":"<div class=\"field field-name-body field-type-text-with-summary field-label-hidden\">\n<div class=\"field-items\">\n<div class=\"field-item even\">\n<p>Nesta ter\u00e7a-feira (30\/03), Pernambuco ultrapassou a marca de 1 milh\u00e3o de doses da vacina contra a Covid-19 aplicadas na popula\u00e7\u00e3o pernambucana desde o dia 18 de janeiro. De acordo com o \u00faltimo levantamento da Secretaria Estadual de Sa\u00fade (SES-PE), por meio do Programa Estadual de Imuniza\u00e7\u00e3o, foram exatas 1.005.497 doses j\u00e1 utilizadas, sendo 775.526 na primeira aplica\u00e7\u00e3o e 229.971 na segunda.<\/p>\n<p>&#8220;Precisamos comemorar as mais de 1 milh\u00e3o de doses j\u00e1 aplicadas em todas as regi\u00f5es pernambucanas O Estado tem feito todo o esfor\u00e7o log\u00edstico para entregar em tempo recorde os lotes que s\u00e3o encaminhados pelo Minist\u00e9rio da Sa\u00fade a todas as cidades. Os munic\u00edpios tamb\u00e9m est\u00e3o mostrando a for\u00e7a e import\u00e2ncia do SUS ao lan\u00e7arem m\u00e3o de diversas estrat\u00e9gias para proteger todos aqueles que est\u00e3o contemplados na campanha. Pernambuco sempre foi destaque nacional quando o assunto \u00e9 vacina\u00e7\u00e3o e tem expertise para imunizar muita gente em pouco tempo. Esperamos que as vacinas, que s\u00e3o adquiridas pelo Governo Federal, continuem chegando rotineiramente e em maior quantidade para que possamos avan\u00e7ar e beneficiar toda a popula\u00e7\u00e3o inclusa nos grupos priorit\u00e1rios, evitando, principalmente, mais casos graves e \u00f3bitos pela Covid-19&#8221;, afirma a superintendente de Imuniza\u00e7\u00e3o da Secretaria Estadual de Sa\u00fade, Ana Catarina de Melo.<\/p>\n<p>A aposentada Maria Eronides Lima, de 69 anos, est\u00e1 inclusa entre as pessoas que j\u00e1 iniciaram a vacina\u00e7\u00e3o contra a Covid-19 no Estado. Ela compareceu no hor\u00e1rio agendado para tomar a sua primeira dose no Centro de Vacina\u00e7\u00e3o localizado no Gerald\u00e3o (Gin\u00e1sio de Esportes Geraldo Magalh\u00e3es), no Recife, e falou sobre a marca atingida pelo Estado. \u201c\u00c9 uma marca muito importante. Mas tenho certeza que muita gente ainda precisa vir se vacinar\u201d, alertou a aposentada, refor\u00e7ando que todos os contemplados devem procurar a imuniza\u00e7\u00e3o.<\/p>\n<p>O casal de aposentados Maria Jos\u00e9 Freire e Aguinaldo Alves, de 75 anos, tamb\u00e9m comemorou a aplica\u00e7\u00e3o da segunda dose do imunizante. \u201cEstava esperando esse momento de felicidade. Precisamos agradecer ao SUS, aos nossos profissionais de sa\u00fade, que trabalham muito, e aos nossos governantes. Estamos achando (o processo de vacina\u00e7\u00e3o) excelente. Pernambuco est\u00e1 de nota dez. Agora, queremos que todos sejam vacinados tamb\u00e9m\u201d, refor\u00e7ou Maria Jos\u00e9. Apenas nesta ter\u00e7a-feira (30\/03), estavam agendados no Gerald\u00e3o mais de 1 mil pessoas, entre o drive-thru e o centro de vacina\u00e7\u00e3o.<\/p>\n<p>At\u00e9 o momento, Pernambuco recebeu 1.438.880 vacinas contra a Covid-19, sendo 1.192.160 da Sinovac\/Butantan e 246.720 da Astrazeneca\/Oxford\/Fiocruz. Importante lembrar que, at\u00e9 o \u00faltimo dia 19\/03, a indica\u00e7\u00e3o do Governo Federal era que as vacinas para a 2\u00ba dose do Butantan fossem guardadas, impedindo um maior avan\u00e7o na imuniza\u00e7\u00e3o em todo o pa\u00eds. S\u00f3 a partir do \u00faltimo dia 20\/03 foi autorizado o uso dos imunizantes recebidos nos \u00faltimos dias em sua totalidade como primeira dose. Com isso, s\u00e3o 1.094.700 unidades para a primeira dose (53% dessas doses recebidas apenas nesta segunda quinzena de mar\u00e7o) e 344.180 para a segunda.<\/p>\n<p><strong>BALAN\u00c7O DA VACINA\u00c7\u00c3O<\/strong> &#8211; Pernambuco j\u00e1 aplicou 1.005.497 doses da vacina contra a Covid-19, das quais 775.526 foram primeiras doses. Ao todo, foram feitas a primeira dose em 205.770 trabalhadores de sa\u00fade; 24.955 povos ind\u00edgenas aldeados; 10.347 em comunidades quilombolas; 6.147 idosos em Institui\u00e7\u00f5es de Longa Perman\u00eancia; 50.113 idosos de 64 a 69 anos; 297.766 idosos de 70 a 79 anos; 94.504 idosos de 80 a 84 anos; 85.032 idosos a partir de 85 anos; al\u00e9m de 892 pessoas com defici\u00eancia institucionalizadas.<\/p>\n<p>Em rela\u00e7\u00e3o \u00e0 segunda dose, j\u00e1 foram beneficiados 159.514 trabalhadores de sa\u00fade; 24.155 povos ind\u00edgenas aldeados; 22 em comunidades quilombolas; 4.409 idosos institucionalizados; 55 idosos de 64 a 69 anos; 14.818 idosos de 70 a 79 anos; 21.866 idosos de 80 a 84 anos; 4.471 idosos a partir de 85 anos, al\u00e9m de 661 pessoas com defici\u00eancia institucionalizadas; totalizando 229.971 pessoas que j\u00e1 finalizaram o esquema.<\/p>\n<p>Entre os grupos priorit\u00e1rios deste momento, j\u00e1 atingiram a meta de imunizar, no m\u00ednimo, 90% do p\u00fablico com a primeira dose: idosos entre 75 e 79 anos (97%), idosos a partir dos 85 anos (113%), idosos em institui\u00e7\u00f5es de longa perman\u00eancia (249%), popula\u00e7\u00e3o ind\u00edgena aldeada (93%) e pessoa com defici\u00eancia institucionalizada (686%). Tamb\u00e9m j\u00e1 atingiram a meta para a segunda dose: idosos em institui\u00e7\u00f5es de longa perman\u00eancia (179%), popula\u00e7\u00e3o ind\u00edgena aldeada (90%) e pessoa com defici\u00eancia institucionalizada (508%).<\/p>\n<p>&#8220;Precisamos lembrar que s\u00e3o necess\u00e1rias duas doses para que o indiv\u00edduo fique protegido. \u00c9 importante que cada um fique atento ao prazo para finalizar seu esquema vacinal corretamente, de acordo com o tipo de vacina que tomou&#8221;, destaca Ana Catarina.<\/p>\n<p>Fonte: Secretaria Estadual de Sa\u00fade (SES)<\/p>\n<\/div>\n<\/div>\n<\/div>\n","protected":false},"excerpt":{"rendered":"<p>Nesta ter\u00e7a-feira (30\/03), Pernambuco ultrapassou a marca de 1 milh\u00e3o de doses da vacina contra a Covid-19 aplicadas na popula\u00e7\u00e3o pernambucana desde o dia 18 de janeiro. De acordo com o \u00faltimo levantamento da Secretaria Estadual de Sa\u00fade (SES-PE), por meio do Programa Estadual de Imuniza\u00e7\u00e3o, foram exatas 1.005.497 doses j\u00e1 utilizadas, sendo 775.526 na [&hellip;]<\/p>\n","protected":false},"author":1,"featured_media":0,"comment_status":"open","ping_status":"open","sticky":false,"template":"","format":"standard","meta":{"ocean_post_layout":"","ocean_both_sidebars_style":"","ocean_both_sidebars_content_width":0,"ocean_both_sidebars_sidebars_width":0,"ocean_sidebar":"","ocean_second_sidebar":"","ocean_disable_margins":"enable","ocean_add_body_class":"","ocean_shortcode_before_top_bar":"","ocean_shortcode_after_top_bar":"","ocean_shortcode_before_header":"","ocean_shortcode_after_header":"","ocean_has_shortcode":"","ocean_shortcode_after_title":"","ocean_shortcode_before_footer_widgets":"","ocean_shortcode_after_footer_widgets":"","ocean_shortcode_before_footer_bottom":"","ocean_shortcode_after_footer_bottom":"","ocean_display_top_bar":"default","ocean_display_header":"default","ocean_header_style":"","ocean_center_header_left_menu":"","ocean_custom_header_template":"","ocean_custom_logo":0,"ocean_custom_retina_logo":0,"ocean_custom_logo_max_width":0,"ocean_custom_logo_tablet_max_width":0,"ocean_custom_logo_mobile_max_width":0,"ocean_custom_logo_max_height":0,"ocean_custom_logo_tablet_max_height":0,"ocean_custom_logo_mobile_max_height":0,"ocean_header_custom_menu":"","ocean_menu_typo_font_family":"","ocean_menu_typo_font_subset":"","ocean_menu_typo_font_size":0,"ocean_menu_typo_font_size_tablet":0,"ocean_menu_typo_font_size_mobile":0,"ocean_menu_typo_font_size_unit":"px","ocean_menu_typo_font_weight":"","ocean_menu_typo_font_weight_tablet":"","ocean_menu_typo_font_weight_mobile":"","ocean_menu_typo_transform":"","ocean_menu_typo_transform_tablet":"","ocean_menu_typo_transform_mobile":"","ocean_menu_typo_line_height":0,"ocean_menu_typo_line_height_tablet":0,"ocean_menu_typo_line_height_mobile":0,"ocean_menu_typo_line_height_unit":"","ocean_menu_typo_spacing":0,"ocean_menu_typo_spacing_tablet":0,"ocean_menu_typo_spacing_mobile":0,"ocean_menu_typo_spacing_unit":"","ocean_menu_link_color":"","ocean_menu_link_color_hover":"","ocean_menu_link_color_active":"","ocean_menu_link_background":"","ocean_menu_link_hover_background":"","ocean_menu_link_active_background":"","ocean_menu_social_links_bg":"","ocean_menu_social_hover_links_bg":"","ocean_menu_social_links_color":"","ocean_menu_social_hover_links_color":"","ocean_disable_title":"default","ocean_disable_heading":"default","ocean_post_title":"","ocean_post_subheading":"","ocean_post_title_style":"","ocean_post_title_background_color":"","ocean_post_title_background":0,"ocean_post_title_bg_image_position":"","ocean_post_title_bg_image_attachment":"","ocean_post_title_bg_image_repeat":"","ocean_post_title_bg_image_size":"","ocean_post_title_height":0,"ocean_post_title_bg_overlay":0.5,"ocean_post_title_bg_overlay_color":"","ocean_disable_breadcrumbs":"default","ocean_breadcrumbs_color":"","ocean_breadcrumbs_separator_color":"","ocean_breadcrumbs_links_color":"","ocean_breadcrumbs_links_hover_color":"","ocean_display_footer_widgets":"default","ocean_display_footer_bottom":"default","ocean_custom_footer_template":"","ocean_post_oembed":"","ocean_post_self_hosted_media":"","ocean_post_video_embed":"","ocean_link_format":"","ocean_link_format_target":"self","ocean_quote_format":"","ocean_quote_format_link":"post","ocean_gallery_link_images":"on","ocean_gallery_id":[]},"categories":[9],"tags":[1420,1490,82,474],"acf":[],"_links":{"self":[{"href":"https:\/\/www.simepe.com.br\/novo\/wp-json\/wp\/v2\/posts\/58855"}],"collection":[{"href":"https:\/\/www.simepe.com.br\/novo\/wp-json\/wp\/v2\/posts"}],"about":[{"href":"https:\/\/www.simepe.com.br\/novo\/wp-json\/wp\/v2\/types\/post"}],"author":[{"embeddable":true,"href":"https:\/\/www.simepe.com.br\/novo\/wp-json\/wp\/v2\/users\/1"}],"replies":[{"embeddable":true,"href":"https:\/\/www.simepe.com.br\/novo\/wp-json\/wp\/v2\/comments?post=58855"}],"version-history":[{"count":1,"href":"https:\/\/www.simepe.com.br\/novo\/wp-json\/wp\/v2\/posts\/58855\/revisions"}],"predecessor-version":[{"id":58857,"href":"https:\/\/www.simepe.com.br\/novo\/wp-json\/wp\/v2\/posts\/58855\/revisions\/58857"}],"wp:attachment":[{"href":"https:\/\/www.simepe.com.br\/novo\/wp-json\/wp\/v2\/media?parent=58855"}],"wp:term":[{"taxonomy":"category","embeddable":true,"href":"https:\/\/www.simepe.com.br\/novo\/wp-json\/wp\/v2\/categories?post=58855"},{"taxonomy":"post_tag","embeddable":true,"href":"https:\/\/www.simepe.com.br\/novo\/wp-json\/wp\/v2\/tags?post=58855"}],"curies":[{"name":"wp","href":"https:\/\/api.w.org\/{rel}","templated":true}]}}