{"id":58864,"date":"2021-03-31T11:14:53","date_gmt":"2021-03-31T14:14:53","guid":{"rendered":"https:\/\/www.simepe.com.br\/novo\/?p=58864"},"modified":"2021-03-31T11:14:53","modified_gmt":"2021-03-31T14:14:53","slug":"falha-no-sistema-deixa-idosos-impossibilitados-de-marcar-vacinacao-em-olinda","status":"publish","type":"post","link":"https:\/\/www.simepe.com.br\/novo\/falha-no-sistema-deixa-idosos-impossibilitados-de-marcar-vacinacao-em-olinda\/","title":{"rendered":"Falha no sistema deixa idosos impossibilitados de marcar vacina\u00e7\u00e3o em Olinda"},"content":{"rendered":"<div>Na \u00faltima quinta-feira (31), o <em>Diario<\/em> recebeu den\u00fancias de que idosos n\u00e3o est\u00e3o conseguindo realizar o agendamento no\u00a0<a href=\"https:\/\/vacinacaoolinda.tisaude.com\/\">site\u00a0<\/a>para tomar a vacina contra a Covid-19 no munic\u00edpio de Olinda. De acordo com os idosos prejudicados, ap\u00f3s realizar o login e ser direcionado ao agendamento, todos os pontos de vacina\u00e7\u00e3o apresentam datas e hor\u00e1rios indispon\u00edveis para a terceira idade, tendo agendamento dispon\u00edvel apenas para os profissionais de sa\u00fade do munic\u00edpio. A Secretaria de Sa\u00fade de Olinda afirmou que entrou em contato com o suporte do site para entender o que est\u00e1 impossibilitando as marca\u00e7\u00f5es.<\/div>\n<div><\/div>\n<div>Esse problema ocorreu menos de uma semana depois que a prefeitura de Olinda anunciou a redu\u00e7\u00e3o de idade para o agendamento da vacina\u00e7\u00e3o contra a Covid-19 que, ap\u00f3s o an\u00fancio, est\u00e1 na faixa et\u00e1ria a partir dos 64 anos de idade. Na ocasi\u00e3o,\u00a0 a gest\u00e3o afirmou que a redu\u00e7\u00e3o da idade ocorreu porque o munic\u00edpio recebeu, do governo do estado, uma nova remessa de doses do imunizante.<\/div>\n<div><\/div>\n<div>Em rela\u00e7\u00e3o \u00e0 marca\u00e7\u00e3o indispon\u00edvel para os idosos, a Secretaria de Sa\u00fade de Olinda informou \u00e0 reportagem que dar\u00e1 um retorno em breve sobre o que est\u00e1 gerando o problema nas marca\u00e7\u00f5es dos idosos para tomar o imunizante na cidade alta.<\/div>\n<div><\/div>\n<div>Fonte: Diario de Pernambuco<\/div>\n","protected":false},"excerpt":{"rendered":"<p>Na \u00faltima quinta-feira (31), o Diario recebeu den\u00fancias de que idosos n\u00e3o est\u00e3o conseguindo realizar o agendamento no\u00a0site\u00a0para tomar a vacina contra a Covid-19 no munic\u00edpio de Olinda. De acordo com os idosos prejudicados, ap\u00f3s realizar o login e ser direcionado ao agendamento, todos os pontos de vacina\u00e7\u00e3o apresentam datas e hor\u00e1rios indispon\u00edveis para a [&hellip;]<\/p>\n","protected":false},"author":1,"featured_media":0,"comment_status":"open","ping_status":"open","sticky":false,"template":"","format":"standard","meta":{"ocean_post_layout":"","ocean_both_sidebars_style":"","ocean_both_sidebars_content_width":0,"ocean_both_sidebars_sidebars_width":0,"ocean_sidebar":"","ocean_second_sidebar":"","ocean_disable_margins":"enable","ocean_add_body_class":"","ocean_shortcode_before_top_bar":"","ocean_shortcode_after_top_bar":"","ocean_shortcode_before_header":"","ocean_shortcode_after_header":"","ocean_has_shortcode":"","ocean_shortcode_after_title":"","ocean_shortcode_before_footer_widgets":"","ocean_shortcode_after_footer_widgets":"","ocean_shortcode_before_footer_bottom":"","ocean_shortcode_after_footer_bottom":"","ocean_display_top_bar":"default","ocean_display_header":"default","ocean_header_style":"","ocean_center_header_left_menu":"","ocean_custom_header_template":"","ocean_custom_logo":0,"ocean_custom_retina_logo":0,"ocean_custom_logo_max_width":0,"ocean_custom_logo_tablet_max_width":0,"ocean_custom_logo_mobile_max_width":0,"ocean_custom_logo_max_height":0,"ocean_custom_logo_tablet_max_height":0,"ocean_custom_logo_mobile_max_height":0,"ocean_header_custom_menu":"","ocean_menu_typo_font_family":"","ocean_menu_typo_font_subset":"","ocean_menu_typo_font_size":0,"ocean_menu_typo_font_size_tablet":0,"ocean_menu_typo_font_size_mobile":0,"ocean_menu_typo_font_size_unit":"px","ocean_menu_typo_font_weight":"","ocean_menu_typo_font_weight_tablet":"","ocean_menu_typo_font_weight_mobile":"","ocean_menu_typo_transform":"","ocean_menu_typo_transform_tablet":"","ocean_menu_typo_transform_mobile":"","ocean_menu_typo_line_height":0,"ocean_menu_typo_line_height_tablet":0,"ocean_menu_typo_line_height_mobile":0,"ocean_menu_typo_line_height_unit":"","ocean_menu_typo_spacing":0,"ocean_menu_typo_spacing_tablet":0,"ocean_menu_typo_spacing_mobile":0,"ocean_menu_typo_spacing_unit":"","ocean_menu_link_color":"","ocean_menu_link_color_hover":"","ocean_menu_link_color_active":"","ocean_menu_link_background":"","ocean_menu_link_hover_background":"","ocean_menu_link_active_background":"","ocean_menu_social_links_bg":"","ocean_menu_social_hover_links_bg":"","ocean_menu_social_links_color":"","ocean_menu_social_hover_links_color":"","ocean_disable_title":"default","ocean_disable_heading":"default","ocean_post_title":"","ocean_post_subheading":"","ocean_post_title_style":"","ocean_post_title_background_color":"","ocean_post_title_background":0,"ocean_post_title_bg_image_position":"","ocean_post_title_bg_image_attachment":"","ocean_post_title_bg_image_repeat":"","ocean_post_title_bg_image_size":"","ocean_post_title_height":0,"ocean_post_title_bg_overlay":0.5,"ocean_post_title_bg_overlay_color":"","ocean_disable_breadcrumbs":"default","ocean_breadcrumbs_color":"","ocean_breadcrumbs_separator_color":"","ocean_breadcrumbs_links_color":"","ocean_breadcrumbs_links_hover_color":"","ocean_display_footer_widgets":"default","ocean_display_footer_bottom":"default","ocean_custom_footer_template":"","ocean_post_oembed":"","ocean_post_self_hosted_media":"","ocean_post_video_embed":"","ocean_link_format":"","ocean_link_format_target":"self","ocean_quote_format":"","ocean_quote_format_link":"post","ocean_gallery_link_images":"on","ocean_gallery_id":[]},"categories":[9],"tags":[1420,1490,82,474],"acf":[],"_links":{"self":[{"href":"https:\/\/www.simepe.com.br\/novo\/wp-json\/wp\/v2\/posts\/58864"}],"collection":[{"href":"https:\/\/www.simepe.com.br\/novo\/wp-json\/wp\/v2\/posts"}],"about":[{"href":"https:\/\/www.simepe.com.br\/novo\/wp-json\/wp\/v2\/types\/post"}],"author":[{"embeddable":true,"href":"https:\/\/www.simepe.com.br\/novo\/wp-json\/wp\/v2\/users\/1"}],"replies":[{"embeddable":true,"href":"https:\/\/www.simepe.com.br\/novo\/wp-json\/wp\/v2\/comments?post=58864"}],"version-history":[{"count":1,"href":"https:\/\/www.simepe.com.br\/novo\/wp-json\/wp\/v2\/posts\/58864\/revisions"}],"predecessor-version":[{"id":58869,"href":"https:\/\/www.simepe.com.br\/novo\/wp-json\/wp\/v2\/posts\/58864\/revisions\/58869"}],"wp:attachment":[{"href":"https:\/\/www.simepe.com.br\/novo\/wp-json\/wp\/v2\/media?parent=58864"}],"wp:term":[{"taxonomy":"category","embeddable":true,"href":"https:\/\/www.simepe.com.br\/novo\/wp-json\/wp\/v2\/categories?post=58864"},{"taxonomy":"post_tag","embeddable":true,"href":"https:\/\/www.simepe.com.br\/novo\/wp-json\/wp\/v2\/tags?post=58864"}],"curies":[{"name":"wp","href":"https:\/\/api.w.org\/{rel}","templated":true}]}}