{"id":58870,"date":"2021-03-31T11:17:16","date_gmt":"2021-03-31T14:17:16","guid":{"rendered":"https:\/\/www.simepe.com.br\/novo\/?p=58870"},"modified":"2021-03-31T11:17:16","modified_gmt":"2021-03-31T14:17:16","slug":"vacinar-os-sem-teto-contra-covid-e-prioridade-no-reino-unido","status":"publish","type":"post","link":"https:\/\/www.simepe.com.br\/novo\/vacinar-os-sem-teto-contra-covid-e-prioridade-no-reino-unido\/","title":{"rendered":"Vacinar os sem-teto contra Covid \u00e9 prioridade no Reino Unido"},"content":{"rendered":"<div class=\"d-block\">\n<div>&#8220;N\u00e3o quero morrer de Covid!&#8221;, exclama Mac, disposto a ser vacinado imediatamente apesar de ter apenas 25 anos, no \u00e2mbito da campanha em massa realizada no Reino Unido, que colocou as pessoas sem-teto entre os grupos priorit\u00e1rios.<\/div>\n<div><\/div>\n<div>Sem-teto desde os 18 anos, este jovem ingl\u00eas que esconde seus longos cachos loiros sob o capuz de um moletom esportivo recebeu a oferta no abrigo noturno onde agora dorme.<\/div>\n<div><\/div>\n<div>\u00c9 um dos alojamentos tempor\u00e1rios visitados pelo dr. Alex Fitzgerald-Barron em Winchester, sul da Inglaterra, em um esfor\u00e7o para levar a vacina a esses &#8220;pacientes de alto risco&#8221;.<\/div>\n<div><\/div>\n<div>O sistema imunol\u00f3gico deste grupo de pessoas est\u00e1 deprimido por uma combina\u00e7\u00e3o de doen\u00e7as, afirma, listando &#8220;transtornos psicol\u00f3gicos, pneumonias frequentes, infec\u00e7\u00f5es dent\u00e1rias e dermatol\u00f3gicas&#8221;, ou &#8220;alto risco de hepatite C se injetarem drogas&#8221;.<\/div>\n<div><\/div>\n<div>&#8220;Se pegarem Covid-19, \u00e9 muito mais prov\u00e1vel que acabem no hospital e morram&#8221;, mesmo se forem jovens, assegura.<\/div>\n<div><\/div>\n<div>No Reino Unido, o pa\u00eds mais atingido da Europa, com quase 127.000 mortes, o governo incluiu os sem-teto entre os grupos priorit\u00e1rios para vacina\u00e7\u00e3o em uma campanha massiva que j\u00e1 atingiu 30 milh\u00f5es de pessoas.<\/div>\n<div><\/div>\n<div>&#8220;\u00c9 muito importante que ningu\u00e9m seja deixado para tr\u00e1s&#8221;, disse o ministro da Sa\u00fade, Matt Hancock, que prometeu incluir todos os migrantes, independentemente de sua situa\u00e7\u00e3o legal, ao fazer o an\u00fancio em meados de mar\u00e7o.<\/div>\n<div><\/div>\n<div>Mas Fitzgerald-Barron, assim como um punhado de outros m\u00e9dicos, come\u00e7ou o trabalho antes, usando seu &#8220;julgamento m\u00e9dico&#8221; para classific\u00e1-los como &#8220;extremamente vulner\u00e1veis&#8221;, um dos primeiros grupos vacinados.<\/div>\n<div><\/div>\n<div><strong>Pequena geladeira port\u00e1til<\/strong><\/div>\n<div><\/div>\n<div>Enquanto outros usam cl\u00ednicas m\u00f3veis em pequenas ambul\u00e2ncias, este m\u00e9dico se contenta com uma pequena geladeira que conecta ao carro.<\/div>\n<div><\/div>\n<div>Nela, carregue as doses di\u00e1rias. E quando chega a um abrigo, volta a ligar a geladeira na parede, pronto para receber esses pacientes t\u00e3o &#8220;dif\u00edceis de localizar que \u00e9 preciso passar pelas associa\u00e7\u00f5es de caridade que j\u00e1 t\u00eam contato com eles&#8221;.<\/div>\n<div><\/div>\n<div>&#8220;Se eu n\u00e3o estivesse no abrigo noturno, eles n\u00e3o teriam me oferecido a vacina&#8221;, diz Mac.<\/div>\n<div><\/div>\n<div>Capital da Inglaterra entre os s\u00e9culos IX e XII, famosa por sua catedral g\u00f3tica e o elitista internato Winchester College, esta cidade de 40.000 habitantes est\u00e1 localizada em um ambiente rural.<\/div>\n<div><\/div>\n<div>&#8220;Conhe\u00e7o pessoas que vivem em barracas de camping nos campos que nunca ser\u00e3o encontradas&#8221;, acrescenta este jovem de barba rala e um olhar azul vivo que fala a toda velocidade.<\/div>\n<div><\/div>\n<div>Em janeiro, Fitzgerald-Barron localizou 114 pessoas, das quais 74 aceitaram ser vacinadas, o que considera &#8220;um bom resultado&#8221;, alcan\u00e7ado gra\u00e7as a uma &#8220;rela\u00e7\u00e3o de confian\u00e7a pessoal&#8221;.<\/div>\n<div><\/div>\n<div>&#8220;Fui onde eles estavam para explicar o que era&#8221;, afirma, seguro de que, se tivessem recebido uma mensagem simples por escrito, ningu\u00e9m teria pedido uma consulta por suspeita do sistema.<\/div>\n<div><\/div>\n<div>\u00c9 o caso de Leighan, de 35 anos, que declinou o convite. &#8220;Acho que tudo isso \u00e9 uma grande conspira\u00e7\u00e3o para controlar a popula\u00e7\u00e3o&#8221;, diz ele enquanto come espaguete no centro de acolhida Trinity, uma associa\u00e7\u00e3o de Winchester que ajuda os sem-teto.<\/div>\n<div><strong>Voltar \u00e0s ruas<\/strong><\/div>\n<div><\/div>\n<div>Quando a pandemia come\u00e7ou, h\u00e1 um ano, o governo brit\u00e2nico pediu aos conselhos municipais que abrigassem todos que dormiam nas ruas, at\u00e9 mesmo em hot\u00e9is. Desde ent\u00e3o, afirma ter investido 700 milh\u00f5es de libras (US$ 965 milh\u00f5es) e acomodado 37.000 pessoas.<\/div>\n<div><\/div>\n<div>Mas, ao final do primeiro confinamento em junho, &#8220;vimos que alguns continuaram a ajudar, mas outros n\u00e3o, e algumas pessoas tiveram o apoio negado&#8221;, disse Jasmine Basran, da associa\u00e7\u00e3o Crisis, que trabalha com moradores de rua em todo pa\u00eds.<\/div>\n<div><\/div>\n<div>Durante a pandemia, Mac passou apenas um m\u00eas em um hotel.<\/div>\n<div><\/div>\n<div>&#8220;Foi incr\u00edvel, tinha um quarto lindo. Foi como viver uma vida normal. Trabalhava mais, porque tinha uma base s\u00f3lida&#8221;, conta, explicando que costuma trabalhar como jardineiro.<\/div>\n<div><\/div>\n<div>Mas a\u00ed &#8220;voc\u00ea volta para a rua, ou para o abrigo noturno cercado de drogados&#8221;, e &#8220;\u00e9 como dar um passo atr\u00e1s&#8221;, afirma, lamentando n\u00e3o ter recebido alojamento definitivo apesar de ter pedido v\u00e1rias vezes: &#8220;Eu n\u00e3o uso drogas, n\u00e3o bebo, eu trabalho, por que n\u00e3o?&#8221;.<\/div>\n<div><\/div>\n<div>Basran insiste em que o governo &#8220;ainda n\u00e3o estabeleceu sua estrat\u00e9gia para depois&#8221; do atual confinamento.<\/div>\n<div><\/div>\n<div>E Fitzgerald-Barron teme que, quando voltar aos abrigos para a segunda dose da vacina em abril, &#8220;algumas pessoas n\u00e3o estejam mais l\u00e1&#8221;.<\/div>\n<\/div>\n<div><\/div>\n<div>Fonte: Diario de Pernambuco<\/div>\n<div class=\"w100 my-3 clearfix\"><\/div>\n","protected":false},"excerpt":{"rendered":"<p>&#8220;N\u00e3o quero morrer de Covid!&#8221;, exclama Mac, disposto a ser vacinado imediatamente apesar de ter apenas 25 anos, no \u00e2mbito da campanha em massa realizada no Reino Unido, que colocou as pessoas sem-teto entre os grupos priorit\u00e1rios. Sem-teto desde os 18 anos, este jovem ingl\u00eas que esconde seus longos cachos loiros sob o capuz de [&hellip;]<\/p>\n","protected":false},"author":1,"featured_media":0,"comment_status":"open","ping_status":"open","sticky":false,"template":"","format":"standard","meta":{"ocean_post_layout":"","ocean_both_sidebars_style":"","ocean_both_sidebars_content_width":0,"ocean_both_sidebars_sidebars_width":0,"ocean_sidebar":"","ocean_second_sidebar":"","ocean_disable_margins":"enable","ocean_add_body_class":"","ocean_shortcode_before_top_bar":"","ocean_shortcode_after_top_bar":"","ocean_shortcode_before_header":"","ocean_shortcode_after_header":"","ocean_has_shortcode":"","ocean_shortcode_after_title":"","ocean_shortcode_before_footer_widgets":"","ocean_shortcode_after_footer_widgets":"","ocean_shortcode_before_footer_bottom":"","ocean_shortcode_after_footer_bottom":"","ocean_display_top_bar":"default","ocean_display_header":"default","ocean_header_style":"","ocean_center_header_left_menu":"","ocean_custom_header_template":"","ocean_custom_logo":0,"ocean_custom_retina_logo":0,"ocean_custom_logo_max_width":0,"ocean_custom_logo_tablet_max_width":0,"ocean_custom_logo_mobile_max_width":0,"ocean_custom_logo_max_height":0,"ocean_custom_logo_tablet_max_height":0,"ocean_custom_logo_mobile_max_height":0,"ocean_header_custom_menu":"","ocean_menu_typo_font_family":"","ocean_menu_typo_font_subset":"","ocean_menu_typo_font_size":0,"ocean_menu_typo_font_size_tablet":0,"ocean_menu_typo_font_size_mobile":0,"ocean_menu_typo_font_size_unit":"px","ocean_menu_typo_font_weight":"","ocean_menu_typo_font_weight_tablet":"","ocean_menu_typo_font_weight_mobile":"","ocean_menu_typo_transform":"","ocean_menu_typo_transform_tablet":"","ocean_menu_typo_transform_mobile":"","ocean_menu_typo_line_height":0,"ocean_menu_typo_line_height_tablet":0,"ocean_menu_typo_line_height_mobile":0,"ocean_menu_typo_line_height_unit":"","ocean_menu_typo_spacing":0,"ocean_menu_typo_spacing_tablet":0,"ocean_menu_typo_spacing_mobile":0,"ocean_menu_typo_spacing_unit":"","ocean_menu_link_color":"","ocean_menu_link_color_hover":"","ocean_menu_link_color_active":"","ocean_menu_link_background":"","ocean_menu_link_hover_background":"","ocean_menu_link_active_background":"","ocean_menu_social_links_bg":"","ocean_menu_social_hover_links_bg":"","ocean_menu_social_links_color":"","ocean_menu_social_hover_links_color":"","ocean_disable_title":"default","ocean_disable_heading":"default","ocean_post_title":"","ocean_post_subheading":"","ocean_post_title_style":"","ocean_post_title_background_color":"","ocean_post_title_background":0,"ocean_post_title_bg_image_position":"","ocean_post_title_bg_image_attachment":"","ocean_post_title_bg_image_repeat":"","ocean_post_title_bg_image_size":"","ocean_post_title_height":0,"ocean_post_title_bg_overlay":0.5,"ocean_post_title_bg_overlay_color":"","ocean_disable_breadcrumbs":"default","ocean_breadcrumbs_color":"","ocean_breadcrumbs_separator_color":"","ocean_breadcrumbs_links_color":"","ocean_breadcrumbs_links_hover_color":"","ocean_display_footer_widgets":"default","ocean_display_footer_bottom":"default","ocean_custom_footer_template":"","ocean_post_oembed":"","ocean_post_self_hosted_media":"","ocean_post_video_embed":"","ocean_link_format":"","ocean_link_format_target":"self","ocean_quote_format":"","ocean_quote_format_link":"post","ocean_gallery_link_images":"on","ocean_gallery_id":[]},"categories":[9],"tags":[1420,1490,82,474],"acf":[],"_links":{"self":[{"href":"https:\/\/www.simepe.com.br\/novo\/wp-json\/wp\/v2\/posts\/58870"}],"collection":[{"href":"https:\/\/www.simepe.com.br\/novo\/wp-json\/wp\/v2\/posts"}],"about":[{"href":"https:\/\/www.simepe.com.br\/novo\/wp-json\/wp\/v2\/types\/post"}],"author":[{"embeddable":true,"href":"https:\/\/www.simepe.com.br\/novo\/wp-json\/wp\/v2\/users\/1"}],"replies":[{"embeddable":true,"href":"https:\/\/www.simepe.com.br\/novo\/wp-json\/wp\/v2\/comments?post=58870"}],"version-history":[{"count":1,"href":"https:\/\/www.simepe.com.br\/novo\/wp-json\/wp\/v2\/posts\/58870\/revisions"}],"predecessor-version":[{"id":58871,"href":"https:\/\/www.simepe.com.br\/novo\/wp-json\/wp\/v2\/posts\/58870\/revisions\/58871"}],"wp:attachment":[{"href":"https:\/\/www.simepe.com.br\/novo\/wp-json\/wp\/v2\/media?parent=58870"}],"wp:term":[{"taxonomy":"category","embeddable":true,"href":"https:\/\/www.simepe.com.br\/novo\/wp-json\/wp\/v2\/categories?post=58870"},{"taxonomy":"post_tag","embeddable":true,"href":"https:\/\/www.simepe.com.br\/novo\/wp-json\/wp\/v2\/tags?post=58870"}],"curies":[{"name":"wp","href":"https:\/\/api.w.org\/{rel}","templated":true}]}}