{"id":58878,"date":"2021-03-31T11:38:09","date_gmt":"2021-03-31T14:38:09","guid":{"rendered":"https:\/\/www.simepe.com.br\/novo\/?p=58878"},"modified":"2021-03-31T11:38:09","modified_gmt":"2021-03-31T14:38:09","slug":"paulista-inaugura-ambulatorio-para-atender-casos-leves-da-covid-19","status":"publish","type":"post","link":"https:\/\/www.simepe.com.br\/novo\/paulista-inaugura-ambulatorio-para-atender-casos-leves-da-covid-19\/","title":{"rendered":"Paulista inaugura ambulat\u00f3rio para atender casos leves da Covid-19"},"content":{"rendered":"<p><em>Unidade fica em Arthur Lundgren II e funcionar\u00e1 de segunda \u00e0 sexta-feira.<\/em><\/p>\n<p>Na manh\u00e3 desta ter\u00e7a-feira (30), o Prefeito Yves Ribeiro inaugurou um ambulat\u00f3rio para atendimento de pacientes com quadros leves suspeitos ou confirmados de infec\u00e7\u00e3o pelo coronav\u00edrus no munic\u00edpio do Paulista. A Unidade B\u00e1sica de Sa\u00fade inaugurada fica no bairro de Arthur Lundgren II (pr\u00f3ximo \u00e0 subida da ladeira).<\/p>\n<p>O atendimento funcionar\u00e1 de segunda \u00e0 sexta-feira, das 8h \u00e0s 16h. No local, os pacientes poder\u00e3o contar com uma equipe exclusiva e especializada para identificar os poss\u00edveis sintomas da Covid-19, doen\u00e7a provocada pelo v\u00edrus. Haver\u00e1 m\u00e9dico, enfermeiro e uma ambul\u00e2ncia dispon\u00edvel. Al\u00e9m disso, os profissionais realizar\u00e3o testes para detec\u00e7\u00e3o do coronav\u00edrus na unidade.<\/p>\n<p>\u201cNesses ambulat\u00f3rios, os profissionais far\u00e3o uma triagem para analisar a gravidade dos sintomas, para caso necess\u00e1rio, o paciente seja encaminhado para um hospital de urg\u00eancia e emerg\u00eancia do munic\u00edpio, e isso seja feito com urg\u00eancia. Por isso, teremos ambul\u00e2ncia nos locais, mas nos ambulat\u00f3rios s\u00f3 ser\u00e3o atendidos casos leves\u201d, explicou a secret\u00e1ria de Sa\u00fade do munic\u00edpio, Terezinha Mousinho.<\/p>\n<p>Al\u00e9m do posto em Arthur Lundgren II, a secret\u00e1ria informou que ser\u00e3o inaugurados mais ambulat\u00f3rios para atendimentos de pacientes com a Covid-19.<\/p>\n<p>A previs\u00e3o \u00e9 que seja aberto um no Centro de Sa\u00fade Jo\u00e3o Abimael e outro na USF William Nascimento. Esta \u00faltima ser\u00e1 uma unidade m\u00f3vel adaptada em um \u00f4nibus, que tamb\u00e9m contar\u00e1 com um corpo de profissionais atuando na triagem.<\/p>\n<p>Fonte: Folha de Pernambuco<\/p>\n","protected":false},"excerpt":{"rendered":"<p>Unidade fica em Arthur Lundgren II e funcionar\u00e1 de segunda \u00e0 sexta-feira. Na manh\u00e3 desta ter\u00e7a-feira (30), o Prefeito Yves Ribeiro inaugurou um ambulat\u00f3rio para atendimento de pacientes com quadros leves suspeitos ou confirmados de infec\u00e7\u00e3o pelo coronav\u00edrus no munic\u00edpio do Paulista. A Unidade B\u00e1sica de Sa\u00fade inaugurada fica no bairro de Arthur Lundgren II [&hellip;]<\/p>\n","protected":false},"author":1,"featured_media":0,"comment_status":"open","ping_status":"open","sticky":false,"template":"","format":"standard","meta":{"ocean_post_layout":"","ocean_both_sidebars_style":"","ocean_both_sidebars_content_width":0,"ocean_both_sidebars_sidebars_width":0,"ocean_sidebar":"","ocean_second_sidebar":"","ocean_disable_margins":"enable","ocean_add_body_class":"","ocean_shortcode_before_top_bar":"","ocean_shortcode_after_top_bar":"","ocean_shortcode_before_header":"","ocean_shortcode_after_header":"","ocean_has_shortcode":"","ocean_shortcode_after_title":"","ocean_shortcode_before_footer_widgets":"","ocean_shortcode_after_footer_widgets":"","ocean_shortcode_before_footer_bottom":"","ocean_shortcode_after_footer_bottom":"","ocean_display_top_bar":"default","ocean_display_header":"default","ocean_header_style":"","ocean_center_header_left_menu":"","ocean_custom_header_template":"","ocean_custom_logo":0,"ocean_custom_retina_logo":0,"ocean_custom_logo_max_width":0,"ocean_custom_logo_tablet_max_width":0,"ocean_custom_logo_mobile_max_width":0,"ocean_custom_logo_max_height":0,"ocean_custom_logo_tablet_max_height":0,"ocean_custom_logo_mobile_max_height":0,"ocean_header_custom_menu":"","ocean_menu_typo_font_family":"","ocean_menu_typo_font_subset":"","ocean_menu_typo_font_size":0,"ocean_menu_typo_font_size_tablet":0,"ocean_menu_typo_font_size_mobile":0,"ocean_menu_typo_font_size_unit":"px","ocean_menu_typo_font_weight":"","ocean_menu_typo_font_weight_tablet":"","ocean_menu_typo_font_weight_mobile":"","ocean_menu_typo_transform":"","ocean_menu_typo_transform_tablet":"","ocean_menu_typo_transform_mobile":"","ocean_menu_typo_line_height":0,"ocean_menu_typo_line_height_tablet":0,"ocean_menu_typo_line_height_mobile":0,"ocean_menu_typo_line_height_unit":"","ocean_menu_typo_spacing":0,"ocean_menu_typo_spacing_tablet":0,"ocean_menu_typo_spacing_mobile":0,"ocean_menu_typo_spacing_unit":"","ocean_menu_link_color":"","ocean_menu_link_color_hover":"","ocean_menu_link_color_active":"","ocean_menu_link_background":"","ocean_menu_link_hover_background":"","ocean_menu_link_active_background":"","ocean_menu_social_links_bg":"","ocean_menu_social_hover_links_bg":"","ocean_menu_social_links_color":"","ocean_menu_social_hover_links_color":"","ocean_disable_title":"default","ocean_disable_heading":"default","ocean_post_title":"","ocean_post_subheading":"","ocean_post_title_style":"","ocean_post_title_background_color":"","ocean_post_title_background":0,"ocean_post_title_bg_image_position":"","ocean_post_title_bg_image_attachment":"","ocean_post_title_bg_image_repeat":"","ocean_post_title_bg_image_size":"","ocean_post_title_height":0,"ocean_post_title_bg_overlay":0.5,"ocean_post_title_bg_overlay_color":"","ocean_disable_breadcrumbs":"default","ocean_breadcrumbs_color":"","ocean_breadcrumbs_separator_color":"","ocean_breadcrumbs_links_color":"","ocean_breadcrumbs_links_hover_color":"","ocean_display_footer_widgets":"default","ocean_display_footer_bottom":"default","ocean_custom_footer_template":"","ocean_post_oembed":"","ocean_post_self_hosted_media":"","ocean_post_video_embed":"","ocean_link_format":"","ocean_link_format_target":"self","ocean_quote_format":"","ocean_quote_format_link":"post","ocean_gallery_link_images":"on","ocean_gallery_id":[]},"categories":[9],"tags":[1420,1490,82],"acf":[],"_links":{"self":[{"href":"https:\/\/www.simepe.com.br\/novo\/wp-json\/wp\/v2\/posts\/58878"}],"collection":[{"href":"https:\/\/www.simepe.com.br\/novo\/wp-json\/wp\/v2\/posts"}],"about":[{"href":"https:\/\/www.simepe.com.br\/novo\/wp-json\/wp\/v2\/types\/post"}],"author":[{"embeddable":true,"href":"https:\/\/www.simepe.com.br\/novo\/wp-json\/wp\/v2\/users\/1"}],"replies":[{"embeddable":true,"href":"https:\/\/www.simepe.com.br\/novo\/wp-json\/wp\/v2\/comments?post=58878"}],"version-history":[{"count":1,"href":"https:\/\/www.simepe.com.br\/novo\/wp-json\/wp\/v2\/posts\/58878\/revisions"}],"predecessor-version":[{"id":58879,"href":"https:\/\/www.simepe.com.br\/novo\/wp-json\/wp\/v2\/posts\/58878\/revisions\/58879"}],"wp:attachment":[{"href":"https:\/\/www.simepe.com.br\/novo\/wp-json\/wp\/v2\/media?parent=58878"}],"wp:term":[{"taxonomy":"category","embeddable":true,"href":"https:\/\/www.simepe.com.br\/novo\/wp-json\/wp\/v2\/categories?post=58878"},{"taxonomy":"post_tag","embeddable":true,"href":"https:\/\/www.simepe.com.br\/novo\/wp-json\/wp\/v2\/tags?post=58878"}],"curies":[{"name":"wp","href":"https:\/\/api.w.org\/{rel}","templated":true}]}}