{"id":60622,"date":"2021-07-13T12:22:05","date_gmt":"2021-07-13T15:22:05","guid":{"rendered":"https:\/\/www.simepe.com.br\/novo\/?p=60622"},"modified":"2021-07-13T12:22:05","modified_gmt":"2021-07-13T15:22:05","slug":"em-12-dias-ocupacao-de-leitos-de-uti-para-covid-19-em-petrolina-recua-de-71-para-45","status":"publish","type":"post","link":"https:\/\/www.simepe.com.br\/novo\/em-12-dias-ocupacao-de-leitos-de-uti-para-covid-19-em-petrolina-recua-de-71-para-45\/","title":{"rendered":"Em 12 dias, ocupa\u00e7\u00e3o de leitos de UTI para Covid-19 em Petrolina recua de 71% para 45%"},"content":{"rendered":"<p><em>Dos 82 leitos, 37 est\u00e3o ocupados, sendo 25 pacientes de Petrolina e 12 de outras cidades da regi\u00e3o.<\/em><\/p>\n<p>A cidade de Petrolina, no Sert\u00e3o de Pernambuco, registra, desde o in\u00edcio de julho, redu\u00e7\u00e3o na ocupa\u00e7\u00e3o de leitos de UTI destinados a pacientes com Covid-19.<\/p>\n<p>No primeiro dia do m\u00eas, segundo a prefeitura, a ocupa\u00e7\u00e3o era de 70,7% dos leitos dispon\u00edveis. Ou seja, dos 82 leitos pactuados, 58 estavam ocupados com pacientes confirmados para o coronav\u00edrus.<\/p>\n<p>J\u00e1 nessa segunda-feira (12), o percentual fechou em\u00a045,1%, no d\u00e9cimo segundo dia consecutivo de redu\u00e7\u00e3o da ocupa\u00e7\u00e3o, de acordo com a gest\u00e3o municipal.<\/p>\n<p>Dos 82 leitos, 37 est\u00e3o ocupados, sendo 25 pacientes de Petrolina e 12 de outras cidades da regi\u00e3o.<\/p>\n<p>&#8220;Esta \u00e9 a primeira vez, ao longo destes sete meses do ano, que a taxa de ocupa\u00e7\u00e3o dos leitos de UTI registra uma queda consider\u00e1vel&#8221;, informou a Prefeitura de Petrolina.<\/p>\n<p>A secret\u00e1ria executiva de Vigil\u00e2ncia em Sa\u00fade, Marlene Leandro, indica que os n\u00fameros da Covid-19, em Petrolina, v\u00eam caindo significativamente, em especial os casos graves.<\/p>\n<p>Entre os fatores determinantes, ela elenca as a\u00e7\u00f5es de combate \u00e0 doen\u00e7a e o avan\u00e7o da vacina\u00e7\u00e3o na cidade.<\/p>\n<blockquote><p>\u201cTemos avan\u00e7ado, e muito, na aplica\u00e7\u00e3o das doses de vacina contra o novo coronav\u00edrus. Nos \u00faltimos 30 dias, conseguimos baixar a faixa et\u00e1ria da popula\u00e7\u00e3o em geral, estamos vacinando o p\u00fablico de 40 anos ou mais e um total de mais de 148 mil doses aplicadas. Nossos esfor\u00e7os e trabalho ass\u00edduo t\u00eam feito com que consigamos desacelerar os casos graves desta doen\u00e7a, mas pe\u00e7o \u00e0s pessoas que continuem se protegendo\u201d, \u00a0explicou Marlene.<\/p><\/blockquote>\n<p><strong>Coronav\u00edrus em Petrolina<\/strong><br \/>\nOs dados mais recentes de Petrolina indicam que a cidade tem 30.651 pessoas infectadas pelo coronav\u00edrus desde o in\u00edcio da pandemia. Na segunda-feira (12), foram notificados 58 novos casos.<\/p>\n<p>A atualiza\u00e7\u00e3o tamb\u00e9m trouxe o registro de quatro novos \u00f3bitos, que elevou o total a 531.<\/p>\n<p>Segundo a prefeitura, 692 pessoas seguem sendo monitoradas e h\u00e1 2.655 casos ativos de Covid-19 no munic\u00edpio.<\/p>\n<p>Fonte: Folha de Pernambuco<\/p>\n","protected":false},"excerpt":{"rendered":"<p>Dos 82 leitos, 37 est\u00e3o ocupados, sendo 25 pacientes de Petrolina e 12 de outras cidades da regi\u00e3o. A cidade de Petrolina, no Sert\u00e3o de Pernambuco, registra, desde o in\u00edcio de julho, redu\u00e7\u00e3o na ocupa\u00e7\u00e3o de leitos de UTI destinados a pacientes com Covid-19. No primeiro dia do m\u00eas, segundo a prefeitura, a ocupa\u00e7\u00e3o era [&hellip;]<\/p>\n","protected":false},"author":1,"featured_media":0,"comment_status":"open","ping_status":"open","sticky":false,"template":"","format":"standard","meta":{"ocean_post_layout":"","ocean_both_sidebars_style":"","ocean_both_sidebars_content_width":0,"ocean_both_sidebars_sidebars_width":0,"ocean_sidebar":"","ocean_second_sidebar":"","ocean_disable_margins":"enable","ocean_add_body_class":"","ocean_shortcode_before_top_bar":"","ocean_shortcode_after_top_bar":"","ocean_shortcode_before_header":"","ocean_shortcode_after_header":"","ocean_has_shortcode":"","ocean_shortcode_after_title":"","ocean_shortcode_before_footer_widgets":"","ocean_shortcode_after_footer_widgets":"","ocean_shortcode_before_footer_bottom":"","ocean_shortcode_after_footer_bottom":"","ocean_display_top_bar":"default","ocean_display_header":"default","ocean_header_style":"","ocean_center_header_left_menu":"","ocean_custom_header_template":"","ocean_custom_logo":0,"ocean_custom_retina_logo":0,"ocean_custom_logo_max_width":0,"ocean_custom_logo_tablet_max_width":0,"ocean_custom_logo_mobile_max_width":0,"ocean_custom_logo_max_height":0,"ocean_custom_logo_tablet_max_height":0,"ocean_custom_logo_mobile_max_height":0,"ocean_header_custom_menu":"","ocean_menu_typo_font_family":"","ocean_menu_typo_font_subset":"","ocean_menu_typo_font_size":0,"ocean_menu_typo_font_size_tablet":0,"ocean_menu_typo_font_size_mobile":0,"ocean_menu_typo_font_size_unit":"px","ocean_menu_typo_font_weight":"","ocean_menu_typo_font_weight_tablet":"","ocean_menu_typo_font_weight_mobile":"","ocean_menu_typo_transform":"","ocean_menu_typo_transform_tablet":"","ocean_menu_typo_transform_mobile":"","ocean_menu_typo_line_height":0,"ocean_menu_typo_line_height_tablet":0,"ocean_menu_typo_line_height_mobile":0,"ocean_menu_typo_line_height_unit":"","ocean_menu_typo_spacing":0,"ocean_menu_typo_spacing_tablet":0,"ocean_menu_typo_spacing_mobile":0,"ocean_menu_typo_spacing_unit":"","ocean_menu_link_color":"","ocean_menu_link_color_hover":"","ocean_menu_link_color_active":"","ocean_menu_link_background":"","ocean_menu_link_hover_background":"","ocean_menu_link_active_background":"","ocean_menu_social_links_bg":"","ocean_menu_social_hover_links_bg":"","ocean_menu_social_links_color":"","ocean_menu_social_hover_links_color":"","ocean_disable_title":"default","ocean_disable_heading":"default","ocean_post_title":"","ocean_post_subheading":"","ocean_post_title_style":"","ocean_post_title_background_color":"","ocean_post_title_background":0,"ocean_post_title_bg_image_position":"","ocean_post_title_bg_image_attachment":"","ocean_post_title_bg_image_repeat":"","ocean_post_title_bg_image_size":"","ocean_post_title_height":0,"ocean_post_title_bg_overlay":0.5,"ocean_post_title_bg_overlay_color":"","ocean_disable_breadcrumbs":"default","ocean_breadcrumbs_color":"","ocean_breadcrumbs_separator_color":"","ocean_breadcrumbs_links_color":"","ocean_breadcrumbs_links_hover_color":"","ocean_display_footer_widgets":"default","ocean_display_footer_bottom":"default","ocean_custom_footer_template":"","ocean_post_oembed":"","ocean_post_self_hosted_media":"","ocean_post_video_embed":"","ocean_link_format":"","ocean_link_format_target":"self","ocean_quote_format":"","ocean_quote_format_link":"post","ocean_gallery_link_images":"on","ocean_gallery_id":[]},"categories":[9],"tags":[3847,91,1490,82],"acf":[],"_links":{"self":[{"href":"https:\/\/www.simepe.com.br\/novo\/wp-json\/wp\/v2\/posts\/60622"}],"collection":[{"href":"https:\/\/www.simepe.com.br\/novo\/wp-json\/wp\/v2\/posts"}],"about":[{"href":"https:\/\/www.simepe.com.br\/novo\/wp-json\/wp\/v2\/types\/post"}],"author":[{"embeddable":true,"href":"https:\/\/www.simepe.com.br\/novo\/wp-json\/wp\/v2\/users\/1"}],"replies":[{"embeddable":true,"href":"https:\/\/www.simepe.com.br\/novo\/wp-json\/wp\/v2\/comments?post=60622"}],"version-history":[{"count":1,"href":"https:\/\/www.simepe.com.br\/novo\/wp-json\/wp\/v2\/posts\/60622\/revisions"}],"predecessor-version":[{"id":60623,"href":"https:\/\/www.simepe.com.br\/novo\/wp-json\/wp\/v2\/posts\/60622\/revisions\/60623"}],"wp:attachment":[{"href":"https:\/\/www.simepe.com.br\/novo\/wp-json\/wp\/v2\/media?parent=60622"}],"wp:term":[{"taxonomy":"category","embeddable":true,"href":"https:\/\/www.simepe.com.br\/novo\/wp-json\/wp\/v2\/categories?post=60622"},{"taxonomy":"post_tag","embeddable":true,"href":"https:\/\/www.simepe.com.br\/novo\/wp-json\/wp\/v2\/tags?post=60622"}],"curies":[{"name":"wp","href":"https:\/\/api.w.org\/{rel}","templated":true}]}}