{"id":60634,"date":"2021-07-14T12:24:11","date_gmt":"2021-07-14T15:24:11","guid":{"rendered":"https:\/\/www.simepe.com.br\/novo\/?p=60634"},"modified":"2021-07-14T12:24:11","modified_gmt":"2021-07-14T15:24:11","slug":"8-capitais-suspenderam-a-aplicacao-da-1a-dose-da-vacina-contra-a-covid-19-belem-e-curitiba-tambem-estao-sem-2a-dose","status":"publish","type":"post","link":"https:\/\/www.simepe.com.br\/novo\/8-capitais-suspenderam-a-aplicacao-da-1a-dose-da-vacina-contra-a-covid-19-belem-e-curitiba-tambem-estao-sem-2a-dose\/","title":{"rendered":"8 capitais suspenderam a aplica\u00e7\u00e3o da 1\u00aa dose da vacina contra a Covid-19; Bel\u00e9m e Curitiba tamb\u00e9m est\u00e3o sem 2\u00aa dose"},"content":{"rendered":"<p><em>Outras 4 capitais est\u00e3o com a distribui\u00e7\u00e3o da primeira dose restrita aos grupos de gestantes e pu\u00e9rperas: Aracaju, Florian\u00f3polis, Jo\u00e3o Pessoa e Macei\u00f3.<\/em><\/p>\n<div class=\"mc-column content-text active-extra-styles \">\n<p class=\"content-text__container \">Oito <span class=\"highlight highlighted\">capitais suspenderam a aplica\u00e7\u00e3o da primeira dose da vacina contra a Covid-19 nesta quarta-feira (14)<\/span>, por motivo de falta de doses.<\/p>\n<\/div>\n<div class=\"wall protected-content\">\n<div class=\"mc-column content-text active-extra-styles \">\n<p class=\"content-text__container \">Rio Branco, Manaus, Salvador, Campo Grande, Natal e Porto Velho informaram que aplicar\u00e3o somente a segunda dose da vacina. Bel\u00e9m e Curitiba tamb\u00e9m est\u00e3o com a<span class=\"highlight highlighted\"> aplica\u00e7\u00e3o da segunda dose suspensa.<\/span><\/p>\n<\/div>\n<div class=\"mc-column content-text active-extra-styles \">\n<p class=\"content-text__container \">Outras 4 capitais est\u00e3o com a<span class=\"highlight highlighted\"> distribui\u00e7\u00e3o da primeira dose restrita aos grupos de gestantes, lactantes e pu\u00e9rperas<\/span>: Aracaju, Florian\u00f3polis, Jo\u00e3o Pessoa e Macei\u00f3.<\/p>\n<div class=\"mc-column content-text active-extra-styles\">\n<ul class=\"content-unordered-list\">\n<li><a href=\"https:\/\/g1.globo.com\/sp\/sao-paulo\/noticia\/2021\/01\/27\/vacina-contra-covid-19-na-cidade-de-sao-paulo-veja-quem-pode-ser-vacinado-hoje-e-o-que-fazer.ghtml\">S\u00e3o Paulo<\/a><\/li>\n<li><a href=\"https:\/\/g1.globo.com\/rj\/rio-de-janeiro\/noticia\/2021\/01\/27\/vacina-contra-covid-19-no-rio-veja-quem-pode-ser-vacinado-hoje-e-o-que-fazer.ghtml\">Rio de Janeiro<\/a><\/li>\n<li><a href=\"https:\/\/g1.globo.com\/mg\/minas-gerais\/noticia\/2021\/01\/27\/vacina-contra-covid-19-em-belo-horizonte-veja-quem-pode-ser-vacinado-hoje-e-o-que-fazer.ghtml\">Belo Horizonte<\/a><\/li>\n<li><a href=\"https:\/\/g1.globo.com\/ac\/acre\/noticia\/2021\/01\/27\/vacina-contra-covid-19-em-rio-branco-veja-quem-pode-ser-vacinado-hoje-e-o-que-fazer.ghtml\">Rio Branco<\/a><\/li>\n<li><a href=\"https:\/\/g1.globo.com\/al\/alagoas\/noticia\/2021\/01\/27\/vacina-contra-covid-19-em-maceio-veja-quem-pode-ser-vacinado-hoje-e-o-que-fazer.ghtml\">Macei\u00f3<\/a><\/li>\n<li><a href=\"https:\/\/g1.globo.com\/ap\/amapa\/noticia\/2021\/01\/27\/vacina-contra-covid-19-em-macapa-veja-quem-pode-ser-vacinado-hoje-e-o-que-fazer.ghtml\">Macap\u00e1<\/a><\/li>\n<li><a href=\"https:\/\/g1.globo.com\/ba\/bahia\/noticia\/2021\/01\/27\/vacina-contra-covid-19-em-salvador-veja-quem-pode-ser-vacinado-hoje.ghtml\">Salvador<\/a><\/li>\n<li><a href=\"https:\/\/g1.globo.com\/ce\/ceara\/noticia\/2021\/01\/27\/vacina-contra-covid-19-em-fortaleza-veja-quem-pode-ser-vacinado-hoje-e-o-que-fazer.ghtml\">Fortaleza<\/a><\/li>\n<li><a href=\"https:\/\/g1.globo.com\/df\/distrito-federal\/noticia\/2021\/01\/27\/vacina-contra-covid-19-no-df-veja-quem-pode-ser-vacinado-hoje-e-o-que-fazer.ghtml\">Bras\u00edlia<\/a><\/li>\n<li><a href=\"https:\/\/g1.globo.com\/es\/espirito-santo\/noticia\/2021\/01\/27\/vacina-contra-covid-19-em-vitoria-veja-quem-pode-ser-vacinado-e-o-que-fazer.ghtml\">Vit\u00f3ria<\/a><\/li>\n<li><a href=\"https:\/\/g1.globo.com\/go\/goias\/noticia\/2021\/01\/27\/vacina-contra-covid-19-em-goiania-veja-quem-pode-ser-vacinado-hoje-e-o-que-fazer.ghtml\">Goi\u00e2nia<\/a><\/li>\n<li><a href=\"https:\/\/g1.globo.com\/ma\/maranhao\/noticia\/2021\/01\/27\/vacina-contra-a-covid-19-em-sao-luis-veja-quem-pode-ser-vacinado-hoje-e-o-que-fazer.ghtml\">S\u00e3o Lu\u00eds<\/a><\/li>\n<li><a href=\"https:\/\/g1.globo.com\/mt\/mato-grosso\/noticia\/2021\/01\/27\/vacina-contra-covid-19-em-cuiaba-veja-quem-pode-ser-vacinado-hoje-e-o-que-fazer.ghtml\">Cuiab\u00e1<\/a><\/li>\n<li><a href=\"https:\/\/g1.globo.com\/ms\/mato-grosso-do-sul\/noticia\/2021\/01\/27\/vacina-contra-covid-19-em-campo-grande-veja-quem-pode-ser-vacinado-nesta-primeira-etapa-e-o-que-fazer.ghtml\">Campo Grande<\/a><\/li>\n<li><a href=\"https:\/\/g1.globo.com\/pa\/para\/noticia\/2021\/01\/27\/vacina-contra-covid-19-em-belem-veja-quem-pode-ser-vacinado-hoje-e-o-que-fazer.ghtml\">Bel\u00e9m<\/a><\/li>\n<li><a href=\"https:\/\/g1.globo.com\/am\/amazonas\/noticia\/2021\/01\/27\/vacina-contra-covid-19-em-manaus-veja-quem-pode-ser-vacinado-hoje-e-o-que-fazer.ghtml\">Manaus<\/a><\/li>\n<li><a href=\"https:\/\/g1.globo.com\/pb\/paraiba\/noticia\/2021\/01\/27\/vacina-contra-covid-19-em-joao-pessoa-veja-quem-pode-ser-vacinado-hoje-e-o-que-fazer.ghtml\">Jo\u00e3o Pessoa<\/a><\/li>\n<li><a href=\"https:\/\/g1.globo.com\/pe\/pernambuco\/noticia\/2021\/01\/27\/vacina-contra-covid-19-no-recife-veja-quem-pode-ser-vacinado-hoje-e-o-que-fazer.ghtml\">Recife<\/a><\/li>\n<li><a href=\"https:\/\/g1.globo.com\/pi\/piaui\/noticia\/2021\/01\/27\/vacina-contra-covid-19-em-teresina-veja-quem-pode-ser-vacinado-hoje-e-o-que-fazer.ghtml\">Teresina<\/a><\/li>\n<li><a href=\"https:\/\/g1.globo.com\/pr\/parana\/noticia\/2021\/01\/27\/vacina-contra-covid-19-em-curitiba-veja-quem-pode-ser-vacinado-nesta-primeira-etapa-e-o-que-fazer.ghtml\">Curitiba<\/a><\/li>\n<li><a href=\"https:\/\/g1.globo.com\/rn\/rio-grande-do-norte\/noticia\/2021\/01\/27\/vacina-contra-covid-19-em-natal-veja-quem-pode-ser-vacinado-hoje-e-o-que-fazer.ghtml\">Natal<\/a><\/li>\n<li><a href=\"https:\/\/g1.globo.com\/ro\/rondonia\/noticia\/2021\/01\/27\/vacina-contra-covid-19-em-porto-velho-veja-quem-pode-ser-vacinado-hoje.ghtml\">Porto Velho<\/a><\/li>\n<li><a href=\"https:\/\/g1.globo.com\/rr\/roraima\/noticia\/2021\/01\/28\/vacina-contra-covid-19-em-boa-vista-veja-quem-pode-ser-vacinado-hoje-e-o-que-fazer.ghtml\">Boa Vista<\/a><\/li>\n<li><a href=\"https:\/\/g1.globo.com\/rs\/rio-grande-do-sul\/noticia\/2021\/01\/27\/vacina-contra-covid-19-em-porto-alegre-veja-quem-pode-ser-vacinado-hoje-e-o-que-fazer.ghtml\">Porto Alegre<\/a><\/li>\n<li><a href=\"https:\/\/g1.globo.com\/sc\/santa-catarina\/noticia\/2021\/01\/27\/vacina-contra-covid-19-em-florianopolis-veja-quem-pode-ser-vacinado-hoje-e-o-que-fazer.ghtml\">Florian\u00f3polis<\/a><\/li>\n<li><a href=\"https:\/\/g1.globo.com\/se\/sergipe\/noticia\/2021\/01\/27\/vacina-contra-covid-19-em-aracaju-veja-quem-pode-ser-vacinado-hoje-e-o-que-fazer.ghtml\">Aracaju<\/a><\/li>\n<li><a href=\"https:\/\/g1.globo.com\/to\/tocantins\/noticia\/2021\/01\/28\/vacina-contra-covid-19-em-palmas-veja-quem-pode-ser-vacinado-hoje-e-o-que-fazer.ghtml\">Palmas<\/a><\/li>\n<\/ul>\n<\/div>\n<p>Fonte: G1<\/p>\n<\/div>\n<\/div>\n","protected":false},"excerpt":{"rendered":"<p>Outras 4 capitais est\u00e3o com a distribui\u00e7\u00e3o da primeira dose restrita aos grupos de gestantes e pu\u00e9rperas: Aracaju, Florian\u00f3polis, Jo\u00e3o Pessoa e Macei\u00f3. Oito capitais suspenderam a aplica\u00e7\u00e3o da primeira dose da vacina contra a Covid-19 nesta quarta-feira (14), por motivo de falta de doses. Rio Branco, Manaus, Salvador, Campo Grande, Natal e Porto Velho [&hellip;]<\/p>\n","protected":false},"author":1,"featured_media":0,"comment_status":"open","ping_status":"open","sticky":false,"template":"","format":"standard","meta":{"ocean_post_layout":"","ocean_both_sidebars_style":"","ocean_both_sidebars_content_width":0,"ocean_both_sidebars_sidebars_width":0,"ocean_sidebar":"","ocean_second_sidebar":"","ocean_disable_margins":"enable","ocean_add_body_class":"","ocean_shortcode_before_top_bar":"","ocean_shortcode_after_top_bar":"","ocean_shortcode_before_header":"","ocean_shortcode_after_header":"","ocean_has_shortcode":"","ocean_shortcode_after_title":"","ocean_shortcode_before_footer_widgets":"","ocean_shortcode_after_footer_widgets":"","ocean_shortcode_before_footer_bottom":"","ocean_shortcode_after_footer_bottom":"","ocean_display_top_bar":"default","ocean_display_header":"default","ocean_header_style":"","ocean_center_header_left_menu":"","ocean_custom_header_template":"","ocean_custom_logo":0,"ocean_custom_retina_logo":0,"ocean_custom_logo_max_width":0,"ocean_custom_logo_tablet_max_width":0,"ocean_custom_logo_mobile_max_width":0,"ocean_custom_logo_max_height":0,"ocean_custom_logo_tablet_max_height":0,"ocean_custom_logo_mobile_max_height":0,"ocean_header_custom_menu":"","ocean_menu_typo_font_family":"","ocean_menu_typo_font_subset":"","ocean_menu_typo_font_size":0,"ocean_menu_typo_font_size_tablet":0,"ocean_menu_typo_font_size_mobile":0,"ocean_menu_typo_font_size_unit":"px","ocean_menu_typo_font_weight":"","ocean_menu_typo_font_weight_tablet":"","ocean_menu_typo_font_weight_mobile":"","ocean_menu_typo_transform":"","ocean_menu_typo_transform_tablet":"","ocean_menu_typo_transform_mobile":"","ocean_menu_typo_line_height":0,"ocean_menu_typo_line_height_tablet":0,"ocean_menu_typo_line_height_mobile":0,"ocean_menu_typo_line_height_unit":"","ocean_menu_typo_spacing":0,"ocean_menu_typo_spacing_tablet":0,"ocean_menu_typo_spacing_mobile":0,"ocean_menu_typo_spacing_unit":"","ocean_menu_link_color":"","ocean_menu_link_color_hover":"","ocean_menu_link_color_active":"","ocean_menu_link_background":"","ocean_menu_link_hover_background":"","ocean_menu_link_active_background":"","ocean_menu_social_links_bg":"","ocean_menu_social_hover_links_bg":"","ocean_menu_social_links_color":"","ocean_menu_social_hover_links_color":"","ocean_disable_title":"default","ocean_disable_heading":"default","ocean_post_title":"","ocean_post_subheading":"","ocean_post_title_style":"","ocean_post_title_background_color":"","ocean_post_title_background":0,"ocean_post_title_bg_image_position":"","ocean_post_title_bg_image_attachment":"","ocean_post_title_bg_image_repeat":"","ocean_post_title_bg_image_size":"","ocean_post_title_height":0,"ocean_post_title_bg_overlay":0.5,"ocean_post_title_bg_overlay_color":"","ocean_disable_breadcrumbs":"default","ocean_breadcrumbs_color":"","ocean_breadcrumbs_separator_color":"","ocean_breadcrumbs_links_color":"","ocean_breadcrumbs_links_hover_color":"","ocean_display_footer_widgets":"default","ocean_display_footer_bottom":"default","ocean_custom_footer_template":"","ocean_post_oembed":"","ocean_post_self_hosted_media":"","ocean_post_video_embed":"","ocean_link_format":"","ocean_link_format_target":"self","ocean_quote_format":"","ocean_quote_format_link":"post","ocean_gallery_link_images":"on","ocean_gallery_id":[]},"categories":[9],"tags":[3847,1490,82,318],"acf":[],"_links":{"self":[{"href":"https:\/\/www.simepe.com.br\/novo\/wp-json\/wp\/v2\/posts\/60634"}],"collection":[{"href":"https:\/\/www.simepe.com.br\/novo\/wp-json\/wp\/v2\/posts"}],"about":[{"href":"https:\/\/www.simepe.com.br\/novo\/wp-json\/wp\/v2\/types\/post"}],"author":[{"embeddable":true,"href":"https:\/\/www.simepe.com.br\/novo\/wp-json\/wp\/v2\/users\/1"}],"replies":[{"embeddable":true,"href":"https:\/\/www.simepe.com.br\/novo\/wp-json\/wp\/v2\/comments?post=60634"}],"version-history":[{"count":1,"href":"https:\/\/www.simepe.com.br\/novo\/wp-json\/wp\/v2\/posts\/60634\/revisions"}],"predecessor-version":[{"id":60635,"href":"https:\/\/www.simepe.com.br\/novo\/wp-json\/wp\/v2\/posts\/60634\/revisions\/60635"}],"wp:attachment":[{"href":"https:\/\/www.simepe.com.br\/novo\/wp-json\/wp\/v2\/media?parent=60634"}],"wp:term":[{"taxonomy":"category","embeddable":true,"href":"https:\/\/www.simepe.com.br\/novo\/wp-json\/wp\/v2\/categories?post=60634"},{"taxonomy":"post_tag","embeddable":true,"href":"https:\/\/www.simepe.com.br\/novo\/wp-json\/wp\/v2\/tags?post=60634"}],"curies":[{"name":"wp","href":"https:\/\/api.w.org\/{rel}","templated":true}]}}