{"id":60636,"date":"2021-07-14T12:33:01","date_gmt":"2021-07-14T15:33:01","guid":{"rendered":"https:\/\/www.simepe.com.br\/novo\/?p=60636"},"modified":"2021-07-14T12:33:01","modified_gmt":"2021-07-14T15:33:01","slug":"covid-19-pfizer-entrega-9243-mil-doses-da-vacina-ao-brasil-nesta-quarta-feira","status":"publish","type":"post","link":"https:\/\/www.simepe.com.br\/novo\/covid-19-pfizer-entrega-9243-mil-doses-da-vacina-ao-brasil-nesta-quarta-feira\/","title":{"rendered":"Covid-19: Pfizer entrega 924,3 mil doses da vacina ao Brasil nesta quarta-feira"},"content":{"rendered":"<p><em>Novo lote, o 22\u00ba entregue pela farmac\u00eautica ao pa\u00eds, vai pousar no Aeroporto de Viracopos, em Campinas. Com a remessa, farmac\u00eautica vai completar 17 milh\u00f5es de imunizantes enviados.<\/em><\/p>\n<div class=\"mc-column content-text active-extra-styles \">\n<p class=\"content-text__container \">A farmac\u00eautica americana Pfizer entrega, nesta quarta-feira (14), mais <strong>924,3 mil doses da vacina contra a Covid-19 ao Brasil<\/strong>. O lote, que \u00e9 o 22\u00ba enviado ao pa\u00eds do imunizante, vai desembarcar no Aeroporto Internacional de Viracopos, em Campinas (SP), no per\u00edodo da noite. O voo vai sair de Miami, no Estados Unidos.<\/p>\n<\/div>\n<div class=\"wall protected-content\">\n<div class=\"mc-column content-text active-extra-styles \">\n<p class=\"content-text__container \">O <a href=\"https:\/\/g1.globo.com\/sp\/campinas-regiao\/noticia\/2021\/07\/07\/covid-aviao-com-mais-6002-mil-doses-da-vacina-da-pfizer-chega-ao-brasil.ghtml\">\u00faltimo envio feito pela empresa foi no dia 7 de julho<\/a>, quando foram entregues 600,2 mil imunizantes. Com a remessa desta semana, o Brasil chega a <strong><span class=\"highlight\">17 milh\u00f5es das 200 milh\u00f5es de doses<\/span><\/strong><span class=\"highlight\"> da vacina da Pfizer\/Biontech contratadas pelo governo federal<\/span>. A companhia diz que vai cumprir o cronograma de <strong>entrega total at\u00e9 o final de 2021<\/strong>.<\/p>\n<\/div>\n<div class=\"mc-column content-text active-extra-styles \">\n<p class=\"content-text__container \">No dia 20 de junho, a Pfizer enviou ao Brasil <a href=\"https:\/\/g1.globo.com\/sp\/campinas-regiao\/noticia\/2021\/06\/20\/covid-19-pfizer-entrega-ao-brasil-842-mil-doses-da-vacina-pelo-consorcio-covax-facility.ghtml\">o primeiro lote de doses da vacina por meio do cons\u00f3rcio global Covax Facility<\/a>. A entrega foi de 842 mil imunizantes.<\/p>\n<div class=\"mc-column content-text active-extra-styles \">\n<p class=\"content-text__container \">A Pfizer utilizou o Aeroporto de Viracopos para todas as entregas ao Brasil at\u00e9 agora. A primeira remessa teve <a href=\"https:\/\/g1.globo.com\/sp\/campinas-regiao\/noticia\/2021\/04\/29\/aviao-com-1-milhao-de-doses-da-vacina-da-pfizer-chega-ao-brasil-por-viracopos.ghtml\">1 milh\u00e3o de doses e foi recebida pelo pa\u00eds em 29 de abril<\/a>, em cerim\u00f4nia que contou com a presen\u00e7a do ministro da Sa\u00fade, Marcelo Queiroga.<\/p>\n<\/div>\n<div class=\"mc-column content-text active-extra-styles \">\n<p class=\"content-text__container \">A log\u00edstica de entrega das doses ao governo federal conta com seguran\u00e7a da Pol\u00edcia Federal. Equipes acompanham o desembarque em Viracopos e escoltam o transporte rodovi\u00e1rio das doses at\u00e9 o centro de distribui\u00e7\u00e3o do Minist\u00e9rio da Sa\u00fade, em Guarulhos (SP).<\/p>\n<div class=\"mc-column content-text active-extra-styles \">\n<p class=\"content-text__container \"><strong>Remessas entregues pelo acordo com o Minist\u00e9rio da Sa\u00fade<\/strong><\/p>\n<\/div>\n<div class=\"mc-column content-text active-extra-styles\">\n<ul class=\"content-unordered-list\">\n<li><strong>29\/04: <\/strong><a href=\"https:\/\/g1.globo.com\/sp\/campinas-regiao\/noticia\/2021\/04\/29\/aviao-com-1-milhao-de-doses-da-vacina-da-pfizer-chega-ao-brasil-por-viracopos.ghtml\"><strong>1 milh\u00e3o de doses<\/strong><\/a><\/li>\n<li><strong>05\/05: <\/strong><a href=\"https:\/\/g1.globo.com\/sp\/campinas-regiao\/noticia\/2021\/05\/05\/aviao-com-629-mil-doses-de-vacina-da-pfizer-chega-ao-brasil-por-viracopos.ghtml\"><strong>628.290 mil doses<\/strong><\/a><\/li>\n<li><strong>12\/05: <\/strong><a href=\"https:\/\/g1.globo.com\/sp\/campinas-regiao\/noticia\/2021\/05\/12\/covid-19-aviao-com-628-mil-doses-de-vacina-da-pfizer-chega-ao-brasil-por-viracopos.ghtml\"><strong>628.290 mil doses<\/strong><\/a><\/li>\n<li><strong>19\/05: <\/strong><a href=\"https:\/\/g1.globo.com\/sp\/campinas-regiao\/noticia\/2021\/05\/19\/covid-19-aviao-com-mais-629-mil-doses-de-vacina-da-pfizer-chega-ao-brasil-por-viracopos.ghtml\"><strong>629.460 mil doses<\/strong><\/a><\/li>\n<li><strong>26\/05: <\/strong><a href=\"https:\/\/g1.globo.com\/sp\/campinas-regiao\/noticia\/2021\/05\/26\/aviao-com-629-mil-vacinas-da-pfizer-contra-covid-19-chega-ao-brasil-por-viracopos-lote-e-o-5o.ghtml\"><strong>629.460 mil doses<\/strong><\/a><\/li>\n<li><strong>01\/06: <\/strong><a href=\"https:\/\/g1.globo.com\/sp\/campinas-regiao\/noticia\/2021\/06\/01\/covid-aviao-com-936-mil-doses-da-vacina-da-pfizer-chega-ao-brasil-e-o-6o-lote-entregue-em-viracopos.ghtml\"><strong>936 mil doses<\/strong><\/a><\/li>\n<li><strong>02\/06: <\/strong><a href=\"https:\/\/g1.globo.com\/sp\/campinas-regiao\/noticia\/2021\/06\/02\/covid-aviao-com-7o-lote-chega-em-viracopos-e-brasil-totaliza-53-mi-de-doses-da-vacina-da-pfizer.ghtml\"><strong>936 mil doses<\/strong><\/a><\/li>\n<li><strong>03\/06: <\/strong><a href=\"https:\/\/g1.globo.com\/sp\/campinas-regiao\/noticia\/2021\/06\/03\/covid-aviao-com-mais-527-mil-doses-da-vacina-da-pfizer-chega-ao-brasil-por-viracopos.ghtml\"><strong>527.670 mil doses<\/strong><\/a><\/li>\n<li><strong>08\/06: <\/strong><a href=\"https:\/\/g1.globo.com\/sp\/campinas-regiao\/noticia\/2021\/06\/08\/covid-aviao-com-mais-526-mil-doses-da-vacina-da-pfizer-chega-ao-brasil-por-viracopos.ghtml\"><strong>526.500 mil doses<\/strong><\/a><\/li>\n<li><strong>09\/06: <\/strong><a href=\"https:\/\/g1.globo.com\/sp\/campinas-regiao\/noticia\/2021\/06\/09\/brasil-recebe-mais-936-mil-doses-da-vacina-contra-covid-19-da-pfizer.ghtml\"><strong>936 mil doses<\/strong><\/a><\/li>\n<li><strong>10\/06: <\/strong><a href=\"https:\/\/g1.globo.com\/sp\/campinas-regiao\/noticia\/2021\/06\/15\/covid-19-pfizer-entrega-ao-brasil-mais-24-milhoes-de-doses-da-vacina-nesta-semana.ghtml\"><strong>936 mil doses<\/strong><\/a><\/li>\n<li><strong>15\/06<\/strong>: <a href=\"https:\/\/g1.globo.com\/sp\/campinas-regiao\/noticia\/2021\/06\/15\/covid-19-aviao-com-mais-936-mil-doses-da-vacina-da-pfizer-chega-ao-brasil-por-viracopos.ghtml\"><strong>530 mil doses<\/strong><\/a><\/li>\n<li><strong>16\/06: <\/strong><a href=\"https:\/\/g1.globo.com\/sp\/campinas-regiao\/noticia\/2021\/06\/16\/aviao-com-936-mil-doses-da-vacina-contra-covid-19-da-pfizer-chega-ao-brasil-por-viracopos.ghtml\"><strong>936 mil doses<\/strong><\/a><\/li>\n<li><strong>17\/06: <\/strong><a href=\"https:\/\/g1.globo.com\/sp\/campinas-regiao\/noticia\/2021\/06\/17\/covid-19-com-14o-lote-pfizer-completa-entrega-de-24-milhoes-de-doses-da-vacina-nesta-semana.ghtml\"><strong>936 mil doses<\/strong><\/a><\/li>\n<li><strong>22\/06: <\/strong><a href=\"https:\/\/g1.globo.com\/sp\/campinas-regiao\/noticia\/2021\/06\/22\/covid-19-aviao-com-528-mil-doses-da-vacina-da-pfizer-chega-ao-brasil-por-viracopos.ghtml\"><strong>528.840 doses<\/strong><\/a><\/li>\n<li><strong>24\/06: <\/strong><a href=\"https:\/\/g1.globo.com\/sp\/campinas-regiao\/noticia\/2021\/06\/24\/covid-aviao-com-936-mil-doses-da-vacina-da-pfizer-chega-ao-brasil-por-viracopos.ghtml\"><strong>936 mil doses<\/strong><\/a><\/li>\n<li><strong>27\/06: <\/strong><a href=\"https:\/\/g1.globo.com\/sp\/campinas-regiao\/noticia\/2021\/06\/27\/covid-pfizer-entrega-mais-936-mil-doses-da-vacina-ao-brasil-e-completa-24-milhoes-em-tres-voos.ghtml\"><strong>936 mil doses<\/strong><\/a><\/li>\n<li><strong>29\/06: <\/strong><a href=\"https:\/\/g1.globo.com\/sp\/campinas-regiao\/noticia\/2021\/06\/29\/covid-aviao-com-5288-mil-doses-da-vacina-da-pfizer-chega-ao-brasil-por-viracopos.ghtml\"><strong>528.840 doses<\/strong><\/a><\/li>\n<li><strong>30\/06:<\/strong> <a href=\"https:\/\/g1.globo.com\/sp\/campinas-regiao\/noticia\/2021\/06\/30\/pfizer-entrega-mais-936-mil-doses-da-vacina-contra-covid-19-ao-brasil.ghtml\"><strong>936 mil doses<\/strong><\/a><\/li>\n<li><strong>01\/07: <\/strong><a href=\"https:\/\/g1.globo.com\/sp\/campinas-regiao\/noticia\/2021\/07\/01\/covid-19-pfizer-entrega-mais-936-mil-doses-da-vacina-ao-brasil-e-chega-a-155-milhoes-apos-20-lotes.ghtml\"><strong>936 mil doses<\/strong><\/a><\/li>\n<li><strong>07\/07: <\/strong><a href=\"https:\/\/g1.globo.com\/sp\/campinas-regiao\/noticia\/2021\/07\/07\/covid-aviao-com-mais-6002-mil-doses-da-vacina-da-pfizer-chega-ao-brasil.ghtml\"><strong>600.210 doses<\/strong><\/a><\/li>\n<\/ul>\n<div class=\"mc-column content-text active-extra-styles \">\n<p class=\"content-text__container \"><strong>Entrega pelo cons\u00f3rcio Covax Facility<\/strong><\/p>\n<\/div>\n<div class=\"mc-column content-text active-extra-styles\">\n<ul class=\"content-unordered-list\">\n<li><strong>20\/06: <\/strong><a href=\"https:\/\/g1.globo.com\/sp\/campinas-regiao\/noticia\/2021\/06\/20\/covid-19-pfizer-entrega-ao-brasil-842-mil-doses-da-vacina-pelo-consorcio-covax-facility.ghtml\"><strong>842 mil doses<\/strong><\/a><\/li>\n<\/ul>\n<div class=\"mc-column content-text active-extra-styles\">\n<div class=\"content-intertitle\">\n<h2>Armazenamento<\/h2>\n<\/div>\n<\/div>\n<div class=\"mc-column content-text active-extra-styles \">\n<p class=\"content-text__container \">No fim de maio, a Ag\u00eancia Nacional de Vigil\u00e2ncia Sanit\u00e1ria (<a href=\"https:\/\/g1.globo.com\/tudo-sobre\/anvisa\/\">Anvisa<\/a>) <a href=\"https:\/\/g1.globo.com\/bemestar\/vacina\/noticia\/2021\/05\/28\/anvisa-armazenamento-vacina-da-pfizer.ghtml\">autorizou novas condi\u00e7\u00f5es de conserva\u00e7\u00e3o e armazenamento para a vacina da Pfizer<\/a>, que agora pode ser mantida em <span class=\"highlight\">temperatura controlada entre 2\u00baC e 8\u00baC por at\u00e9 31 dias<\/span>. A orienta\u00e7\u00e3o anterior era de <strong>cinco dias<\/strong>.<\/p>\n<\/div>\n<div class=\"mc-column content-text active-extra-styles \">\n<p class=\"content-text__container \">Antes da libera\u00e7\u00e3o dos frascos para a vacina\u00e7\u00e3o, as doses da Pfizer precisavam ser armazenadas em caixas com temperaturas entre -25\u00b0C e -15\u00b0C por, no m\u00e1ximo, 14 dias. Tais condi\u00e7\u00f5es n\u00e3o permitiam que a vacina fosse enviada para munic\u00edpios distantes mais que 2h30 da capital do estado.<\/p>\n<div class=\"mc-column content-text active-extra-styles\">\n<div class=\"content-intertitle\">\n<h2>Hist\u00f3rico<\/h2>\n<\/div>\n<\/div>\n<div class=\"mc-column content-text active-extra-styles \">\n<p class=\"content-text__container \">A vacina da Pfizer\/BioNTech <a href=\"https:\/\/g1.globo.com\/bemestar\/vacina\/noticia\/2021\/01\/08\/pfizer-diz-ter-oferecido-70-milhoes-de-doses-de-vacina-a-governo-brasileiro-para-entrega-em-dezembro-de-2020.ghtml\">foi alvo de recusa e pol\u00eamicas dentro do governo federal<\/a>. Ainda no ano passado, tr\u00eas ofertas formais para venda de 70 milh\u00f5es de doses foram feitas pela empresa e <a href=\"https:\/\/g1.globo.com\/politica\/blog\/octavio-guedes\/post\/2021\/04\/27\/cpi-da-covid-governo-bolsonaro-recusou-11-vezes-ofertas-para-compras-de-vacina.ghtml\">ficaram sem resposta do Minist\u00e9rio da Sa\u00fade<\/a>.<\/p>\n<\/div>\n<div class=\"mc-column content-text active-extra-styles\">\n<ul class=\"content-unordered-list\">\n<li><a href=\"https:\/\/g1.globo.com\/politica\/blog\/valdo-cruz\/post\/2021\/05\/24\/pfizer-alertou-que-doses-reservadas-ao-brasil-iriam-para-outros-paises-se-nao-houvesse-resposta-do-governo.ghtml\">Pfizer alertou: doses reservadas ao Brasil iriam para outros pa\u00edses se n\u00e3o houvesse resposta<\/a><\/li>\n<\/ul>\n<\/div>\n<div class=\"mc-column content-text active-extra-styles \">\n<p class=\"content-text__container \">Tamb\u00e9m em dezembro, o secret\u00e1rio de Vigil\u00e2ncia em Sa\u00fade do Minist\u00e9rio da Sa\u00fade, Arnaldo Medeiros, descartou a compra da vacina por causa da exig\u00eancia de armazenamento em baixas temperaturas.<\/p>\n<\/div>\n<div class=\"mc-column content-text active-extra-styles \">\n<p class=\"content-text__container \">A vacina foi a primeira a obter <a href=\"https:\/\/g1.globo.com\/bemestar\/vacina\/noticia\/2021\/02\/23\/anvisa-concede-registro-definitivo-a-vacina-da-pfizer.ghtml\">registro sanit\u00e1rio<\/a> definitivo pela Ag\u00eancia Nacional de Vigil\u00e2ncia Sanit\u00e1ria (<a href=\"https:\/\/g1.globo.com\/tudo-sobre\/anvisa\/\">Anvisa<\/a>), em fevereiro deste ano.<\/p>\n<\/div>\n<div class=\"mc-column content-text active-extra-styles \">\n<p class=\"content-text__container \">O imunizante pode ser aplicado em pessoas a partir de 12 anos de idade, em duas doses, com intervalo de 21 dias entre elas. A vacina \u00e9 a \u00fanica que pode ser aplicadas em menores de 18 anos no Brasil.<\/p>\n<\/div>\n<div class=\"mc-column content-text active-extra-styles \">\n<p class=\"content-text__container \">Inicialmente a autoriza\u00e7\u00e3o da Anvisa permitia o uso a partir de 16 anos. Mas o <a href=\"https:\/\/g1.globo.com\/bemestar\/vacina\/noticia\/2021\/06\/11\/anvisa-autoriza-vacina-da-pfizer-contra-covid-19-para-adolescentes-a-partir-dos-12-anos.ghtml\">\u00f3rg\u00e3o autorizou a mudan\u00e7a na bula da vacina no pa\u00eds<\/a>. Entretanto, ainda n\u00e3o h\u00e1 perspectivas de vacina\u00e7\u00e3o dessa faixa et\u00e1ria no Brasil.<\/p>\n<\/div>\n<div class=\"mc-column content-text active-extra-styles \">\n<p class=\"content-text__container \">A amplia\u00e7\u00e3o da idade em adolescentes foi aprovada depois de a Pfizer apresentar <a href=\"https:\/\/g1.globo.com\/bemestar\/vacina\/noticia\/2021\/03\/31\/pfizer-e-biontech-anunciam-eficacia-de-100percent-da-vacina-contra-a-covid-19-em-adolescentes.ghtml\">estudos que indicaram a seguran\u00e7a e efic\u00e1cia da vacina para este grupo<\/a>. Os estudos foram desenvolvidos fora do Brasil e avaliados pela ag\u00eancia.<\/p>\n<p class=\"content-text__container \">Fonte: G1<\/p>\n<\/div>\n<\/div>\n<\/div>\n<\/div>\n<\/div>\n<\/div>\n<\/div>\n","protected":false},"excerpt":{"rendered":"<p>Novo lote, o 22\u00ba entregue pela farmac\u00eautica ao pa\u00eds, vai pousar no Aeroporto de Viracopos, em Campinas. Com a remessa, farmac\u00eautica vai completar 17 milh\u00f5es de imunizantes enviados. A farmac\u00eautica americana Pfizer entrega, nesta quarta-feira (14), mais 924,3 mil doses da vacina contra a Covid-19 ao Brasil. O lote, que \u00e9 o 22\u00ba enviado ao [&hellip;]<\/p>\n","protected":false},"author":1,"featured_media":0,"comment_status":"open","ping_status":"open","sticky":false,"template":"","format":"standard","meta":{"ocean_post_layout":"","ocean_both_sidebars_style":"","ocean_both_sidebars_content_width":0,"ocean_both_sidebars_sidebars_width":0,"ocean_sidebar":"","ocean_second_sidebar":"","ocean_disable_margins":"enable","ocean_add_body_class":"","ocean_shortcode_before_top_bar":"","ocean_shortcode_after_top_bar":"","ocean_shortcode_before_header":"","ocean_shortcode_after_header":"","ocean_has_shortcode":"","ocean_shortcode_after_title":"","ocean_shortcode_before_footer_widgets":"","ocean_shortcode_after_footer_widgets":"","ocean_shortcode_before_footer_bottom":"","ocean_shortcode_after_footer_bottom":"","ocean_display_top_bar":"default","ocean_display_header":"default","ocean_header_style":"","ocean_center_header_left_menu":"","ocean_custom_header_template":"","ocean_custom_logo":0,"ocean_custom_retina_logo":0,"ocean_custom_logo_max_width":0,"ocean_custom_logo_tablet_max_width":0,"ocean_custom_logo_mobile_max_width":0,"ocean_custom_logo_max_height":0,"ocean_custom_logo_tablet_max_height":0,"ocean_custom_logo_mobile_max_height":0,"ocean_header_custom_menu":"","ocean_menu_typo_font_family":"","ocean_menu_typo_font_subset":"","ocean_menu_typo_font_size":0,"ocean_menu_typo_font_size_tablet":0,"ocean_menu_typo_font_size_mobile":0,"ocean_menu_typo_font_size_unit":"px","ocean_menu_typo_font_weight":"","ocean_menu_typo_font_weight_tablet":"","ocean_menu_typo_font_weight_mobile":"","ocean_menu_typo_transform":"","ocean_menu_typo_transform_tablet":"","ocean_menu_typo_transform_mobile":"","ocean_menu_typo_line_height":0,"ocean_menu_typo_line_height_tablet":0,"ocean_menu_typo_line_height_mobile":0,"ocean_menu_typo_line_height_unit":"","ocean_menu_typo_spacing":0,"ocean_menu_typo_spacing_tablet":0,"ocean_menu_typo_spacing_mobile":0,"ocean_menu_typo_spacing_unit":"","ocean_menu_link_color":"","ocean_menu_link_color_hover":"","ocean_menu_link_color_active":"","ocean_menu_link_background":"","ocean_menu_link_hover_background":"","ocean_menu_link_active_background":"","ocean_menu_social_links_bg":"","ocean_menu_social_hover_links_bg":"","ocean_menu_social_links_color":"","ocean_menu_social_hover_links_color":"","ocean_disable_title":"default","ocean_disable_heading":"default","ocean_post_title":"","ocean_post_subheading":"","ocean_post_title_style":"","ocean_post_title_background_color":"","ocean_post_title_background":0,"ocean_post_title_bg_image_position":"","ocean_post_title_bg_image_attachment":"","ocean_post_title_bg_image_repeat":"","ocean_post_title_bg_image_size":"","ocean_post_title_height":0,"ocean_post_title_bg_overlay":0.5,"ocean_post_title_bg_overlay_color":"","ocean_disable_breadcrumbs":"default","ocean_breadcrumbs_color":"","ocean_breadcrumbs_separator_color":"","ocean_breadcrumbs_links_color":"","ocean_breadcrumbs_links_hover_color":"","ocean_display_footer_widgets":"default","ocean_display_footer_bottom":"default","ocean_custom_footer_template":"","ocean_post_oembed":"","ocean_post_self_hosted_media":"","ocean_post_video_embed":"","ocean_link_format":"","ocean_link_format_target":"self","ocean_quote_format":"","ocean_quote_format_link":"post","ocean_gallery_link_images":"on","ocean_gallery_id":[]},"categories":[9],"tags":[3847,1490,3881,82,318],"acf":[],"_links":{"self":[{"href":"https:\/\/www.simepe.com.br\/novo\/wp-json\/wp\/v2\/posts\/60636"}],"collection":[{"href":"https:\/\/www.simepe.com.br\/novo\/wp-json\/wp\/v2\/posts"}],"about":[{"href":"https:\/\/www.simepe.com.br\/novo\/wp-json\/wp\/v2\/types\/post"}],"author":[{"embeddable":true,"href":"https:\/\/www.simepe.com.br\/novo\/wp-json\/wp\/v2\/users\/1"}],"replies":[{"embeddable":true,"href":"https:\/\/www.simepe.com.br\/novo\/wp-json\/wp\/v2\/comments?post=60636"}],"version-history":[{"count":1,"href":"https:\/\/www.simepe.com.br\/novo\/wp-json\/wp\/v2\/posts\/60636\/revisions"}],"predecessor-version":[{"id":60637,"href":"https:\/\/www.simepe.com.br\/novo\/wp-json\/wp\/v2\/posts\/60636\/revisions\/60637"}],"wp:attachment":[{"href":"https:\/\/www.simepe.com.br\/novo\/wp-json\/wp\/v2\/media?parent=60636"}],"wp:term":[{"taxonomy":"category","embeddable":true,"href":"https:\/\/www.simepe.com.br\/novo\/wp-json\/wp\/v2\/categories?post=60636"},{"taxonomy":"post_tag","embeddable":true,"href":"https:\/\/www.simepe.com.br\/novo\/wp-json\/wp\/v2\/tags?post=60636"}],"curies":[{"name":"wp","href":"https:\/\/api.w.org\/{rel}","templated":true}]}}