{"id":60689,"date":"2021-07-20T09:31:56","date_gmt":"2021-07-20T12:31:56","guid":{"rendered":"https:\/\/www.simepe.com.br\/novo\/?p=60689"},"modified":"2021-07-20T09:31:56","modified_gmt":"2021-07-20T12:31:56","slug":"caruaru-amplia-vacinacao-contra-a-covid-19-para-pessoas-com-37-anos-ou-mais-veja-como-agendar","status":"publish","type":"post","link":"https:\/\/www.simepe.com.br\/novo\/caruaru-amplia-vacinacao-contra-a-covid-19-para-pessoas-com-37-anos-ou-mais-veja-como-agendar\/","title":{"rendered":"Caruaru amplia vacina\u00e7\u00e3o contra a Covid-19 para pessoas com 37 anos ou mais; veja como agendar"},"content":{"rendered":"<p><em>A amplia\u00e7\u00e3o \u00e9 poss\u00edvel gra\u00e7as a chegada de mais doses do imunizante.<\/em><\/p>\n<p>A cidade de <strong>Caruaru<\/strong>, no Agreste, comemorou seis meses da campanha de imuniza\u00e7\u00e3o contra a <strong>Covid-19<\/strong> na \u00faltima segunda-feira (19). Nesse mesmo dia, a prefeitura anunciou a amplia\u00e7\u00e3o da faixa et\u00e1ria que ser\u00e1 contemplada com as vacinas. J\u00e1 podem se vacinar aqueles que tem <strong>37 anos ou mais<\/strong>, independente de possuir comorbidades ou n\u00e3o.<\/p>\n<p>A amplia\u00e7\u00e3o \u00e9 poss\u00edvel gra\u00e7as a chegada de mais doses ao munic\u00edpio. Para conferir se o agendamento j\u00e1 est\u00e1 dispon\u00edvel, basta acessar o site www.vacina.caruaru.pe.gov.br, no mesmo local onde realizou o pr\u00e9-cadastro, e imprimir a guia de agendamento onde constam as informa\u00e7\u00f5es sobre o local, dia e hora da vacina\u00e7\u00e3o.<\/p>\n<p>As pessoas que ainda n\u00e3o fizeram o pr\u00e9-cadastro precisam realiz\u00e1-lo para poder receber a vacina contra a Covid-19.<br \/>\n<strong>O que levar no dia da vacina\u00e7\u00e3o?<\/strong><br \/>\nNo dia da vacina\u00e7\u00e3o, \u00e9 importante lembrar de levar todos os documentos necess\u00e1rios. S\u00e3o eles: documento oficial com foto, Cart\u00e3o Nacional do SUS (CNS), c\u00f3pia do CPF e comprovante de resid\u00eancia. \u00c9 necess\u00e1rio tamb\u00e9m ficar atento ao local e hor\u00e1rio de vacina\u00e7\u00e3o, que conta na guia de agendamento.<\/p>\n<p>Fonte: NE10 Interior<\/p>\n","protected":false},"excerpt":{"rendered":"<p>A amplia\u00e7\u00e3o \u00e9 poss\u00edvel gra\u00e7as a chegada de mais doses do imunizante. A cidade de Caruaru, no Agreste, comemorou seis meses da campanha de imuniza\u00e7\u00e3o contra a Covid-19 na \u00faltima segunda-feira (19). Nesse mesmo dia, a prefeitura anunciou a amplia\u00e7\u00e3o da faixa et\u00e1ria que ser\u00e1 contemplada com as vacinas. J\u00e1 podem se vacinar aqueles que [&hellip;]<\/p>\n","protected":false},"author":1,"featured_media":0,"comment_status":"open","ping_status":"open","sticky":false,"template":"","format":"standard","meta":{"ocean_post_layout":"","ocean_both_sidebars_style":"","ocean_both_sidebars_content_width":0,"ocean_both_sidebars_sidebars_width":0,"ocean_sidebar":"","ocean_second_sidebar":"","ocean_disable_margins":"enable","ocean_add_body_class":"","ocean_shortcode_before_top_bar":"","ocean_shortcode_after_top_bar":"","ocean_shortcode_before_header":"","ocean_shortcode_after_header":"","ocean_has_shortcode":"","ocean_shortcode_after_title":"","ocean_shortcode_before_footer_widgets":"","ocean_shortcode_after_footer_widgets":"","ocean_shortcode_before_footer_bottom":"","ocean_shortcode_after_footer_bottom":"","ocean_display_top_bar":"default","ocean_display_header":"default","ocean_header_style":"","ocean_center_header_left_menu":"","ocean_custom_header_template":"","ocean_custom_logo":0,"ocean_custom_retina_logo":0,"ocean_custom_logo_max_width":0,"ocean_custom_logo_tablet_max_width":0,"ocean_custom_logo_mobile_max_width":0,"ocean_custom_logo_max_height":0,"ocean_custom_logo_tablet_max_height":0,"ocean_custom_logo_mobile_max_height":0,"ocean_header_custom_menu":"","ocean_menu_typo_font_family":"","ocean_menu_typo_font_subset":"","ocean_menu_typo_font_size":0,"ocean_menu_typo_font_size_tablet":0,"ocean_menu_typo_font_size_mobile":0,"ocean_menu_typo_font_size_unit":"px","ocean_menu_typo_font_weight":"","ocean_menu_typo_font_weight_tablet":"","ocean_menu_typo_font_weight_mobile":"","ocean_menu_typo_transform":"","ocean_menu_typo_transform_tablet":"","ocean_menu_typo_transform_mobile":"","ocean_menu_typo_line_height":0,"ocean_menu_typo_line_height_tablet":0,"ocean_menu_typo_line_height_mobile":0,"ocean_menu_typo_line_height_unit":"","ocean_menu_typo_spacing":0,"ocean_menu_typo_spacing_tablet":0,"ocean_menu_typo_spacing_mobile":0,"ocean_menu_typo_spacing_unit":"","ocean_menu_link_color":"","ocean_menu_link_color_hover":"","ocean_menu_link_color_active":"","ocean_menu_link_background":"","ocean_menu_link_hover_background":"","ocean_menu_link_active_background":"","ocean_menu_social_links_bg":"","ocean_menu_social_hover_links_bg":"","ocean_menu_social_links_color":"","ocean_menu_social_hover_links_color":"","ocean_disable_title":"default","ocean_disable_heading":"default","ocean_post_title":"","ocean_post_subheading":"","ocean_post_title_style":"","ocean_post_title_background_color":"","ocean_post_title_background":0,"ocean_post_title_bg_image_position":"","ocean_post_title_bg_image_attachment":"","ocean_post_title_bg_image_repeat":"","ocean_post_title_bg_image_size":"","ocean_post_title_height":0,"ocean_post_title_bg_overlay":0.5,"ocean_post_title_bg_overlay_color":"","ocean_disable_breadcrumbs":"default","ocean_breadcrumbs_color":"","ocean_breadcrumbs_separator_color":"","ocean_breadcrumbs_links_color":"","ocean_breadcrumbs_links_hover_color":"","ocean_display_footer_widgets":"default","ocean_display_footer_bottom":"default","ocean_custom_footer_template":"","ocean_post_oembed":"","ocean_post_self_hosted_media":"","ocean_post_video_embed":"","ocean_link_format":"","ocean_link_format_target":"self","ocean_quote_format":"","ocean_quote_format_link":"post","ocean_gallery_link_images":"on","ocean_gallery_id":[]},"categories":[9],"tags":[3847,1490,82,318],"acf":[],"_links":{"self":[{"href":"https:\/\/www.simepe.com.br\/novo\/wp-json\/wp\/v2\/posts\/60689"}],"collection":[{"href":"https:\/\/www.simepe.com.br\/novo\/wp-json\/wp\/v2\/posts"}],"about":[{"href":"https:\/\/www.simepe.com.br\/novo\/wp-json\/wp\/v2\/types\/post"}],"author":[{"embeddable":true,"href":"https:\/\/www.simepe.com.br\/novo\/wp-json\/wp\/v2\/users\/1"}],"replies":[{"embeddable":true,"href":"https:\/\/www.simepe.com.br\/novo\/wp-json\/wp\/v2\/comments?post=60689"}],"version-history":[{"count":1,"href":"https:\/\/www.simepe.com.br\/novo\/wp-json\/wp\/v2\/posts\/60689\/revisions"}],"predecessor-version":[{"id":60690,"href":"https:\/\/www.simepe.com.br\/novo\/wp-json\/wp\/v2\/posts\/60689\/revisions\/60690"}],"wp:attachment":[{"href":"https:\/\/www.simepe.com.br\/novo\/wp-json\/wp\/v2\/media?parent=60689"}],"wp:term":[{"taxonomy":"category","embeddable":true,"href":"https:\/\/www.simepe.com.br\/novo\/wp-json\/wp\/v2\/categories?post=60689"},{"taxonomy":"post_tag","embeddable":true,"href":"https:\/\/www.simepe.com.br\/novo\/wp-json\/wp\/v2\/tags?post=60689"}],"curies":[{"name":"wp","href":"https:\/\/api.w.org\/{rel}","templated":true}]}}