{"id":60716,"date":"2021-07-21T20:11:15","date_gmt":"2021-07-21T23:11:15","guid":{"rendered":"https:\/\/www.simepe.com.br\/novo\/?p=60716"},"modified":"2021-07-23T13:57:51","modified_gmt":"2021-07-23T16:57:51","slug":"blitz-simepe-vistoria-o-hospital-geral-de-areias","status":"publish","type":"post","link":"https:\/\/www.simepe.com.br\/novo\/blitz-simepe-vistoria-o-hospital-geral-de-areias\/","title":{"rendered":"Blitz: Simepe vistoria o Hospital Geral de Areias"},"content":{"rendered":"<p style=\"text-align: justify;\">Na tarde desta ter\u00e7a-feira (20), o Sindicato dos M\u00e9dicos de Pernambuco (Simepe) foi investigar as den\u00fancias recebidas sobre o Hospital Geral de Areias (HGA), localizado no bairro da Est\u00e2ncia, no Recife. A presidente da entidade, Claudia Beatriz, e os diretores Malu David e Fernando J\u00fanior observaram diversos problemas graves da unidade que est\u00e3o prejudicando a devida assist\u00eancia aos pacientes, al\u00e9m de condi\u00e7\u00f5es prec\u00e1rias de trabalho para os profissionais.<\/p>\n<div id='gallery-1' class='gallery galleryid-60716 gallery-columns-2 gallery-size-thumbnail'><figure class='gallery-item'>\n\t\t\t<div class='gallery-icon landscape'>\n\t\t\t\t<a href='https:\/\/www.simepe.com.br\/novo\/blitz-simepe-vistoria-o-hospital-geral-de-areias\/whatsapp-image-2021-07-21-at-17-39-35-3\/'><img width=\"150\" height=\"150\" src=\"https:\/\/www.simepe.com.br\/novo\/wp-content\/uploads\/2021\/07\/WhatsApp-Image-2021-07-21-at-17.39.35-3-150x150.jpeg\" class=\"attachment-thumbnail size-thumbnail\" alt=\"\" srcset=\"https:\/\/www.simepe.com.br\/novo\/wp-content\/uploads\/2021\/07\/WhatsApp-Image-2021-07-21-at-17.39.35-3-150x150.jpeg 150w, https:\/\/www.simepe.com.br\/novo\/wp-content\/uploads\/2021\/07\/WhatsApp-Image-2021-07-21-at-17.39.35-3-80x80.jpeg 80w, https:\/\/www.simepe.com.br\/novo\/wp-content\/uploads\/2021\/07\/WhatsApp-Image-2021-07-21-at-17.39.35-3-360x360.jpeg 360w, https:\/\/www.simepe.com.br\/novo\/wp-content\/uploads\/2021\/07\/WhatsApp-Image-2021-07-21-at-17.39.35-3-750x750.jpeg 750w\" sizes=\"(max-width: 150px) 100vw, 150px\" \/><\/a>\n\t\t\t<\/div><\/figure><figure class='gallery-item'>\n\t\t\t<div class='gallery-icon landscape'>\n\t\t\t\t<a href='https:\/\/www.simepe.com.br\/novo\/blitz-simepe-vistoria-o-hospital-geral-de-areias\/whatsapp-image-2021-07-21-at-17-39-35-6\/'><img width=\"150\" height=\"150\" src=\"https:\/\/www.simepe.com.br\/novo\/wp-content\/uploads\/2021\/07\/WhatsApp-Image-2021-07-21-at-17.39.35-6-150x150.jpeg\" class=\"attachment-thumbnail size-thumbnail\" alt=\"\" srcset=\"https:\/\/www.simepe.com.br\/novo\/wp-content\/uploads\/2021\/07\/WhatsApp-Image-2021-07-21-at-17.39.35-6-150x150.jpeg 150w, https:\/\/www.simepe.com.br\/novo\/wp-content\/uploads\/2021\/07\/WhatsApp-Image-2021-07-21-at-17.39.35-6-80x80.jpeg 80w, https:\/\/www.simepe.com.br\/novo\/wp-content\/uploads\/2021\/07\/WhatsApp-Image-2021-07-21-at-17.39.35-6-360x360.jpeg 360w\" sizes=\"(max-width: 150px) 100vw, 150px\" \/><\/a>\n\t\t\t<\/div><\/figure>\n\t\t<\/div>\n\n<p style=\"text-align: justify;\">Os representantes do Sindicato conversaram com os m\u00e9dicos cl\u00ednicos e pediatras para debaterem sobre as dificuldades. Um dos principais problemas da unidade \u00e9 que a escala da cl\u00ednica m\u00e9dica \u00e9 insuficiente para a demanda do hospital. A mesma equipe de profissionais m\u00e9dicos atendem pacientes com sintomas de covid-19 e assintom\u00e1ticos no mesmo ambiente. Isso porque n\u00e3o h\u00e1 no hospital a separa\u00e7\u00e3o dos fluxos de atendimentos, pondo em risco a sa\u00fade de todos.<a href=\"https:\/\/www.simepe.com.br\/novo\/wp-content\/uploads\/2021\/07\/WhatsApp-Image-2021-07-21-at-17.39.35-1.jpeg\" rel=\"attachment wp-att-60726\"><br \/>\n<\/a><\/p>\n<div id='gallery-2' class='gallery galleryid-60716 gallery-columns-3 gallery-size-thumbnail'><figure class='gallery-item'>\n\t\t\t<div class='gallery-icon landscape'>\n\t\t\t\t<a href='https:\/\/www.simepe.com.br\/novo\/blitz-simepe-vistoria-o-hospital-geral-de-areias\/whatsapp-image-2021-07-21-at-17-39-35-1\/'><img width=\"150\" height=\"150\" src=\"https:\/\/www.simepe.com.br\/novo\/wp-content\/uploads\/2021\/07\/WhatsApp-Image-2021-07-21-at-17.39.35-1-150x150.jpeg\" class=\"attachment-thumbnail size-thumbnail\" alt=\"\" srcset=\"https:\/\/www.simepe.com.br\/novo\/wp-content\/uploads\/2021\/07\/WhatsApp-Image-2021-07-21-at-17.39.35-1-150x150.jpeg 150w, https:\/\/www.simepe.com.br\/novo\/wp-content\/uploads\/2021\/07\/WhatsApp-Image-2021-07-21-at-17.39.35-1-80x80.jpeg 80w, https:\/\/www.simepe.com.br\/novo\/wp-content\/uploads\/2021\/07\/WhatsApp-Image-2021-07-21-at-17.39.35-1-360x360.jpeg 360w, https:\/\/www.simepe.com.br\/novo\/wp-content\/uploads\/2021\/07\/WhatsApp-Image-2021-07-21-at-17.39.35-1-750x750.jpeg 750w\" sizes=\"(max-width: 150px) 100vw, 150px\" \/><\/a>\n\t\t\t<\/div><\/figure><figure class='gallery-item'>\n\t\t\t<div class='gallery-icon portrait'>\n\t\t\t\t<a href='https:\/\/www.simepe.com.br\/novo\/blitz-simepe-vistoria-o-hospital-geral-de-areias\/whatsapp-image-2021-07-21-at-17-39-35-2\/'><img width=\"150\" height=\"150\" src=\"https:\/\/www.simepe.com.br\/novo\/wp-content\/uploads\/2021\/07\/WhatsApp-Image-2021-07-21-at-17.39.35-2-150x150.jpeg\" class=\"attachment-thumbnail size-thumbnail\" alt=\"\" srcset=\"https:\/\/www.simepe.com.br\/novo\/wp-content\/uploads\/2021\/07\/WhatsApp-Image-2021-07-21-at-17.39.35-2-150x150.jpeg 150w, https:\/\/www.simepe.com.br\/novo\/wp-content\/uploads\/2021\/07\/WhatsApp-Image-2021-07-21-at-17.39.35-2-80x80.jpeg 80w, https:\/\/www.simepe.com.br\/novo\/wp-content\/uploads\/2021\/07\/WhatsApp-Image-2021-07-21-at-17.39.35-2-360x360.jpeg 360w, https:\/\/www.simepe.com.br\/novo\/wp-content\/uploads\/2021\/07\/WhatsApp-Image-2021-07-21-at-17.39.35-2-750x750.jpeg 750w\" sizes=\"(max-width: 150px) 100vw, 150px\" \/><\/a>\n\t\t\t<\/div><\/figure><figure class='gallery-item'>\n\t\t\t<div class='gallery-icon portrait'>\n\t\t\t\t<a href='https:\/\/www.simepe.com.br\/novo\/blitz-simepe-vistoria-o-hospital-geral-de-areias\/whatsapp-image-2021-07-21-at-17-39-45\/'><img width=\"150\" height=\"150\" src=\"https:\/\/www.simepe.com.br\/novo\/wp-content\/uploads\/2021\/07\/WhatsApp-Image-2021-07-21-at-17.39.45-150x150.jpeg\" class=\"attachment-thumbnail size-thumbnail\" alt=\"\" srcset=\"https:\/\/www.simepe.com.br\/novo\/wp-content\/uploads\/2021\/07\/WhatsApp-Image-2021-07-21-at-17.39.45-150x150.jpeg 150w, https:\/\/www.simepe.com.br\/novo\/wp-content\/uploads\/2021\/07\/WhatsApp-Image-2021-07-21-at-17.39.45-80x80.jpeg 80w, https:\/\/www.simepe.com.br\/novo\/wp-content\/uploads\/2021\/07\/WhatsApp-Image-2021-07-21-at-17.39.45-360x360.jpeg 360w, https:\/\/www.simepe.com.br\/novo\/wp-content\/uploads\/2021\/07\/WhatsApp-Image-2021-07-21-at-17.39.45-750x750.jpeg 750w\" sizes=\"(max-width: 150px) 100vw, 150px\" \/><\/a>\n\t\t\t<\/div><\/figure>\n\t\t<\/div>\n\n<p style=\"text-align: justify;\">Para se ter uma ideia, existe apenas uma sala vermelha onde misturam-se pacientes assintom\u00e1ticos e sintom\u00e1ticos respirat\u00f3rios que podem ficar entre um at\u00e9 tr\u00eas dias aguardando leitos. Os consult\u00f3rios 1 e 2 ficam lado a lado e tamb\u00e9m n\u00e3o s\u00e3o separados com portas de conten\u00e7\u00e3o, sendo fator de risco para contamina\u00e7\u00e3o de outros pacientes.<\/p>\n<p style=\"text-align: justify;\">Somando as irregularidades j\u00e1 apresentadas, o servi\u00e7o ainda conta com uma estrutura sucateada, prec\u00e1ria e com m\u00e1 conserva\u00e7\u00e3o. Apesar de j\u00e1 existir o projeto para reforma e requalifica\u00e7\u00e3o, o mesmo n\u00e3o tem prazo de conclus\u00e3o e segue a passos lentos, prejudicando a atua\u00e7\u00e3o dos profissionais.<\/p>\n<div id='gallery-3' class='gallery galleryid-60716 gallery-columns-3 gallery-size-thumbnail'><figure class='gallery-item'>\n\t\t\t<div class='gallery-icon landscape'>\n\t\t\t\t<a href='https:\/\/www.simepe.com.br\/novo\/blitz-simepe-vistoria-o-hospital-geral-de-areias\/whatsapp-image-2021-07-21-at-17-39-35-7\/'><img width=\"150\" height=\"150\" src=\"https:\/\/www.simepe.com.br\/novo\/wp-content\/uploads\/2021\/07\/WhatsApp-Image-2021-07-21-at-17.39.35-7-150x150.jpeg\" class=\"attachment-thumbnail size-thumbnail\" alt=\"\" srcset=\"https:\/\/www.simepe.com.br\/novo\/wp-content\/uploads\/2021\/07\/WhatsApp-Image-2021-07-21-at-17.39.35-7-150x150.jpeg 150w, https:\/\/www.simepe.com.br\/novo\/wp-content\/uploads\/2021\/07\/WhatsApp-Image-2021-07-21-at-17.39.35-7-80x80.jpeg 80w, https:\/\/www.simepe.com.br\/novo\/wp-content\/uploads\/2021\/07\/WhatsApp-Image-2021-07-21-at-17.39.35-7-360x360.jpeg 360w, https:\/\/www.simepe.com.br\/novo\/wp-content\/uploads\/2021\/07\/WhatsApp-Image-2021-07-21-at-17.39.35-7-750x750.jpeg 750w\" sizes=\"(max-width: 150px) 100vw, 150px\" \/><\/a>\n\t\t\t<\/div><\/figure><figure class='gallery-item'>\n\t\t\t<div class='gallery-icon landscape'>\n\t\t\t\t<a href='https:\/\/www.simepe.com.br\/novo\/blitz-simepe-vistoria-o-hospital-geral-de-areias\/whatsapp-image-2021-07-21-at-17-39-35-8\/'><img width=\"150\" height=\"150\" src=\"https:\/\/www.simepe.com.br\/novo\/wp-content\/uploads\/2021\/07\/WhatsApp-Image-2021-07-21-at-17.39.35-8-150x150.jpeg\" class=\"attachment-thumbnail size-thumbnail\" alt=\"\" srcset=\"https:\/\/www.simepe.com.br\/novo\/wp-content\/uploads\/2021\/07\/WhatsApp-Image-2021-07-21-at-17.39.35-8-150x150.jpeg 150w, https:\/\/www.simepe.com.br\/novo\/wp-content\/uploads\/2021\/07\/WhatsApp-Image-2021-07-21-at-17.39.35-8-80x80.jpeg 80w, https:\/\/www.simepe.com.br\/novo\/wp-content\/uploads\/2021\/07\/WhatsApp-Image-2021-07-21-at-17.39.35-8-360x360.jpeg 360w, https:\/\/www.simepe.com.br\/novo\/wp-content\/uploads\/2021\/07\/WhatsApp-Image-2021-07-21-at-17.39.35-8-750x750.jpeg 750w\" sizes=\"(max-width: 150px) 100vw, 150px\" \/><\/a>\n\t\t\t<\/div><\/figure><figure class='gallery-item'>\n\t\t\t<div class='gallery-icon landscape'>\n\t\t\t\t<a href='https:\/\/www.simepe.com.br\/novo\/blitz-simepe-vistoria-o-hospital-geral-de-areias\/whatsapp-image-2021-07-21-at-17-39-35-9\/'><img width=\"150\" height=\"150\" src=\"https:\/\/www.simepe.com.br\/novo\/wp-content\/uploads\/2021\/07\/WhatsApp-Image-2021-07-21-at-17.39.35-9-150x150.jpeg\" class=\"attachment-thumbnail size-thumbnail\" alt=\"\" srcset=\"https:\/\/www.simepe.com.br\/novo\/wp-content\/uploads\/2021\/07\/WhatsApp-Image-2021-07-21-at-17.39.35-9-150x150.jpeg 150w, https:\/\/www.simepe.com.br\/novo\/wp-content\/uploads\/2021\/07\/WhatsApp-Image-2021-07-21-at-17.39.35-9-80x80.jpeg 80w, https:\/\/www.simepe.com.br\/novo\/wp-content\/uploads\/2021\/07\/WhatsApp-Image-2021-07-21-at-17.39.35-9-360x360.jpeg 360w, https:\/\/www.simepe.com.br\/novo\/wp-content\/uploads\/2021\/07\/WhatsApp-Image-2021-07-21-at-17.39.35-9-750x750.jpeg 750w\" sizes=\"(max-width: 150px) 100vw, 150px\" \/><\/a>\n\t\t\t<\/div><\/figure>\n\t\t<\/div>\n\n<p style=\"text-align: justify;\">Por fim, os profissionais m\u00e9dicos ainda sofrem com o espa\u00e7o de repouso que fica localizado pr\u00f3ximo a emerg\u00eancia. Logo, a equipe m\u00e9dica de plant\u00e3o obrigatoriamente precisa passar pela emerg\u00eancia para cumprir seu hor\u00e1rio de descanso.<\/p>\n<p style=\"text-align: justify;\">Diante de todos os problemas apontados, o Simepe vai solicitar ao Conselho Regional de Medicina de Pernambuco (Cremepe) uma fiscaliza\u00e7\u00e3o com foco nos fluxos de atendimentos e demais irregularidades constatadas. As quest\u00f5es observadas pela entidade tamb\u00e9m ser\u00e3o discutidas com a Secretaria Estadual de Sa\u00fade (SES), onde ser\u00e1 cobrada a recomposi\u00e7\u00e3o das escalas de plant\u00e3o de forma que consiga dar conta da demanda do servi\u00e7o para atender pacientes com sintomas de Covid-19 e assintom\u00e1ticos.<\/p>\n<div id='gallery-4' class='gallery galleryid-60716 gallery-columns-2 gallery-size-thumbnail'><figure class='gallery-item'>\n\t\t\t<div class='gallery-icon landscape'>\n\t\t\t\t<a href='https:\/\/www.simepe.com.br\/novo\/blitz-simepe-vistoria-o-hospital-geral-de-areias\/whatsapp-image-2021-07-21-at-17-39-35\/'><img width=\"150\" height=\"150\" src=\"https:\/\/www.simepe.com.br\/novo\/wp-content\/uploads\/2021\/07\/WhatsApp-Image-2021-07-21-at-17.39.35-150x150.jpeg\" class=\"attachment-thumbnail size-thumbnail\" alt=\"\" srcset=\"https:\/\/www.simepe.com.br\/novo\/wp-content\/uploads\/2021\/07\/WhatsApp-Image-2021-07-21-at-17.39.35-150x150.jpeg 150w, https:\/\/www.simepe.com.br\/novo\/wp-content\/uploads\/2021\/07\/WhatsApp-Image-2021-07-21-at-17.39.35-80x80.jpeg 80w, https:\/\/www.simepe.com.br\/novo\/wp-content\/uploads\/2021\/07\/WhatsApp-Image-2021-07-21-at-17.39.35-360x360.jpeg 360w, https:\/\/www.simepe.com.br\/novo\/wp-content\/uploads\/2021\/07\/WhatsApp-Image-2021-07-21-at-17.39.35-750x750.jpeg 750w\" sizes=\"(max-width: 150px) 100vw, 150px\" \/><\/a>\n\t\t\t<\/div><\/figure><figure class='gallery-item'>\n\t\t\t<div class='gallery-icon landscape'>\n\t\t\t\t<a href='https:\/\/www.simepe.com.br\/novo\/blitz-simepe-vistoria-o-hospital-geral-de-areias\/whatsapp-image-2021-07-21-at-17-39-35-4\/'><img width=\"150\" height=\"150\" src=\"https:\/\/www.simepe.com.br\/novo\/wp-content\/uploads\/2021\/07\/WhatsApp-Image-2021-07-21-at-17.39.35-4-150x150.jpeg\" class=\"attachment-thumbnail size-thumbnail\" alt=\"\" srcset=\"https:\/\/www.simepe.com.br\/novo\/wp-content\/uploads\/2021\/07\/WhatsApp-Image-2021-07-21-at-17.39.35-4-150x150.jpeg 150w, https:\/\/www.simepe.com.br\/novo\/wp-content\/uploads\/2021\/07\/WhatsApp-Image-2021-07-21-at-17.39.35-4-80x80.jpeg 80w, https:\/\/www.simepe.com.br\/novo\/wp-content\/uploads\/2021\/07\/WhatsApp-Image-2021-07-21-at-17.39.35-4-360x360.jpeg 360w, https:\/\/www.simepe.com.br\/novo\/wp-content\/uploads\/2021\/07\/WhatsApp-Image-2021-07-21-at-17.39.35-4-750x750.jpeg 750w\" sizes=\"(max-width: 150px) 100vw, 150px\" \/><\/a>\n\t\t\t<\/div><\/figure>\n\t\t<\/div>\n\n","protected":false},"excerpt":{"rendered":"<p>Na tarde desta ter\u00e7a-feira (20), o Sindicato dos M\u00e9dicos de Pernambuco (Simepe) foi investigar as den\u00fancias recebidas sobre o Hospital Geral de Areias (HGA), localizado no bairro da Est\u00e2ncia, no Recife. A presidente da entidade, Claudia Beatriz, e os diretores Malu David e Fernando J\u00fanior observaram diversos problemas graves da unidade que est\u00e3o prejudicando a [&hellip;]<\/p>\n","protected":false},"author":1,"featured_media":60728,"comment_status":"open","ping_status":"open","sticky":false,"template":"","format":"standard","meta":{"ocean_post_layout":"","ocean_both_sidebars_style":"","ocean_both_sidebars_content_width":0,"ocean_both_sidebars_sidebars_width":0,"ocean_sidebar":"","ocean_second_sidebar":"","ocean_disable_margins":"enable","ocean_add_body_class":"","ocean_shortcode_before_top_bar":"","ocean_shortcode_after_top_bar":"","ocean_shortcode_before_header":"","ocean_shortcode_after_header":"","ocean_has_shortcode":"","ocean_shortcode_after_title":"","ocean_shortcode_before_footer_widgets":"","ocean_shortcode_after_footer_widgets":"","ocean_shortcode_before_footer_bottom":"","ocean_shortcode_after_footer_bottom":"","ocean_display_top_bar":"default","ocean_display_header":"default","ocean_header_style":"","ocean_center_header_left_menu":"","ocean_custom_header_template":"","ocean_custom_logo":0,"ocean_custom_retina_logo":0,"ocean_custom_logo_max_width":0,"ocean_custom_logo_tablet_max_width":0,"ocean_custom_logo_mobile_max_width":0,"ocean_custom_logo_max_height":0,"ocean_custom_logo_tablet_max_height":0,"ocean_custom_logo_mobile_max_height":0,"ocean_header_custom_menu":"","ocean_menu_typo_font_family":"","ocean_menu_typo_font_subset":"","ocean_menu_typo_font_size":0,"ocean_menu_typo_font_size_tablet":0,"ocean_menu_typo_font_size_mobile":0,"ocean_menu_typo_font_size_unit":"px","ocean_menu_typo_font_weight":"","ocean_menu_typo_font_weight_tablet":"","ocean_menu_typo_font_weight_mobile":"","ocean_menu_typo_transform":"","ocean_menu_typo_transform_tablet":"","ocean_menu_typo_transform_mobile":"","ocean_menu_typo_line_height":0,"ocean_menu_typo_line_height_tablet":0,"ocean_menu_typo_line_height_mobile":0,"ocean_menu_typo_line_height_unit":"","ocean_menu_typo_spacing":0,"ocean_menu_typo_spacing_tablet":0,"ocean_menu_typo_spacing_mobile":0,"ocean_menu_typo_spacing_unit":"","ocean_menu_link_color":"","ocean_menu_link_color_hover":"","ocean_menu_link_color_active":"","ocean_menu_link_background":"","ocean_menu_link_hover_background":"","ocean_menu_link_active_background":"","ocean_menu_social_links_bg":"","ocean_menu_social_hover_links_bg":"","ocean_menu_social_links_color":"","ocean_menu_social_hover_links_color":"","ocean_disable_title":"default","ocean_disable_heading":"default","ocean_post_title":"","ocean_post_subheading":"","ocean_post_title_style":"","ocean_post_title_background_color":"","ocean_post_title_background":0,"ocean_post_title_bg_image_position":"","ocean_post_title_bg_image_attachment":"","ocean_post_title_bg_image_repeat":"","ocean_post_title_bg_image_size":"","ocean_post_title_height":0,"ocean_post_title_bg_overlay":0.5,"ocean_post_title_bg_overlay_color":"","ocean_disable_breadcrumbs":"default","ocean_breadcrumbs_color":"","ocean_breadcrumbs_separator_color":"","ocean_breadcrumbs_links_color":"","ocean_breadcrumbs_links_hover_color":"","ocean_display_footer_widgets":"default","ocean_display_footer_bottom":"default","ocean_custom_footer_template":"","ocean_post_oembed":"","ocean_post_self_hosted_media":"","ocean_post_video_embed":"","ocean_link_format":"","ocean_link_format_target":"self","ocean_quote_format":"","ocean_quote_format_link":"post","ocean_gallery_link_images":"on","ocean_gallery_id":[]},"categories":[1],"tags":[],"acf":[],"_links":{"self":[{"href":"https:\/\/www.simepe.com.br\/novo\/wp-json\/wp\/v2\/posts\/60716"}],"collection":[{"href":"https:\/\/www.simepe.com.br\/novo\/wp-json\/wp\/v2\/posts"}],"about":[{"href":"https:\/\/www.simepe.com.br\/novo\/wp-json\/wp\/v2\/types\/post"}],"author":[{"embeddable":true,"href":"https:\/\/www.simepe.com.br\/novo\/wp-json\/wp\/v2\/users\/1"}],"replies":[{"embeddable":true,"href":"https:\/\/www.simepe.com.br\/novo\/wp-json\/wp\/v2\/comments?post=60716"}],"version-history":[{"count":2,"href":"https:\/\/www.simepe.com.br\/novo\/wp-json\/wp\/v2\/posts\/60716\/revisions"}],"predecessor-version":[{"id":60746,"href":"https:\/\/www.simepe.com.br\/novo\/wp-json\/wp\/v2\/posts\/60716\/revisions\/60746"}],"wp:featuredmedia":[{"embeddable":true,"href":"https:\/\/www.simepe.com.br\/novo\/wp-json\/wp\/v2\/media\/60728"}],"wp:attachment":[{"href":"https:\/\/www.simepe.com.br\/novo\/wp-json\/wp\/v2\/media?parent=60716"}],"wp:term":[{"taxonomy":"category","embeddable":true,"href":"https:\/\/www.simepe.com.br\/novo\/wp-json\/wp\/v2\/categories?post=60716"},{"taxonomy":"post_tag","embeddable":true,"href":"https:\/\/www.simepe.com.br\/novo\/wp-json\/wp\/v2\/tags?post=60716"}],"curies":[{"name":"wp","href":"https:\/\/api.w.org\/{rel}","templated":true}]}}