{"id":60743,"date":"2021-07-22T11:11:25","date_gmt":"2021-07-22T14:11:25","guid":{"rendered":"https:\/\/www.simepe.com.br\/novo\/?p=60743"},"modified":"2021-07-22T11:11:25","modified_gmt":"2021-07-22T14:11:25","slug":"pandemia-da-covid-19-tera-impacto-de-longo-prazo-na-saude-mental","status":"publish","type":"post","link":"https:\/\/www.simepe.com.br\/novo\/pandemia-da-covid-19-tera-impacto-de-longo-prazo-na-saude-mental\/","title":{"rendered":"Pandemia da Covid-19 ter\u00e1 impacto de longo prazo na sa\u00fade mental"},"content":{"rendered":"<p>A pandemia de coronav\u00edrus ter\u00e1 um impacto de &#8220;longo prazo&#8221; na sa\u00fade mental das popula\u00e7\u00f5es &#8211; advertiram a Organiza\u00e7\u00e3o Mundial da Sa\u00fade (OMS) e os ministros europeus da Sa\u00fade europeus nesta quinta-feira (22), por ocasi\u00e3o de uma reuni\u00e3o de dois dias em Atenas.<\/p>\n<p>&#8220;Da ansiedade com a transmiss\u00e3o do v\u00edrus, o impacto psicol\u00f3gico dos confinamentos e do autoisolamento, as consequ\u00eancias ligadas ao desemprego, as dificuldades financeiras, \u00e0 exclus\u00e3o social: (&#8230;) todo mundo se v\u00ea afetado de uma maneira, ou de outra&#8221;, afirmam os ministros e a OMS em um comunicado.<\/p>\n<p>A pandemia ter\u00e1 um &#8220;impacto de longo prazo e de grande alcance&#8221;, alertam.<\/p>\n<p>&#8220;Estamos falando de um componente-chave da nossa sa\u00fade, que requer a\u00e7\u00e3o agora&#8221; dos governos, convocou o primeiro-ministro grego, Kyriakos Mitsotakis, na abertura de um f\u00f3rum de dois dias, em Atenas, sobre o impacto da pandemia da Covid-19.<\/p>\n<p>&#8220;Precisamos falar abertamente sobre o estigma que acompanha a sa\u00fade mental&#8221;, acrescentou.<\/p>\n<p>Para o vice-presidente da Comiss\u00e3o Europeia, Margaritis Schinas, &#8220;a pandemia da Covid-19 exacerbou o enorme desafio da sa\u00fade mental (&#8230;) N\u00e3o h\u00e1 desculpa para adiar (esse debate)&#8221;.<\/p>\n<p>A OMS considera que &#8220;n\u00e3o \u00e9 apenas o cont\u00e1gio, ou o medo de cont\u00e1gio, que tem afetado a sa\u00fade mental da popula\u00e7\u00e3o&#8221;.<\/p>\n<p>&#8220;O estresse causado pelas desigualdades socioecon\u00f4micas e os efeitos da quarentena, do confinamento, do fechamento de escolas e dos locais de trabalho tiveram consequ\u00eancias enormes&#8221;, destacam os ministros e a OMS, em seu comunicado conjunto.<\/p>\n<p>&#8220;A pandemia abalou o mundo. Mais de 4 milh\u00f5es de vidas foram perdidas em todo planeta, rendas foram destru\u00eddas, fam\u00edlias e comunidades se separaram, empresas quebraram&#8221;, lembra o diretor da OMS na Europa, doutor Hans Kluge.<\/p>\n<p>&#8220;A sa\u00fade mental e o bem-estar devem ser percebidos como direitos humanos fundamentais&#8221;, continua, pedindo aos Estados que reconsiderem o acesso \u00e0 aten\u00e7\u00e3o em sa\u00fade.<\/p>\n<p>Entre as recomenda\u00e7\u00f5es da OMS para os pa\u00edses europeus, est\u00e3o o fortalecimento dos servi\u00e7os de sa\u00fade mental em geral, a melhora do acesso \u00e0 aten\u00e7\u00e3o por meio da tecnologia digital, o aumento dos servi\u00e7os de apoio psicol\u00f3gico nas escolas, universidades, no local de trabalho e para as pessoas que trabalham na linha de frente na luta contra a Covid-19.<\/p>\n<p>Fonte: Diario de Pernambuco<\/p>\n","protected":false},"excerpt":{"rendered":"<p>A pandemia de coronav\u00edrus ter\u00e1 um impacto de &#8220;longo prazo&#8221; na sa\u00fade mental das popula\u00e7\u00f5es &#8211; advertiram a Organiza\u00e7\u00e3o Mundial da Sa\u00fade (OMS) e os ministros europeus da Sa\u00fade europeus nesta quinta-feira (22), por ocasi\u00e3o de uma reuni\u00e3o de dois dias em Atenas. &#8220;Da ansiedade com a transmiss\u00e3o do v\u00edrus, o impacto psicol\u00f3gico dos confinamentos [&hellip;]<\/p>\n","protected":false},"author":1,"featured_media":0,"comment_status":"open","ping_status":"open","sticky":false,"template":"","format":"standard","meta":{"ocean_post_layout":"","ocean_both_sidebars_style":"","ocean_both_sidebars_content_width":0,"ocean_both_sidebars_sidebars_width":0,"ocean_sidebar":"","ocean_second_sidebar":"","ocean_disable_margins":"enable","ocean_add_body_class":"","ocean_shortcode_before_top_bar":"","ocean_shortcode_after_top_bar":"","ocean_shortcode_before_header":"","ocean_shortcode_after_header":"","ocean_has_shortcode":"","ocean_shortcode_after_title":"","ocean_shortcode_before_footer_widgets":"","ocean_shortcode_after_footer_widgets":"","ocean_shortcode_before_footer_bottom":"","ocean_shortcode_after_footer_bottom":"","ocean_display_top_bar":"default","ocean_display_header":"default","ocean_header_style":"","ocean_center_header_left_menu":"","ocean_custom_header_template":"","ocean_custom_logo":0,"ocean_custom_retina_logo":0,"ocean_custom_logo_max_width":0,"ocean_custom_logo_tablet_max_width":0,"ocean_custom_logo_mobile_max_width":0,"ocean_custom_logo_max_height":0,"ocean_custom_logo_tablet_max_height":0,"ocean_custom_logo_mobile_max_height":0,"ocean_header_custom_menu":"","ocean_menu_typo_font_family":"","ocean_menu_typo_font_subset":"","ocean_menu_typo_font_size":0,"ocean_menu_typo_font_size_tablet":0,"ocean_menu_typo_font_size_mobile":0,"ocean_menu_typo_font_size_unit":"px","ocean_menu_typo_font_weight":"","ocean_menu_typo_font_weight_tablet":"","ocean_menu_typo_font_weight_mobile":"","ocean_menu_typo_transform":"","ocean_menu_typo_transform_tablet":"","ocean_menu_typo_transform_mobile":"","ocean_menu_typo_line_height":0,"ocean_menu_typo_line_height_tablet":0,"ocean_menu_typo_line_height_mobile":0,"ocean_menu_typo_line_height_unit":"","ocean_menu_typo_spacing":0,"ocean_menu_typo_spacing_tablet":0,"ocean_menu_typo_spacing_mobile":0,"ocean_menu_typo_spacing_unit":"","ocean_menu_link_color":"","ocean_menu_link_color_hover":"","ocean_menu_link_color_active":"","ocean_menu_link_background":"","ocean_menu_link_hover_background":"","ocean_menu_link_active_background":"","ocean_menu_social_links_bg":"","ocean_menu_social_hover_links_bg":"","ocean_menu_social_links_color":"","ocean_menu_social_hover_links_color":"","ocean_disable_title":"default","ocean_disable_heading":"default","ocean_post_title":"","ocean_post_subheading":"","ocean_post_title_style":"","ocean_post_title_background_color":"","ocean_post_title_background":0,"ocean_post_title_bg_image_position":"","ocean_post_title_bg_image_attachment":"","ocean_post_title_bg_image_repeat":"","ocean_post_title_bg_image_size":"","ocean_post_title_height":0,"ocean_post_title_bg_overlay":0.5,"ocean_post_title_bg_overlay_color":"","ocean_disable_breadcrumbs":"default","ocean_breadcrumbs_color":"","ocean_breadcrumbs_separator_color":"","ocean_breadcrumbs_links_color":"","ocean_breadcrumbs_links_hover_color":"","ocean_display_footer_widgets":"default","ocean_display_footer_bottom":"default","ocean_custom_footer_template":"","ocean_post_oembed":"","ocean_post_self_hosted_media":"","ocean_post_video_embed":"","ocean_link_format":"","ocean_link_format_target":"self","ocean_quote_format":"","ocean_quote_format_link":"post","ocean_gallery_link_images":"on","ocean_gallery_id":[]},"categories":[9],"tags":[3847,1490,82],"acf":[],"_links":{"self":[{"href":"https:\/\/www.simepe.com.br\/novo\/wp-json\/wp\/v2\/posts\/60743"}],"collection":[{"href":"https:\/\/www.simepe.com.br\/novo\/wp-json\/wp\/v2\/posts"}],"about":[{"href":"https:\/\/www.simepe.com.br\/novo\/wp-json\/wp\/v2\/types\/post"}],"author":[{"embeddable":true,"href":"https:\/\/www.simepe.com.br\/novo\/wp-json\/wp\/v2\/users\/1"}],"replies":[{"embeddable":true,"href":"https:\/\/www.simepe.com.br\/novo\/wp-json\/wp\/v2\/comments?post=60743"}],"version-history":[{"count":1,"href":"https:\/\/www.simepe.com.br\/novo\/wp-json\/wp\/v2\/posts\/60743\/revisions"}],"predecessor-version":[{"id":60744,"href":"https:\/\/www.simepe.com.br\/novo\/wp-json\/wp\/v2\/posts\/60743\/revisions\/60744"}],"wp:attachment":[{"href":"https:\/\/www.simepe.com.br\/novo\/wp-json\/wp\/v2\/media?parent=60743"}],"wp:term":[{"taxonomy":"category","embeddable":true,"href":"https:\/\/www.simepe.com.br\/novo\/wp-json\/wp\/v2\/categories?post=60743"},{"taxonomy":"post_tag","embeddable":true,"href":"https:\/\/www.simepe.com.br\/novo\/wp-json\/wp\/v2\/tags?post=60743"}],"curies":[{"name":"wp","href":"https:\/\/api.w.org\/{rel}","templated":true}]}}