{"id":60756,"date":"2021-07-23T13:01:33","date_gmt":"2021-07-23T16:01:33","guid":{"rendered":"https:\/\/www.simepe.com.br\/novo\/?p=60756"},"modified":"2021-07-23T13:01:33","modified_gmt":"2021-07-23T16:01:33","slug":"pernambuco-diz-nao-haver-registro-de-infeccoes-locais-com-a-variante-delta","status":"publish","type":"post","link":"https:\/\/www.simepe.com.br\/novo\/pernambuco-diz-nao-haver-registro-de-infeccoes-locais-com-a-variante-delta\/","title":{"rendered":"Pernambuco diz n\u00e3o haver registro de infec\u00e7\u00f5es locais com a variante Delta"},"content":{"rendered":"<p><em>Casos identificados no Estado s\u00e3o considerados importados.<\/em><\/p>\n<p>Nesta semana, o Brasil notificou uma s\u00e9rie de novos casos de infec\u00e7\u00e3o pela variante Delta do novo coronav\u00edrus, que \u00e9 at\u00e9 60% mais transmiss\u00edvel do que a cepa original do Sars-CoV-2 e tem despertado preocupa\u00e7\u00e3o em todo o mundo.<\/p>\n<p>Pernambuco possui\u00a0<a href=\"https:\/\/www.folhape.com.br\/noticias\/variante-delta-do-coronavirus-e-identificada-em-tripulantes-de-navio\/190322\/\">dois registros confirmados dessa variante no Estado<\/a>, mas ambos s\u00e3o considerados casos importados, j\u00e1 que os pacientes s\u00e3o tripulantes de um navio de bandeira cipriana que est\u00e1 atracado no Recife.<\/p>\n<p>Um paciente j\u00e1 teve alta hospitalar, enquanto o outro segue internado em uma enfermaria de unidade de sa\u00fade privada, com quadro est\u00e1vel.<\/p>\n<p>Um terceiro tripulante, tamb\u00e9m com Covid-19, foi encaminhado para UTI, mas <a href=\"https:\/\/www.folhape.com.br\/noticias\/tripulante-de-navio-com-confirmacoes-para-a-variante-delta-filipino\/190658\/\">faleceu<\/a>. O corpo dele foi acondicionado em condi\u00e7\u00f5es especiais e cremado nesta quinta-feira (22).<\/p>\n<p>Embora a amostra dele n\u00e3o tenha tido \u00eaxito no sequenciamento gen\u00e9tico, \u00e9 considerada pela Secretaria Estadual de Sa\u00fade (SES-PE) como tamb\u00e9m sendo da Delta, pelo contato tido com os outros dois infectados.<\/p>\n<p>Uma profissional de sa\u00fade que teve contato com os pacientes testou positivo para a Covid-19, mas foi assintom\u00e1tica. Existe uma expectativa pelo resultado do\u00a0sequenciamento gen\u00e9tico da amostra dela, que pode sair nesta sexta-feira (23).<\/p>\n<p>De acordo com o titular da SES-PE, Andr\u00e9 Longo, n\u00e3o \u00e9 certo que esse processo traga respostas, uma vez que o sucesso do sequenciamento depende da quantidade de carga viral contida na amostra coletada.<\/p>\n<p>Longo disse ainda que 40 pessoas que tiveram contato com a profissional\u00a0ou com os tripulantes do navio Shoveler est\u00e3o sendo monitoradas.\u00a0At\u00e9 o momento, 38 testaram negativo para a Covid-19 e duas pessoas ainda aguardam o resultado do exame.<\/p>\n<p>Esse protocolo de testagem \u00e9 o modelo que a SES-PE espera adotar no Estado no intuito de evitar a propaga\u00e7\u00e3o de variantes do\u00a0v\u00edrus que possam despertar\u00a0novas ondas de infec\u00e7\u00e3o, assim como aconteceu com a Gama (P.1).<\/p>\n<p>&#8220;N\u00e3o vamos mais aguardar a distribui\u00e7\u00e3o (de testes) do Governo Federal, que n\u00e3o tem atingido a meta de entregas a contento. O Governo de Pernambuco vai fazer a aquisi\u00e7\u00e3o de mais de 1.4 mih\u00e3o de testes (r\u00e1pidos de ant\u00edgeno) para distribuir entre os munic\u00edpios para diagn\u00f3stico r\u00e1pido e ferramenta de monitoramento\u201d, disse o titular da SES-PE, Andr\u00e9 Longo.<\/p>\n<p>&#8220;N\u00e3o h\u00e1 nenhum caso da variante Delta entre pernambucanos. Mas, mesmo que n\u00e3o haja a Delta ainda, precisamos trabalhar uma amplia\u00e7\u00e3o do processo de testagem. Queremos que todos os sintom\u00e1ticos e contatos de sintom\u00e1ticos sejam testados\u201d, completou.<\/p>\n<p>Fonte: Folha de Pernambuco<\/p>\n","protected":false},"excerpt":{"rendered":"<p>Casos identificados no Estado s\u00e3o considerados importados. Nesta semana, o Brasil notificou uma s\u00e9rie de novos casos de infec\u00e7\u00e3o pela variante Delta do novo coronav\u00edrus, que \u00e9 at\u00e9 60% mais transmiss\u00edvel do que a cepa original do Sars-CoV-2 e tem despertado preocupa\u00e7\u00e3o em todo o mundo. Pernambuco possui\u00a0dois registros confirmados dessa variante no Estado, mas [&hellip;]<\/p>\n","protected":false},"author":1,"featured_media":0,"comment_status":"open","ping_status":"open","sticky":false,"template":"","format":"standard","meta":{"ocean_post_layout":"","ocean_both_sidebars_style":"","ocean_both_sidebars_content_width":0,"ocean_both_sidebars_sidebars_width":0,"ocean_sidebar":"","ocean_second_sidebar":"","ocean_disable_margins":"enable","ocean_add_body_class":"","ocean_shortcode_before_top_bar":"","ocean_shortcode_after_top_bar":"","ocean_shortcode_before_header":"","ocean_shortcode_after_header":"","ocean_has_shortcode":"","ocean_shortcode_after_title":"","ocean_shortcode_before_footer_widgets":"","ocean_shortcode_after_footer_widgets":"","ocean_shortcode_before_footer_bottom":"","ocean_shortcode_after_footer_bottom":"","ocean_display_top_bar":"default","ocean_display_header":"default","ocean_header_style":"","ocean_center_header_left_menu":"","ocean_custom_header_template":"","ocean_custom_logo":0,"ocean_custom_retina_logo":0,"ocean_custom_logo_max_width":0,"ocean_custom_logo_tablet_max_width":0,"ocean_custom_logo_mobile_max_width":0,"ocean_custom_logo_max_height":0,"ocean_custom_logo_tablet_max_height":0,"ocean_custom_logo_mobile_max_height":0,"ocean_header_custom_menu":"","ocean_menu_typo_font_family":"","ocean_menu_typo_font_subset":"","ocean_menu_typo_font_size":0,"ocean_menu_typo_font_size_tablet":0,"ocean_menu_typo_font_size_mobile":0,"ocean_menu_typo_font_size_unit":"px","ocean_menu_typo_font_weight":"","ocean_menu_typo_font_weight_tablet":"","ocean_menu_typo_font_weight_mobile":"","ocean_menu_typo_transform":"","ocean_menu_typo_transform_tablet":"","ocean_menu_typo_transform_mobile":"","ocean_menu_typo_line_height":0,"ocean_menu_typo_line_height_tablet":0,"ocean_menu_typo_line_height_mobile":0,"ocean_menu_typo_line_height_unit":"","ocean_menu_typo_spacing":0,"ocean_menu_typo_spacing_tablet":0,"ocean_menu_typo_spacing_mobile":0,"ocean_menu_typo_spacing_unit":"","ocean_menu_link_color":"","ocean_menu_link_color_hover":"","ocean_menu_link_color_active":"","ocean_menu_link_background":"","ocean_menu_link_hover_background":"","ocean_menu_link_active_background":"","ocean_menu_social_links_bg":"","ocean_menu_social_hover_links_bg":"","ocean_menu_social_links_color":"","ocean_menu_social_hover_links_color":"","ocean_disable_title":"default","ocean_disable_heading":"default","ocean_post_title":"","ocean_post_subheading":"","ocean_post_title_style":"","ocean_post_title_background_color":"","ocean_post_title_background":0,"ocean_post_title_bg_image_position":"","ocean_post_title_bg_image_attachment":"","ocean_post_title_bg_image_repeat":"","ocean_post_title_bg_image_size":"","ocean_post_title_height":0,"ocean_post_title_bg_overlay":0.5,"ocean_post_title_bg_overlay_color":"","ocean_disable_breadcrumbs":"default","ocean_breadcrumbs_color":"","ocean_breadcrumbs_separator_color":"","ocean_breadcrumbs_links_color":"","ocean_breadcrumbs_links_hover_color":"","ocean_display_footer_widgets":"default","ocean_display_footer_bottom":"default","ocean_custom_footer_template":"","ocean_post_oembed":"","ocean_post_self_hosted_media":"","ocean_post_video_embed":"","ocean_link_format":"","ocean_link_format_target":"self","ocean_quote_format":"","ocean_quote_format_link":"post","ocean_gallery_link_images":"on","ocean_gallery_id":[]},"categories":[9],"tags":[3847,1490,82],"acf":[],"_links":{"self":[{"href":"https:\/\/www.simepe.com.br\/novo\/wp-json\/wp\/v2\/posts\/60756"}],"collection":[{"href":"https:\/\/www.simepe.com.br\/novo\/wp-json\/wp\/v2\/posts"}],"about":[{"href":"https:\/\/www.simepe.com.br\/novo\/wp-json\/wp\/v2\/types\/post"}],"author":[{"embeddable":true,"href":"https:\/\/www.simepe.com.br\/novo\/wp-json\/wp\/v2\/users\/1"}],"replies":[{"embeddable":true,"href":"https:\/\/www.simepe.com.br\/novo\/wp-json\/wp\/v2\/comments?post=60756"}],"version-history":[{"count":1,"href":"https:\/\/www.simepe.com.br\/novo\/wp-json\/wp\/v2\/posts\/60756\/revisions"}],"predecessor-version":[{"id":60757,"href":"https:\/\/www.simepe.com.br\/novo\/wp-json\/wp\/v2\/posts\/60756\/revisions\/60757"}],"wp:attachment":[{"href":"https:\/\/www.simepe.com.br\/novo\/wp-json\/wp\/v2\/media?parent=60756"}],"wp:term":[{"taxonomy":"category","embeddable":true,"href":"https:\/\/www.simepe.com.br\/novo\/wp-json\/wp\/v2\/categories?post=60756"},{"taxonomy":"post_tag","embeddable":true,"href":"https:\/\/www.simepe.com.br\/novo\/wp-json\/wp\/v2\/tags?post=60756"}],"curies":[{"name":"wp","href":"https:\/\/api.w.org\/{rel}","templated":true}]}}