{"id":60758,"date":"2021-07-23T13:29:00","date_gmt":"2021-07-23T16:29:00","guid":{"rendered":"https:\/\/www.simepe.com.br\/novo\/?p=60758"},"modified":"2021-07-23T13:29:00","modified_gmt":"2021-07-23T16:29:00","slug":"falta-de-vacinas-atrasa-imunizacao-de-77-da-populacao-adulta-no-pais-mostra-pesquisa","status":"publish","type":"post","link":"https:\/\/www.simepe.com.br\/novo\/falta-de-vacinas-atrasa-imunizacao-de-77-da-populacao-adulta-no-pais-mostra-pesquisa\/","title":{"rendered":"Falta de vacinas atrasa imuniza\u00e7\u00e3o de 77% da popula\u00e7\u00e3o adulta no pa\u00eds, mostra pesquisa"},"content":{"rendered":"<p>Apesar de a vacina\u00e7\u00e3o contra a Covid-19 ter ganhado tra\u00e7\u00e3o, o que vem se manifestando nas redu\u00e7\u00f5es das m\u00e9dias m\u00f3veis de mortes e casos registrados da doen\u00e7a, o atraso na compra dos f\u00e1rmacos faz com que aproximadamente 77% das pessoas eleg\u00edveis para tomar as doses \u2014 acima de 18 anos de idade \u2014 n\u00e3o estejam completamente imunizadas. Representa que o Brasil ainda precisa aplicar cerca de 190 milh\u00f5es de inje\u00e7\u00f5es para atingir a imuniza\u00e7\u00e3o completa de toda a popula\u00e7\u00e3o adulta, de acordo com um estudo da Universidade de S\u00e3o Paulo (USP), em parceria com a Universidade Federal do Rio de Janeiro (UFRJ) e Universidade Estadual do Rio de Janeiro (Uerj).<\/p>\n<p>Segundo os pesquisadores, ainda que a velocidade de crescimento da cobertura vacinal tanto com o esquema completo quanto com a primeira dose tenha aumentado consideravelmente nas \u00faltimas semanas, o ritmo ainda \u00e9 insuficiente para que o pa\u00eds \u201cchegue \u00e0 cobertura vacinal desej\u00e1vel, de pelo menos 90% da popula\u00e7\u00e3o imunizada com a segunda dose, at\u00e9 31 de dezembro de 2021\u201d.<\/p>\n<p>Por isso, o levantamento elaborado pelos professores Guilherme Loureiro Werneck, Ligia Bahia e J\u00e9ssica Pronestino de Lima Moreira, da UFRJ e da Uerj, e M\u00e1rio Scheffer, da USP, conclui que \u201ccaso a oferta de vacinas e a velocidade de vacina\u00e7\u00e3o n\u00e3o aumentem substancialmente, a imuniza\u00e7\u00e3o completa de pelo menos 90% na popula\u00e7\u00e3o eleg\u00edvel (acima de 18 anos) s\u00f3 poderia ser alcan\u00e7ada no primeiro trimestre de 2022\u201d.<\/p>\n<p>Otimismo<br \/>\nA conclus\u00e3o \u00e9 contr\u00e1ria ao que afirma o ministro da Sa\u00fade, Marcelo Queiroga, que fala em imunizar toda a popula\u00e7\u00e3o brasileira com mais de 18 anos at\u00e9 o final deste ano. \u201cTemos doses suficientes para o segundo semestre e \u00e9 poss\u00edvel garantir que at\u00e9 o final do ano de 2021 tenhamos a nossa popula\u00e7\u00e3o inteiramente vacinada\u201d, disse \u00e0 reportagem em abril.<\/p>\n<p>Na \u00e9poca, o ministro ainda nem contava com alguns dos problemas relatados no levantamento pelos pesquisadores. Um deles \u00e9 a quantidade de idosos n\u00e3o imunizados. Mesmo que a vacina\u00e7\u00e3o de pessoas com mais de 60 anos tenha sido dada como \u201cconclu\u00edda\u201d, e os estados e munic\u00edpios tenham avan\u00e7ado nas faixas et\u00e1rias, os dados da pesquisa \u2014 obtidos no site do OpenDataSUS, em 18\/07\/2021 \u2014 apontam que na popula\u00e7\u00e3o acima de 60 anos, 5% ainda n\u00e3o receberam qualquer dose. Pior: 31% ainda n\u00e3o est\u00e3o completamente protegidos, com duas aplica\u00e7\u00f5es ou a \u00fanica da Janssen.<\/p>\n<p>Ao observar esse grupo com mais de 60 anos, entre os que tomaram a primeira dose, cerca de 7% (ou 2,1 milh\u00f5es de cidad\u00e3os) n\u00e3o retornaram para receber a segunda ou ainda n\u00e3o tiveram sua aplica\u00e7\u00e3o adicional registrada no sistema. O problema vem sendo observado pelo Minist\u00e9rio da Sa\u00fade, que contabiliza cerca de 4 milh\u00f5es de pessoas atrasadas para tomar a inje\u00e7\u00e3o que fecha o ciclo de imuniza\u00e7\u00e3o.<\/p>\n<p>Para tornar o quadro de vacina\u00e7\u00e3o ainda mais irregular por conta das lacunas nas v\u00e1rias faixas et\u00e1rias, alguns governos estaduais anunciam novas metas \u2014 como a imuniza\u00e7\u00e3o de crian\u00e7as e adolescentes, de 12 a 17 anos, ainda este ano, e a aplica\u00e7\u00e3o de terceira dose (refor\u00e7o da vacina\u00e7\u00e3o) para toda ou parte da popula\u00e7\u00e3o adulta vacinada. \u201cEm todos esses cen\u00e1rios, a oferta de doses ter\u00e1 que ser muito maior do que a prevista para vacinar a popula\u00e7\u00e3o adulta em 2021\u201d, alertam os pesquisadores.<\/p>\n<p>Fonte: Diario de Pernambuco<\/p>\n","protected":false},"excerpt":{"rendered":"<p>Apesar de a vacina\u00e7\u00e3o contra a Covid-19 ter ganhado tra\u00e7\u00e3o, o que vem se manifestando nas redu\u00e7\u00f5es das m\u00e9dias m\u00f3veis de mortes e casos registrados da doen\u00e7a, o atraso na compra dos f\u00e1rmacos faz com que aproximadamente 77% das pessoas eleg\u00edveis para tomar as doses \u2014 acima de 18 anos de idade \u2014 n\u00e3o estejam [&hellip;]<\/p>\n","protected":false},"author":1,"featured_media":0,"comment_status":"open","ping_status":"open","sticky":false,"template":"","format":"standard","meta":{"ocean_post_layout":"","ocean_both_sidebars_style":"","ocean_both_sidebars_content_width":0,"ocean_both_sidebars_sidebars_width":0,"ocean_sidebar":"","ocean_second_sidebar":"","ocean_disable_margins":"enable","ocean_add_body_class":"","ocean_shortcode_before_top_bar":"","ocean_shortcode_after_top_bar":"","ocean_shortcode_before_header":"","ocean_shortcode_after_header":"","ocean_has_shortcode":"","ocean_shortcode_after_title":"","ocean_shortcode_before_footer_widgets":"","ocean_shortcode_after_footer_widgets":"","ocean_shortcode_before_footer_bottom":"","ocean_shortcode_after_footer_bottom":"","ocean_display_top_bar":"default","ocean_display_header":"default","ocean_header_style":"","ocean_center_header_left_menu":"","ocean_custom_header_template":"","ocean_custom_logo":0,"ocean_custom_retina_logo":0,"ocean_custom_logo_max_width":0,"ocean_custom_logo_tablet_max_width":0,"ocean_custom_logo_mobile_max_width":0,"ocean_custom_logo_max_height":0,"ocean_custom_logo_tablet_max_height":0,"ocean_custom_logo_mobile_max_height":0,"ocean_header_custom_menu":"","ocean_menu_typo_font_family":"","ocean_menu_typo_font_subset":"","ocean_menu_typo_font_size":0,"ocean_menu_typo_font_size_tablet":0,"ocean_menu_typo_font_size_mobile":0,"ocean_menu_typo_font_size_unit":"px","ocean_menu_typo_font_weight":"","ocean_menu_typo_font_weight_tablet":"","ocean_menu_typo_font_weight_mobile":"","ocean_menu_typo_transform":"","ocean_menu_typo_transform_tablet":"","ocean_menu_typo_transform_mobile":"","ocean_menu_typo_line_height":0,"ocean_menu_typo_line_height_tablet":0,"ocean_menu_typo_line_height_mobile":0,"ocean_menu_typo_line_height_unit":"","ocean_menu_typo_spacing":0,"ocean_menu_typo_spacing_tablet":0,"ocean_menu_typo_spacing_mobile":0,"ocean_menu_typo_spacing_unit":"","ocean_menu_link_color":"","ocean_menu_link_color_hover":"","ocean_menu_link_color_active":"","ocean_menu_link_background":"","ocean_menu_link_hover_background":"","ocean_menu_link_active_background":"","ocean_menu_social_links_bg":"","ocean_menu_social_hover_links_bg":"","ocean_menu_social_links_color":"","ocean_menu_social_hover_links_color":"","ocean_disable_title":"default","ocean_disable_heading":"default","ocean_post_title":"","ocean_post_subheading":"","ocean_post_title_style":"","ocean_post_title_background_color":"","ocean_post_title_background":0,"ocean_post_title_bg_image_position":"","ocean_post_title_bg_image_attachment":"","ocean_post_title_bg_image_repeat":"","ocean_post_title_bg_image_size":"","ocean_post_title_height":0,"ocean_post_title_bg_overlay":0.5,"ocean_post_title_bg_overlay_color":"","ocean_disable_breadcrumbs":"default","ocean_breadcrumbs_color":"","ocean_breadcrumbs_separator_color":"","ocean_breadcrumbs_links_color":"","ocean_breadcrumbs_links_hover_color":"","ocean_display_footer_widgets":"default","ocean_display_footer_bottom":"default","ocean_custom_footer_template":"","ocean_post_oembed":"","ocean_post_self_hosted_media":"","ocean_post_video_embed":"","ocean_link_format":"","ocean_link_format_target":"self","ocean_quote_format":"","ocean_quote_format_link":"post","ocean_gallery_link_images":"on","ocean_gallery_id":[]},"categories":[9],"tags":[3847,1490,82,318],"acf":[],"_links":{"self":[{"href":"https:\/\/www.simepe.com.br\/novo\/wp-json\/wp\/v2\/posts\/60758"}],"collection":[{"href":"https:\/\/www.simepe.com.br\/novo\/wp-json\/wp\/v2\/posts"}],"about":[{"href":"https:\/\/www.simepe.com.br\/novo\/wp-json\/wp\/v2\/types\/post"}],"author":[{"embeddable":true,"href":"https:\/\/www.simepe.com.br\/novo\/wp-json\/wp\/v2\/users\/1"}],"replies":[{"embeddable":true,"href":"https:\/\/www.simepe.com.br\/novo\/wp-json\/wp\/v2\/comments?post=60758"}],"version-history":[{"count":1,"href":"https:\/\/www.simepe.com.br\/novo\/wp-json\/wp\/v2\/posts\/60758\/revisions"}],"predecessor-version":[{"id":60759,"href":"https:\/\/www.simepe.com.br\/novo\/wp-json\/wp\/v2\/posts\/60758\/revisions\/60759"}],"wp:attachment":[{"href":"https:\/\/www.simepe.com.br\/novo\/wp-json\/wp\/v2\/media?parent=60758"}],"wp:term":[{"taxonomy":"category","embeddable":true,"href":"https:\/\/www.simepe.com.br\/novo\/wp-json\/wp\/v2\/categories?post=60758"},{"taxonomy":"post_tag","embeddable":true,"href":"https:\/\/www.simepe.com.br\/novo\/wp-json\/wp\/v2\/tags?post=60758"}],"curies":[{"name":"wp","href":"https:\/\/api.w.org\/{rel}","templated":true}]}}