{"id":60769,"date":"2021-07-26T09:04:02","date_gmt":"2021-07-26T12:04:02","guid":{"rendered":"https:\/\/www.simepe.com.br\/novo\/?p=60769"},"modified":"2021-07-26T09:04:02","modified_gmt":"2021-07-26T12:04:02","slug":"ministerio-da-saude-completa-68-anos-de-historia-dedicada-a-saude-publica-do-brasil","status":"publish","type":"post","link":"https:\/\/www.simepe.com.br\/novo\/ministerio-da-saude-completa-68-anos-de-historia-dedicada-a-saude-publica-do-brasil\/","title":{"rendered":"Minist\u00e9rio da Sa\u00fade completa 68 anos de hist\u00f3ria dedicada \u00e0 sa\u00fade p\u00fablica do Brasil"},"content":{"rendered":"<p><em>Minist\u00e9rio da Sa\u00fade completa 68 anos de hist\u00f3ria dedicada \u00e0 sa\u00fade p\u00fablica do Brasil.<\/em><\/p>\n<div id=\"content-core\">\n<div id=\"parent-fieldname-text\" class=\"\">\n<div>\n<p>S\u00e3o quase sete d\u00e9cadas de muito trabalho que d\u00e3o orgulho para o Brasil e resultam em uma rela\u00e7\u00e3o de confian\u00e7a e credibilidade com os brasileiros. \u00c9 assim que o Minist\u00e9rio da Sa\u00fade celebra, neste domingo (25), os seus 68 anos de hist\u00f3ria, com di\u00e1logo transparente, aberto e pr\u00f3ximo da popula\u00e7\u00e3o e a certeza de que h\u00e1 uma bagagem cheia de desafios superados e de grandes avan\u00e7os para a sa\u00fade p\u00fablica do pa\u00eds.<\/p>\n<p>Muito embora o in\u00edcio da sa\u00fade p\u00fablica brasileira tenha ocorrido em 1808, quando as primeiras diretrizes foram elaboradas, a pasta foi institu\u00edda oficialmente no dia 25 de julho de 1953, com a promulga\u00e7\u00e3o da Lei n\u00ba 1.920. Essa lei foi respons\u00e1vel por desdobrar o ent\u00e3o Minist\u00e9rio da Educa\u00e7\u00e3o e Sa\u00fade, criado em 1930, durante o governo de Get\u00falio Vargas, em dois minist\u00e9rios com a\u00e7\u00f5es e focos espec\u00edficos.<\/p>\n<p>Desde sua funda\u00e7\u00e3o, os t\u00e9cnicos e gestores do Minist\u00e9rio da Sa\u00fade trabalham com afinco e dedica\u00e7\u00e3o norteados com diretrizes claras e espec\u00edficas para reduzir as enfermidades, controlar as doen\u00e7as end\u00eamicas e parasit\u00e1rias, melhorar a vigil\u00e2ncia \u00e0 sa\u00fade e, principalmente, a qualidade de vida dos brasileiros.<\/p>\n<p>O ministro da Sa\u00fade, Marcelo Queiroga, destaca que a hist\u00f3ria da Pasta \u00e9 feita de pessoas. \u201cHoje \u00e9 um dia muito especial para todos n\u00f3s. \u00c9 um dia de celebra\u00e7\u00e3o e alegria. Eu sei que n\u00f3s trabalhamos fortemente para ajudar o povo brasileiro para cumprir a constitui\u00e7\u00e3o e melhorar ainda mais o Sistema \u00danico de Sa\u00fade, o nosso SUS. Isso mostra a nossa for\u00e7a. O servidor do Minist\u00e9rio da Sa\u00fade \u00e9 parte disso\u201d, afirma o ministro.<\/p>\n<p>Tamb\u00e9m foram necess\u00e1rias muitas reformas administrativas e estruturais para qualificar os servi\u00e7os de sa\u00fade p\u00fablica, al\u00e9m de v\u00e1rios investimentos e a\u00e7\u00f5es voltados para refor\u00e7ar a aten\u00e7\u00e3o prim\u00e1ria, a aten\u00e7\u00e3o especializada, a sa\u00fade ind\u00edgena, o treinamento, capacita\u00e7\u00e3o e qualifica\u00e7\u00e3o dos profissionais de sa\u00fade, o avan\u00e7o e incentivo para pesquisas cientificas e tecnol\u00f3gicas e, principalmente, o Programa Nacional de Imuniza\u00e7\u00f5es, que erradicou diversas doen\u00e7as como sarampo, var\u00edola e poliomielite, por exemplo, e que segue firme no combate \u00e0 Covid-19.<\/p>\n<p>Nos anos 70 e 80, v\u00e1rios grupos se engajaram no movimento sanit\u00e1rio com o objetivo de pensar em um sistema p\u00fablico para solucionar os problemas de sa\u00fade encontrados no atendimento da popula\u00e7\u00e3o. Esse era o embri\u00e3o do que mais tarde, em 1990, seria oficializado como Sistema \u00danico de Sa\u00fade (SUS), atendendo ao que a Constitui\u00e7\u00e3o Federal de 1988 preconizava: \u00e9 dever do Estado garantir sa\u00fade para toda a popula\u00e7\u00e3o.<\/p>\n<p>No in\u00edcio da d\u00e9cada de 90, o Congresso Nacional aprovou a Lei Org\u00e2nica da Sa\u00fade (n\u00ba 8.080), que detalha o funcionamento do SUS, hoje maior e mais robusto sistema p\u00fablico de sa\u00fade do mundo, com cobertura universal, integral e gratuita a todos os procedimentos, desde simples consultas, atendimentos e vacina\u00e7\u00f5es at\u00e9 processos mais complexos, como exames, interna\u00e7\u00f5es e transplantes.<\/p>\n<p>\u201cTrabalhar com sa\u00fade nunca foi f\u00e1cil. \u00c9 uma luta di\u00e1ria, que enfrentamos com determina\u00e7\u00e3o e coragem. Sempre envolveu um grande respeito pela ida, pela ci\u00eancia e conhecimento m\u00e9dico apurado. Tamb\u00e9m requer muito esfor\u00e7o, dedica\u00e7\u00e3o e uma dose extra de responsabilidade. Cada profissional e servidor p\u00fablico ajudou a construir essa bela hist\u00f3ria, ajudou a escrever novos cap\u00edtulos, conhecimento e alicerces do que hoje \u00e9 a sa\u00fade p\u00fablica no Brasil. Hoje \u00e9 nossa a reponsabilidade a constru\u00e7\u00e3o do pr\u00f3ximo passo dessa jornada. Que precisa ser dado com a mesma seriedade e seguran\u00e7a\u201d, destaca Queiroga.<\/p>\n<p><strong>Desafios da Covid-19<\/strong><\/p>\n<p>Um dos maiores desafios da atualidade \u00e9 justamente a pandemia da Covid-19, que chegou ao Brasil em 26 de fevereiro de 2020, ap\u00f3s a confirma\u00e7\u00e3o do primeiro caso, um homem do estado de S\u00e3o Paulo com hist\u00f3rico de viagem recente \u00e0 It\u00e1lia, na \u00e9poca um dos epicentros do v\u00edrus no mundo.<\/p>\n<p>Desde ent\u00e3o, o Minist\u00e9rio da Sa\u00fade vem prestando apoio integral e irrestrito a todos os estados e munic\u00edpios no enfrentamento da pandemia. J\u00e1 foram distribu\u00eddas 164,4 milh\u00f5es de vacinas, que resultaram em 130,4 milh\u00f5es de doses aplicadas nos 160 milh\u00f5es de brasileiros vacin\u00e1veis, ou seja, com 18 anos ou mais. S\u00e3o 93,6 milh\u00f5es da primeira dose e 34,6 milh\u00f5es da segunda dose ou dose \u00fanica.<\/p>\n<p>\u201cSe at\u00e9 hoje o minist\u00e9rio j\u00e1 entregou mais de 164 milh\u00f5es de doses da vacina Covid-19, \u00e9 resultado do trabalho de todos. O Minist\u00e9rio s\u00f3 consegue cumprir a sua miss\u00e3o no front de combate \u00e0 pandemia, se todos os estivermos de bra\u00e7o dados e em sintonia. Nossa responsabilidade \u00e9 di\u00e1ria, assim como nosso empenho \u201c, disse o ministro.<\/p>\n<p>S\u00f3 no m\u00eas de julho, a previs\u00e3o \u00e9 que o Minist\u00e9rio da Sa\u00fade receba mais de 40 milh\u00f5es de doses. Em agosto, os n\u00fameros chegam a 63 milh\u00f5es de doses. Al\u00e9m disso, 84% dos povos ind\u00edgenas receberam a primeira dose da vacina. O resultado desse trabalho \u00e9 a melhora nas taxas de ocupa\u00e7\u00e3o de leitos de UTI e a queda na m\u00e9dia m\u00f3vel de \u00f3bitos pela Covid-19.<\/p>\n<p>Tamb\u00e9m foram investidos R$ 8,5 bilh\u00f5es para habilitar 19.517 leitos de UTI exclusivos covid-19 em 2020 e autorizar 25.528 leitos de UTI exclusivos Covid-19 este ano, s\u00e3o leitos destinados aos casos graves e grav\u00edssimos da doen\u00e7a. Para as situa\u00e7\u00f5es moderadas e graves, que n\u00e3o precisam de intuba\u00e7\u00e3o mas necessitam de refor\u00e7o de oxig\u00eanio, foram habilitados 1.918 leitos de suporte ventilat\u00f3rio pulmonar em 2020 e 4.025 este ano, totalizando investimento de R$ 239,6 milh\u00f5es.<\/p>\n<p>Fonte: Minist\u00e9rio da Sa\u00fade<\/p>\n<\/div>\n<\/div>\n<\/div>\n","protected":false},"excerpt":{"rendered":"<p>Minist\u00e9rio da Sa\u00fade completa 68 anos de hist\u00f3ria dedicada \u00e0 sa\u00fade p\u00fablica do Brasil. S\u00e3o quase sete d\u00e9cadas de muito trabalho que d\u00e3o orgulho para o Brasil e resultam em uma rela\u00e7\u00e3o de confian\u00e7a e credibilidade com os brasileiros. \u00c9 assim que o Minist\u00e9rio da Sa\u00fade celebra, neste domingo (25), os seus 68 anos de [&hellip;]<\/p>\n","protected":false},"author":1,"featured_media":0,"comment_status":"open","ping_status":"open","sticky":false,"template":"","format":"standard","meta":{"ocean_post_layout":"","ocean_both_sidebars_style":"","ocean_both_sidebars_content_width":0,"ocean_both_sidebars_sidebars_width":0,"ocean_sidebar":"","ocean_second_sidebar":"","ocean_disable_margins":"enable","ocean_add_body_class":"","ocean_shortcode_before_top_bar":"","ocean_shortcode_after_top_bar":"","ocean_shortcode_before_header":"","ocean_shortcode_after_header":"","ocean_has_shortcode":"","ocean_shortcode_after_title":"","ocean_shortcode_before_footer_widgets":"","ocean_shortcode_after_footer_widgets":"","ocean_shortcode_before_footer_bottom":"","ocean_shortcode_after_footer_bottom":"","ocean_display_top_bar":"default","ocean_display_header":"default","ocean_header_style":"","ocean_center_header_left_menu":"","ocean_custom_header_template":"","ocean_custom_logo":0,"ocean_custom_retina_logo":0,"ocean_custom_logo_max_width":0,"ocean_custom_logo_tablet_max_width":0,"ocean_custom_logo_mobile_max_width":0,"ocean_custom_logo_max_height":0,"ocean_custom_logo_tablet_max_height":0,"ocean_custom_logo_mobile_max_height":0,"ocean_header_custom_menu":"","ocean_menu_typo_font_family":"","ocean_menu_typo_font_subset":"","ocean_menu_typo_font_size":0,"ocean_menu_typo_font_size_tablet":0,"ocean_menu_typo_font_size_mobile":0,"ocean_menu_typo_font_size_unit":"px","ocean_menu_typo_font_weight":"","ocean_menu_typo_font_weight_tablet":"","ocean_menu_typo_font_weight_mobile":"","ocean_menu_typo_transform":"","ocean_menu_typo_transform_tablet":"","ocean_menu_typo_transform_mobile":"","ocean_menu_typo_line_height":0,"ocean_menu_typo_line_height_tablet":0,"ocean_menu_typo_line_height_mobile":0,"ocean_menu_typo_line_height_unit":"","ocean_menu_typo_spacing":0,"ocean_menu_typo_spacing_tablet":0,"ocean_menu_typo_spacing_mobile":0,"ocean_menu_typo_spacing_unit":"","ocean_menu_link_color":"","ocean_menu_link_color_hover":"","ocean_menu_link_color_active":"","ocean_menu_link_background":"","ocean_menu_link_hover_background":"","ocean_menu_link_active_background":"","ocean_menu_social_links_bg":"","ocean_menu_social_hover_links_bg":"","ocean_menu_social_links_color":"","ocean_menu_social_hover_links_color":"","ocean_disable_title":"default","ocean_disable_heading":"default","ocean_post_title":"","ocean_post_subheading":"","ocean_post_title_style":"","ocean_post_title_background_color":"","ocean_post_title_background":0,"ocean_post_title_bg_image_position":"","ocean_post_title_bg_image_attachment":"","ocean_post_title_bg_image_repeat":"","ocean_post_title_bg_image_size":"","ocean_post_title_height":0,"ocean_post_title_bg_overlay":0.5,"ocean_post_title_bg_overlay_color":"","ocean_disable_breadcrumbs":"default","ocean_breadcrumbs_color":"","ocean_breadcrumbs_separator_color":"","ocean_breadcrumbs_links_color":"","ocean_breadcrumbs_links_hover_color":"","ocean_display_footer_widgets":"default","ocean_display_footer_bottom":"default","ocean_custom_footer_template":"","ocean_post_oembed":"","ocean_post_self_hosted_media":"","ocean_post_video_embed":"","ocean_link_format":"","ocean_link_format_target":"self","ocean_quote_format":"","ocean_quote_format_link":"post","ocean_gallery_link_images":"on","ocean_gallery_id":[]},"categories":[9],"tags":[82],"acf":[],"_links":{"self":[{"href":"https:\/\/www.simepe.com.br\/novo\/wp-json\/wp\/v2\/posts\/60769"}],"collection":[{"href":"https:\/\/www.simepe.com.br\/novo\/wp-json\/wp\/v2\/posts"}],"about":[{"href":"https:\/\/www.simepe.com.br\/novo\/wp-json\/wp\/v2\/types\/post"}],"author":[{"embeddable":true,"href":"https:\/\/www.simepe.com.br\/novo\/wp-json\/wp\/v2\/users\/1"}],"replies":[{"embeddable":true,"href":"https:\/\/www.simepe.com.br\/novo\/wp-json\/wp\/v2\/comments?post=60769"}],"version-history":[{"count":1,"href":"https:\/\/www.simepe.com.br\/novo\/wp-json\/wp\/v2\/posts\/60769\/revisions"}],"predecessor-version":[{"id":60770,"href":"https:\/\/www.simepe.com.br\/novo\/wp-json\/wp\/v2\/posts\/60769\/revisions\/60770"}],"wp:attachment":[{"href":"https:\/\/www.simepe.com.br\/novo\/wp-json\/wp\/v2\/media?parent=60769"}],"wp:term":[{"taxonomy":"category","embeddable":true,"href":"https:\/\/www.simepe.com.br\/novo\/wp-json\/wp\/v2\/categories?post=60769"},{"taxonomy":"post_tag","embeddable":true,"href":"https:\/\/www.simepe.com.br\/novo\/wp-json\/wp\/v2\/tags?post=60769"}],"curies":[{"name":"wp","href":"https:\/\/api.w.org\/{rel}","templated":true}]}}