{"id":60790,"date":"2021-07-28T09:28:25","date_gmt":"2021-07-28T12:28:25","guid":{"rendered":"https:\/\/www.simepe.com.br\/novo\/?p=60790"},"modified":"2021-07-28T09:28:25","modified_gmt":"2021-07-28T12:28:25","slug":"adolescentes-entre-12-a-17-anos-serao-incluidos-na-vacinacao-contra-covid-19-anuncia-ministro","status":"publish","type":"post","link":"https:\/\/www.simepe.com.br\/novo\/adolescentes-entre-12-a-17-anos-serao-incluidos-na-vacinacao-contra-covid-19-anuncia-ministro\/","title":{"rendered":"Adolescentes entre 12 a 17 anos ser\u00e3o inclu\u00eddos na vacina\u00e7\u00e3o contra Covid-19, anuncia ministro"},"content":{"rendered":"<p>O ministro da Sa\u00fade, Marcelo Queiroga, anunciou nesta ter\u00e7a-feira\u00a0(27) que adolescentes de 12 a 17 anos ser\u00e3o inclu\u00eddos no Plano Nacional de Imuniza\u00e7\u00e3o (PNI) contra a Covid-19.<\/p>\n<p>A inclus\u00e3o ser\u00e1 iniciada ap\u00f3s envio da primeira dose para a vacina\u00e7\u00e3o de adultos com mais de 18 anos.\u00a0Adolescentes com comorbidades ser\u00e3o os primeiros a serem imunizados.<\/p>\n<p>A medida foi acertada durante reuni\u00e3o entre o minist\u00e9rio e representantes de estados e munic\u00edpios.<\/p>\n<p>Tamb\u00e9m foi definido que, ap\u00f3s a distribui\u00e7\u00e3o da primeira dose dos imunizantes para todo o Pa\u00eds, o minist\u00e9rio deve decidir sobre a antecipa\u00e7\u00e3o do intervalo entre as duas doses da Pfizer, que, atualmente, \u00e9 de 90 dias. Na bula do fabricante, o intervalo \u00e9 de 21 dias.<\/p>\n<p>A redu\u00e7\u00e3o \u00e9 estudada para acelerar a imuniza\u00e7\u00e3o diante do crescimento dos casos de pessoas infectadas com a variante delta do v\u00edrus da covid-19.<\/p>\n<p>\u201cNossa expectativa \u00e9 atingir a popula\u00e7\u00e3o acima de 18 anos vacinada at\u00e9 o come\u00e7o\u00a0de setembro. A partir da\u00ed, vamos discutir a redu\u00e7\u00e3o no intervalo da dose da Pfizer, assim a gente avan\u00e7aria com a segunda dose em um n\u00famero\u00a0maior de pessoas e tamb\u00e9m os abaixo de 18 anos\u201d, explicou o ministro.<\/p>\n<p>Os estados e munic\u00edpios ainda dever\u00e3o seguir as orienta\u00e7\u00f5es do Minist\u00e9rio da Sa\u00fade sobre os intervalos entre as doses de vacinas e outras recomenda\u00e7\u00f5es do PNI.<\/p>\n<p>Fonte: Folha de Pernambuco<\/p>\n","protected":false},"excerpt":{"rendered":"<p>O ministro da Sa\u00fade, Marcelo Queiroga, anunciou nesta ter\u00e7a-feira\u00a0(27) que adolescentes de 12 a 17 anos ser\u00e3o inclu\u00eddos no Plano Nacional de Imuniza\u00e7\u00e3o (PNI) contra a Covid-19. A inclus\u00e3o ser\u00e1 iniciada ap\u00f3s envio da primeira dose para a vacina\u00e7\u00e3o de adultos com mais de 18 anos.\u00a0Adolescentes com comorbidades ser\u00e3o os primeiros a serem imunizados. A [&hellip;]<\/p>\n","protected":false},"author":1,"featured_media":0,"comment_status":"open","ping_status":"open","sticky":false,"template":"","format":"standard","meta":{"ocean_post_layout":"","ocean_both_sidebars_style":"","ocean_both_sidebars_content_width":0,"ocean_both_sidebars_sidebars_width":0,"ocean_sidebar":"","ocean_second_sidebar":"","ocean_disable_margins":"enable","ocean_add_body_class":"","ocean_shortcode_before_top_bar":"","ocean_shortcode_after_top_bar":"","ocean_shortcode_before_header":"","ocean_shortcode_after_header":"","ocean_has_shortcode":"","ocean_shortcode_after_title":"","ocean_shortcode_before_footer_widgets":"","ocean_shortcode_after_footer_widgets":"","ocean_shortcode_before_footer_bottom":"","ocean_shortcode_after_footer_bottom":"","ocean_display_top_bar":"default","ocean_display_header":"default","ocean_header_style":"","ocean_center_header_left_menu":"","ocean_custom_header_template":"","ocean_custom_logo":0,"ocean_custom_retina_logo":0,"ocean_custom_logo_max_width":0,"ocean_custom_logo_tablet_max_width":0,"ocean_custom_logo_mobile_max_width":0,"ocean_custom_logo_max_height":0,"ocean_custom_logo_tablet_max_height":0,"ocean_custom_logo_mobile_max_height":0,"ocean_header_custom_menu":"","ocean_menu_typo_font_family":"","ocean_menu_typo_font_subset":"","ocean_menu_typo_font_size":0,"ocean_menu_typo_font_size_tablet":0,"ocean_menu_typo_font_size_mobile":0,"ocean_menu_typo_font_size_unit":"px","ocean_menu_typo_font_weight":"","ocean_menu_typo_font_weight_tablet":"","ocean_menu_typo_font_weight_mobile":"","ocean_menu_typo_transform":"","ocean_menu_typo_transform_tablet":"","ocean_menu_typo_transform_mobile":"","ocean_menu_typo_line_height":0,"ocean_menu_typo_line_height_tablet":0,"ocean_menu_typo_line_height_mobile":0,"ocean_menu_typo_line_height_unit":"","ocean_menu_typo_spacing":0,"ocean_menu_typo_spacing_tablet":0,"ocean_menu_typo_spacing_mobile":0,"ocean_menu_typo_spacing_unit":"","ocean_menu_link_color":"","ocean_menu_link_color_hover":"","ocean_menu_link_color_active":"","ocean_menu_link_background":"","ocean_menu_link_hover_background":"","ocean_menu_link_active_background":"","ocean_menu_social_links_bg":"","ocean_menu_social_hover_links_bg":"","ocean_menu_social_links_color":"","ocean_menu_social_hover_links_color":"","ocean_disable_title":"default","ocean_disable_heading":"default","ocean_post_title":"","ocean_post_subheading":"","ocean_post_title_style":"","ocean_post_title_background_color":"","ocean_post_title_background":0,"ocean_post_title_bg_image_position":"","ocean_post_title_bg_image_attachment":"","ocean_post_title_bg_image_repeat":"","ocean_post_title_bg_image_size":"","ocean_post_title_height":0,"ocean_post_title_bg_overlay":0.5,"ocean_post_title_bg_overlay_color":"","ocean_disable_breadcrumbs":"default","ocean_breadcrumbs_color":"","ocean_breadcrumbs_separator_color":"","ocean_breadcrumbs_links_color":"","ocean_breadcrumbs_links_hover_color":"","ocean_display_footer_widgets":"default","ocean_display_footer_bottom":"default","ocean_custom_footer_template":"","ocean_post_oembed":"","ocean_post_self_hosted_media":"","ocean_post_video_embed":"","ocean_link_format":"","ocean_link_format_target":"self","ocean_quote_format":"","ocean_quote_format_link":"post","ocean_gallery_link_images":"on","ocean_gallery_id":[]},"categories":[9],"tags":[3847,1490,82,318],"acf":[],"_links":{"self":[{"href":"https:\/\/www.simepe.com.br\/novo\/wp-json\/wp\/v2\/posts\/60790"}],"collection":[{"href":"https:\/\/www.simepe.com.br\/novo\/wp-json\/wp\/v2\/posts"}],"about":[{"href":"https:\/\/www.simepe.com.br\/novo\/wp-json\/wp\/v2\/types\/post"}],"author":[{"embeddable":true,"href":"https:\/\/www.simepe.com.br\/novo\/wp-json\/wp\/v2\/users\/1"}],"replies":[{"embeddable":true,"href":"https:\/\/www.simepe.com.br\/novo\/wp-json\/wp\/v2\/comments?post=60790"}],"version-history":[{"count":1,"href":"https:\/\/www.simepe.com.br\/novo\/wp-json\/wp\/v2\/posts\/60790\/revisions"}],"predecessor-version":[{"id":60791,"href":"https:\/\/www.simepe.com.br\/novo\/wp-json\/wp\/v2\/posts\/60790\/revisions\/60791"}],"wp:attachment":[{"href":"https:\/\/www.simepe.com.br\/novo\/wp-json\/wp\/v2\/media?parent=60790"}],"wp:term":[{"taxonomy":"category","embeddable":true,"href":"https:\/\/www.simepe.com.br\/novo\/wp-json\/wp\/v2\/categories?post=60790"},{"taxonomy":"post_tag","embeddable":true,"href":"https:\/\/www.simepe.com.br\/novo\/wp-json\/wp\/v2\/tags?post=60790"}],"curies":[{"name":"wp","href":"https:\/\/api.w.org\/{rel}","templated":true}]}}