{"id":60802,"date":"2021-07-28T10:09:49","date_gmt":"2021-07-28T13:09:49","guid":{"rendered":"https:\/\/www.simepe.com.br\/novo\/?p=60802"},"modified":"2021-07-28T10:09:49","modified_gmt":"2021-07-28T13:09:49","slug":"rio-de-janeiro-retoma-aplicacao-da-primeira-dose-contra-covid-19","status":"publish","type":"post","link":"https:\/\/www.simepe.com.br\/novo\/rio-de-janeiro-retoma-aplicacao-da-primeira-dose-contra-covid-19\/","title":{"rendered":"Rio de Janeiro retoma aplica\u00e7\u00e3o da primeira dose contra Covid-19"},"content":{"rendered":"<p>A cidade do Rio de Janeiro retoma hoje (28) a aplica\u00e7\u00e3o da primeira dose da vacina contra a Covid-19. Segundo a prefeitura, a suspens\u00e3o, que come\u00e7ou na sexta-feira (23), ocorreu em raz\u00e3o da falta de estoques do imunizante.<\/p>\n<p>Com o envio de novas remessas pelo Minist\u00e9rio da Sa\u00fade na \u00faltima segunda-feira, a Secretaria Municipal de Sa\u00fade anunciou a retomada do calend\u00e1rio. Recebem hoje a primeira dose mulheres de 34 anos, pela manh\u00e3, e, na parte da tarde, ser\u00e1 a vez dos homens da mesma idade. Amanh\u00e3, ser\u00e3o as mulheres de 33 anos, mais a repescagem para quem tem 34 anos ou mais, e, na sexta-feira, come\u00e7am a ser imunizados os homens de 33 anos.<\/p>\n<p><strong>Mais vacinas<\/strong><br \/>\nEst\u00e1 mantida a previs\u00e3o para agosto de vacina\u00e7\u00e3o com escalonamento apenas por idade at\u00e9 o dia 18, quando ser\u00e3o imunizados jovens de 18 anos. Os adolescentes come\u00e7am a receber a primeira dose no dia 23 de agosto, com as meninas de 17 anos, e no dia 24, os meninos dessa idade. O calend\u00e1rio termina no dia 10 de setembro com os meninos de 12 anos.<\/p>\n<p>At\u00e9 o momento, segundo o painel de vacina\u00e7\u00e3o da prefeitura, receberam as duas doses ou a dose \u00fanica 23,7% da popula\u00e7\u00e3o total da cidade, com 1,6 milh\u00e3o de pessoas. A primeira dose foi aplicada em 56,6% da popula\u00e7\u00e3o, com 3,7 milh\u00f5es de pessoas imunizadas parcialmente.<\/p>\n<p>Fonte: Diario de Pernambuco<\/p>\n","protected":false},"excerpt":{"rendered":"<p>A cidade do Rio de Janeiro retoma hoje (28) a aplica\u00e7\u00e3o da primeira dose da vacina contra a Covid-19. Segundo a prefeitura, a suspens\u00e3o, que come\u00e7ou na sexta-feira (23), ocorreu em raz\u00e3o da falta de estoques do imunizante. Com o envio de novas remessas pelo Minist\u00e9rio da Sa\u00fade na \u00faltima segunda-feira, a Secretaria Municipal de [&hellip;]<\/p>\n","protected":false},"author":1,"featured_media":0,"comment_status":"open","ping_status":"open","sticky":false,"template":"","format":"standard","meta":{"ocean_post_layout":"","ocean_both_sidebars_style":"","ocean_both_sidebars_content_width":0,"ocean_both_sidebars_sidebars_width":0,"ocean_sidebar":"","ocean_second_sidebar":"","ocean_disable_margins":"enable","ocean_add_body_class":"","ocean_shortcode_before_top_bar":"","ocean_shortcode_after_top_bar":"","ocean_shortcode_before_header":"","ocean_shortcode_after_header":"","ocean_has_shortcode":"","ocean_shortcode_after_title":"","ocean_shortcode_before_footer_widgets":"","ocean_shortcode_after_footer_widgets":"","ocean_shortcode_before_footer_bottom":"","ocean_shortcode_after_footer_bottom":"","ocean_display_top_bar":"default","ocean_display_header":"default","ocean_header_style":"","ocean_center_header_left_menu":"","ocean_custom_header_template":"","ocean_custom_logo":0,"ocean_custom_retina_logo":0,"ocean_custom_logo_max_width":0,"ocean_custom_logo_tablet_max_width":0,"ocean_custom_logo_mobile_max_width":0,"ocean_custom_logo_max_height":0,"ocean_custom_logo_tablet_max_height":0,"ocean_custom_logo_mobile_max_height":0,"ocean_header_custom_menu":"","ocean_menu_typo_font_family":"","ocean_menu_typo_font_subset":"","ocean_menu_typo_font_size":0,"ocean_menu_typo_font_size_tablet":0,"ocean_menu_typo_font_size_mobile":0,"ocean_menu_typo_font_size_unit":"px","ocean_menu_typo_font_weight":"","ocean_menu_typo_font_weight_tablet":"","ocean_menu_typo_font_weight_mobile":"","ocean_menu_typo_transform":"","ocean_menu_typo_transform_tablet":"","ocean_menu_typo_transform_mobile":"","ocean_menu_typo_line_height":0,"ocean_menu_typo_line_height_tablet":0,"ocean_menu_typo_line_height_mobile":0,"ocean_menu_typo_line_height_unit":"","ocean_menu_typo_spacing":0,"ocean_menu_typo_spacing_tablet":0,"ocean_menu_typo_spacing_mobile":0,"ocean_menu_typo_spacing_unit":"","ocean_menu_link_color":"","ocean_menu_link_color_hover":"","ocean_menu_link_color_active":"","ocean_menu_link_background":"","ocean_menu_link_hover_background":"","ocean_menu_link_active_background":"","ocean_menu_social_links_bg":"","ocean_menu_social_hover_links_bg":"","ocean_menu_social_links_color":"","ocean_menu_social_hover_links_color":"","ocean_disable_title":"default","ocean_disable_heading":"default","ocean_post_title":"","ocean_post_subheading":"","ocean_post_title_style":"","ocean_post_title_background_color":"","ocean_post_title_background":0,"ocean_post_title_bg_image_position":"","ocean_post_title_bg_image_attachment":"","ocean_post_title_bg_image_repeat":"","ocean_post_title_bg_image_size":"","ocean_post_title_height":0,"ocean_post_title_bg_overlay":0.5,"ocean_post_title_bg_overlay_color":"","ocean_disable_breadcrumbs":"default","ocean_breadcrumbs_color":"","ocean_breadcrumbs_separator_color":"","ocean_breadcrumbs_links_color":"","ocean_breadcrumbs_links_hover_color":"","ocean_display_footer_widgets":"default","ocean_display_footer_bottom":"default","ocean_custom_footer_template":"","ocean_post_oembed":"","ocean_post_self_hosted_media":"","ocean_post_video_embed":"","ocean_link_format":"","ocean_link_format_target":"self","ocean_quote_format":"","ocean_quote_format_link":"post","ocean_gallery_link_images":"on","ocean_gallery_id":[]},"categories":[9],"tags":[3847,1490,82,318],"acf":[],"_links":{"self":[{"href":"https:\/\/www.simepe.com.br\/novo\/wp-json\/wp\/v2\/posts\/60802"}],"collection":[{"href":"https:\/\/www.simepe.com.br\/novo\/wp-json\/wp\/v2\/posts"}],"about":[{"href":"https:\/\/www.simepe.com.br\/novo\/wp-json\/wp\/v2\/types\/post"}],"author":[{"embeddable":true,"href":"https:\/\/www.simepe.com.br\/novo\/wp-json\/wp\/v2\/users\/1"}],"replies":[{"embeddable":true,"href":"https:\/\/www.simepe.com.br\/novo\/wp-json\/wp\/v2\/comments?post=60802"}],"version-history":[{"count":1,"href":"https:\/\/www.simepe.com.br\/novo\/wp-json\/wp\/v2\/posts\/60802\/revisions"}],"predecessor-version":[{"id":60803,"href":"https:\/\/www.simepe.com.br\/novo\/wp-json\/wp\/v2\/posts\/60802\/revisions\/60803"}],"wp:attachment":[{"href":"https:\/\/www.simepe.com.br\/novo\/wp-json\/wp\/v2\/media?parent=60802"}],"wp:term":[{"taxonomy":"category","embeddable":true,"href":"https:\/\/www.simepe.com.br\/novo\/wp-json\/wp\/v2\/categories?post=60802"},{"taxonomy":"post_tag","embeddable":true,"href":"https:\/\/www.simepe.com.br\/novo\/wp-json\/wp\/v2\/tags?post=60802"}],"curies":[{"name":"wp","href":"https:\/\/api.w.org\/{rel}","templated":true}]}}