{"id":60807,"date":"2021-07-29T16:27:34","date_gmt":"2021-07-29T19:27:34","guid":{"rendered":"https:\/\/www.simepe.com.br\/novo\/?p=60807"},"modified":"2021-08-03T10:34:07","modified_gmt":"2021-08-03T13:34:07","slug":"medicos-das-urgencias-e-emergencias-intensificam-movimento-em-busca-de-melhorias-na-rede-estadual-de-saude","status":"publish","type":"post","link":"https:\/\/www.simepe.com.br\/novo\/medicos-das-urgencias-e-emergencias-intensificam-movimento-em-busca-de-melhorias-na-rede-estadual-de-saude\/","title":{"rendered":"M\u00e9dicos das urg\u00eancias e emerg\u00eancias intensificam movimento em busca de melhorias na rede estadual de sa\u00fade"},"content":{"rendered":"<p style=\"text-align: justify;\">A presidente do Simepe, Claudia Beatriz, o vice-presidente, Walber Steffano, os diretores Adilson Morato, Fernando J\u00fanior, Jos\u00e9 Alberto, Jos\u00e9 Ten\u00f3rio, M\u00e1rio Jorge Lobo, Mozart Lacerda, Robson Miranda, Rodrigo Arag\u00e3o, Rodrigo Rosas e Tadeu Calheiros, tamb\u00e9m vereador do Recife, al\u00e9m do advogado da Defensoria M\u00e9dica, Diego Galdino, participaram da Assembleia Geral Extraordin\u00e1ria (AGE) dos m\u00e9dicos das urg\u00eancias e emerg\u00eancias de Pernambuco, por videoconfer\u00eancia.<\/p>\n<p style=\"text-align: justify;\">Na ocasi\u00e3o, discutiram sobre o chamamento dos aprovados no concurso p\u00fablico para provimento de m\u00e9dicos na rede, revis\u00e3o salarial, pagamento da insalubridade em 40%, melhorias das condi\u00e7\u00f5es de trabalho, al\u00e9m de outros assuntos. A presidente Claudia Beatriz comentou sobre as dificuldades e precariedades que atingem diretamente os profissionais m\u00e9dicos que atuam na linha de frente dos grandes hospitais da rede estadual de sa\u00fade. Destacou tamb\u00e9m sobre as condi\u00e7\u00f5es de trabalho, d\u00e9ficit nas escalas de plant\u00e3o, falta de insumos, necessidade de melhorias na infraestrutura, adequa\u00e7\u00f5es nos fluxos de atendimento; h\u00e1 poucos profissionais para atender uma alta demanda, o que acarreta em superlota\u00e7\u00e3o, sobrecarga dos m\u00e9dicos e desassist\u00eancia da popula\u00e7\u00e3o.<\/p>\n<p style=\"text-align: justify;\"><a href=\"https:\/\/www.simepe.com.br\/novo\/wp-content\/uploads\/2021\/07\/Simepe-17.png\" rel=\"attachment wp-att-60809\"><img fetchpriority=\"high\" class=\"aligncenter size-full wp-image-60809\" src=\"https:\/\/www.simepe.com.br\/novo\/wp-content\/uploads\/2021\/07\/Simepe-17.png\" alt=\"Simepe (17)\" width=\"1920\" height=\"1080\" srcset=\"https:\/\/www.simepe.com.br\/novo\/wp-content\/uploads\/2021\/07\/Simepe-17.png 1920w, https:\/\/www.simepe.com.br\/novo\/wp-content\/uploads\/2021\/07\/Simepe-17-300x169.png 300w, https:\/\/www.simepe.com.br\/novo\/wp-content\/uploads\/2021\/07\/Simepe-17-768x432.png 768w, https:\/\/www.simepe.com.br\/novo\/wp-content\/uploads\/2021\/07\/Simepe-17-1024x576.png 1024w, https:\/\/www.simepe.com.br\/novo\/wp-content\/uploads\/2021\/07\/Simepe-17-1140x641.png 1140w\" sizes=\"(max-width: 1920px) 100vw, 1920px\" \/><\/a><a href=\"https:\/\/www.simepe.com.br\/novo\/wp-content\/uploads\/2021\/07\/Simepe-17.png\" rel=\"attachment wp-att-60809\"><br \/>\n<\/a><\/p>\n<p style=\"text-align: justify;\">No final da AGE, os m\u00e9dicos aprovaram por unanimidade a amplia\u00e7\u00e3o da campanha de m\u00eddia nas redes sociais, expondo a real situa\u00e7\u00e3o das emerg\u00eancias e urg\u00eancias do Estado; produzir o censo do setor de emerg\u00eancia (perfil de cada setor, n\u00famero de leitos, pacientes, entre outras informa\u00e7\u00f5es); al\u00e9m de relat\u00f3rios espec\u00edficos ao Cremepe e ao MPPE, com imagens e coleta de informa\u00e7\u00f5es de acompanhantes; pagamento de insalubridade de 40%; reiterar pedido de reuni\u00e3o com a Secretaria Estadual de Sa\u00fade (SES) e de Administra\u00e7\u00e3o (SAD) para abertura de mesa de negocia\u00e7\u00e3o; intensificar o movimento da categoria, atrav\u00e9s de assinatura de documento expressando a inten\u00e7\u00e3o de pedido de demiss\u00e3o dos servi\u00e7os. A entidade acentua que seguir\u00e1 vigilante e continuar\u00e1 o di\u00e1logo com os gestores p\u00fablicos da sa\u00fade, cujo objetivo \u00e9 garantir as condi\u00e7\u00f5es adequadas de trabalho e dignidade profissional, bem como a assist\u00eancia de qualidade \u00e0 popula\u00e7\u00e3o.<\/p>\n<p style=\"text-align: justify;\">Nova AGE virtual est\u00e1 agendada para o dia 01\/09, \u00e0s 19h.<\/p>\n","protected":false},"excerpt":{"rendered":"<p>A presidente do Simepe, Claudia Beatriz, o vice-presidente, Walber Steffano, os diretores Adilson Morato, Fernando J\u00fanior, Jos\u00e9 Alberto, Jos\u00e9 Ten\u00f3rio, M\u00e1rio Jorge Lobo, Mozart Lacerda, Robson Miranda, Rodrigo Arag\u00e3o, Rodrigo Rosas e Tadeu Calheiros, tamb\u00e9m vereador do Recife, al\u00e9m do advogado da Defensoria M\u00e9dica, Diego Galdino, participaram da Assembleia Geral Extraordin\u00e1ria (AGE) dos m\u00e9dicos das [&hellip;]<\/p>\n","protected":false},"author":1,"featured_media":60808,"comment_status":"open","ping_status":"open","sticky":false,"template":"","format":"standard","meta":{"ocean_post_layout":"","ocean_both_sidebars_style":"","ocean_both_sidebars_content_width":0,"ocean_both_sidebars_sidebars_width":0,"ocean_sidebar":"","ocean_second_sidebar":"","ocean_disable_margins":"enable","ocean_add_body_class":"","ocean_shortcode_before_top_bar":"","ocean_shortcode_after_top_bar":"","ocean_shortcode_before_header":"","ocean_shortcode_after_header":"","ocean_has_shortcode":"","ocean_shortcode_after_title":"","ocean_shortcode_before_footer_widgets":"","ocean_shortcode_after_footer_widgets":"","ocean_shortcode_before_footer_bottom":"","ocean_shortcode_after_footer_bottom":"","ocean_display_top_bar":"default","ocean_display_header":"default","ocean_header_style":"","ocean_center_header_left_menu":"","ocean_custom_header_template":"","ocean_custom_logo":0,"ocean_custom_retina_logo":0,"ocean_custom_logo_max_width":0,"ocean_custom_logo_tablet_max_width":0,"ocean_custom_logo_mobile_max_width":0,"ocean_custom_logo_max_height":0,"ocean_custom_logo_tablet_max_height":0,"ocean_custom_logo_mobile_max_height":0,"ocean_header_custom_menu":"","ocean_menu_typo_font_family":"","ocean_menu_typo_font_subset":"","ocean_menu_typo_font_size":0,"ocean_menu_typo_font_size_tablet":0,"ocean_menu_typo_font_size_mobile":0,"ocean_menu_typo_font_size_unit":"px","ocean_menu_typo_font_weight":"","ocean_menu_typo_font_weight_tablet":"","ocean_menu_typo_font_weight_mobile":"","ocean_menu_typo_transform":"","ocean_menu_typo_transform_tablet":"","ocean_menu_typo_transform_mobile":"","ocean_menu_typo_line_height":0,"ocean_menu_typo_line_height_tablet":0,"ocean_menu_typo_line_height_mobile":0,"ocean_menu_typo_line_height_unit":"","ocean_menu_typo_spacing":0,"ocean_menu_typo_spacing_tablet":0,"ocean_menu_typo_spacing_mobile":0,"ocean_menu_typo_spacing_unit":"","ocean_menu_link_color":"","ocean_menu_link_color_hover":"","ocean_menu_link_color_active":"","ocean_menu_link_background":"","ocean_menu_link_hover_background":"","ocean_menu_link_active_background":"","ocean_menu_social_links_bg":"","ocean_menu_social_hover_links_bg":"","ocean_menu_social_links_color":"","ocean_menu_social_hover_links_color":"","ocean_disable_title":"default","ocean_disable_heading":"default","ocean_post_title":"","ocean_post_subheading":"","ocean_post_title_style":"","ocean_post_title_background_color":"","ocean_post_title_background":0,"ocean_post_title_bg_image_position":"","ocean_post_title_bg_image_attachment":"","ocean_post_title_bg_image_repeat":"","ocean_post_title_bg_image_size":"","ocean_post_title_height":0,"ocean_post_title_bg_overlay":0.5,"ocean_post_title_bg_overlay_color":"","ocean_disable_breadcrumbs":"default","ocean_breadcrumbs_color":"","ocean_breadcrumbs_separator_color":"","ocean_breadcrumbs_links_color":"","ocean_breadcrumbs_links_hover_color":"","ocean_display_footer_widgets":"default","ocean_display_footer_bottom":"default","ocean_custom_footer_template":"","ocean_post_oembed":"","ocean_post_self_hosted_media":"","ocean_post_video_embed":"","ocean_link_format":"","ocean_link_format_target":"self","ocean_quote_format":"","ocean_quote_format_link":"post","ocean_gallery_link_images":"on","ocean_gallery_id":[]},"categories":[1],"tags":[],"acf":[],"_links":{"self":[{"href":"https:\/\/www.simepe.com.br\/novo\/wp-json\/wp\/v2\/posts\/60807"}],"collection":[{"href":"https:\/\/www.simepe.com.br\/novo\/wp-json\/wp\/v2\/posts"}],"about":[{"href":"https:\/\/www.simepe.com.br\/novo\/wp-json\/wp\/v2\/types\/post"}],"author":[{"embeddable":true,"href":"https:\/\/www.simepe.com.br\/novo\/wp-json\/wp\/v2\/users\/1"}],"replies":[{"embeddable":true,"href":"https:\/\/www.simepe.com.br\/novo\/wp-json\/wp\/v2\/comments?post=60807"}],"version-history":[{"count":2,"href":"https:\/\/www.simepe.com.br\/novo\/wp-json\/wp\/v2\/posts\/60807\/revisions"}],"predecessor-version":[{"id":60847,"href":"https:\/\/www.simepe.com.br\/novo\/wp-json\/wp\/v2\/posts\/60807\/revisions\/60847"}],"wp:featuredmedia":[{"embeddable":true,"href":"https:\/\/www.simepe.com.br\/novo\/wp-json\/wp\/v2\/media\/60808"}],"wp:attachment":[{"href":"https:\/\/www.simepe.com.br\/novo\/wp-json\/wp\/v2\/media?parent=60807"}],"wp:term":[{"taxonomy":"category","embeddable":true,"href":"https:\/\/www.simepe.com.br\/novo\/wp-json\/wp\/v2\/categories?post=60807"},{"taxonomy":"post_tag","embeddable":true,"href":"https:\/\/www.simepe.com.br\/novo\/wp-json\/wp\/v2\/tags?post=60807"}],"curies":[{"name":"wp","href":"https:\/\/api.w.org\/{rel}","templated":true}]}}