{"id":60837,"date":"2021-08-02T10:17:56","date_gmt":"2021-08-02T13:17:56","guid":{"rendered":"https:\/\/www.simepe.com.br\/novo\/?p=60837"},"modified":"2021-08-02T10:17:56","modified_gmt":"2021-08-02T13:17:56","slug":"confira-como-fica-o-plano-de-convivencia-com-a-covid-19-em-pernambuco-a-partir-desta-segunda-2","status":"publish","type":"post","link":"https:\/\/www.simepe.com.br\/novo\/confira-como-fica-o-plano-de-convivencia-com-a-covid-19-em-pernambuco-a-partir-desta-segunda-2\/","title":{"rendered":"Confira como fica o Plano de Conviv\u00eancia com a Covid-19 em Pernambuco a partir desta segunda (2)"},"content":{"rendered":"<p>Pernambuco entra, nesta segunda-feira (2), em mais uma nova fase do Plano de Conviv\u00eancia com a Covid-19. Com os \u00edndices epidemiol\u00f3gicos mantendo a tend\u00eancia de desacelera\u00e7\u00e3o, de acordo com os dados oficiais do governo,\u00a0a flexibiliza\u00e7\u00e3o continua com o aumento da carga hor\u00e1ria de servi\u00e7os de alimenta\u00e7\u00e3o, bem como de atividades esportivas e cinemas.<\/p>\n<p>Bares, restaurantes, lanchonetes e servi\u00e7os similares de alimenta\u00e7\u00e3o agora poder\u00e3o funcionar das 5h at\u00e9 meia-noite, em todos os dias da semana. Os hor\u00e1rios valem para todos os munic\u00edpios de todas as macrorregi\u00f5es de sa\u00fade.<\/p>\n<p>Atividades esportivas coletivas e individuais e clubes sociais tamb\u00e9m seguir\u00e3o o limite de 5h \u00e0 meia-noite.<\/p>\n<div class=\"dn_noticiasRelacionadas\">Eventos corporativos, que continuam com permiss\u00e3o de realiza\u00e7\u00e3o at\u00e9 23h, poder\u00e3o ser feitos com p\u00fablico de at\u00e9 200 pessoas ou 50% da capacidade, o que for menor.\u00a0Salvo os jogos profissionais de futebol em est\u00e1dio, est\u00e1 permitida a presen\u00e7a de p\u00fablico nos est\u00e1dios, gin\u00e1sios esportivos e similares de at\u00e9 100 pessoas ou at\u00e9 50% (cinquenta por cento) da sua capacidade, prevalecendo o que for menor.<\/p>\n<p>As cola\u00e7\u00f5es de grau, aulas da saudade, cultos ecum\u00eanicos, cinemas, teatros e circos tamb\u00e9m poder\u00e3o ampliar a capacidade para 300 pessoas, ou 50% do local, o que for menor.<\/p>\n<p>Cinemas e teatros, especificamente, poder\u00e3o funcionar at\u00e9 a meia-noite, durante todos os dias, a partir desta segunda-feira.<\/p>\n<p>Na Semana Epidemiol\u00f3gica (SE) 29, que compreende o per\u00edodo de 18 a 24 de julho, foram notificados 606 casos de S\u00edndrome Respirat\u00f3ria Aguda Grave (Srag) no Estado. O quantitativo representa uma queda de 14,6% em rela\u00e7\u00e3o \u00e0 SE 28 e de 34% em rela\u00e7\u00e3o \u00e0 SE 27.<\/p><\/div>\n<div class=\"dn_noticiasRelacionadas\"><\/div>\n<div class=\"dn_noticiasRelacionadas\">J\u00e1 em rela\u00e7\u00e3o \u00e0s solicita\u00e7\u00f5es de leitos, foram registrados 442 pedidos de vagas na Central de Regula\u00e7\u00e3o na SE 29, uma redu\u00e7\u00e3o de 20% em rela\u00e7\u00e3o \u00e0 semana anterior.<\/div>\n<p><strong>Academias e similares<\/strong><br \/>\n50% da utiliza\u00e7\u00e3o dos aparelhos de cardio<\/p>\n<p>Hor\u00e1rio: 5h \u00e0s 23h de segunda a sexta-feira e 5h \u00e0s 22h aos s\u00e1bados, domingos e feriados<\/p>\n<p><strong>Servi\u00e7os de alimenta\u00e7\u00e3o (restaurantes, bares, lanchonetes, lojas de conveni\u00eancia e similares)<\/strong><br \/>\nPodem funcionar com 50% da capacidade do local e permanecem permitidas as apresenta\u00e7\u00f5es musicais com at\u00e9 tr\u00eas integrantes, com quaisquer instrumentos musicais, incluindo o cantor ou DJ, sem dan\u00e7a e sem a perman\u00eancia das pessoas em p\u00e9. Todas as apresenta\u00e7\u00f5es musicais permitidas devem seguir este modelo.<\/p>\n<p>Hor\u00e1rio: 5h \u00e0 meia-noite em todos os dias da semana<\/p>\n<p><strong>Com\u00e9rcio varejista de bairro<\/strong><br \/>\n1 cliente a cada 5m\u00b2 para \u00e1rea interna das lojas e 1 cliente a cada 10m\u00b2 nas \u00e1reas de circula\u00e7\u00e3o<\/p>\n<p>Hor\u00e1rio: 8h \u00e0s 20h nos dias de semana e 9h \u00e0s 19h nos finais de semana e feriados<\/p>\n<p><strong>Com\u00e9rcio varejista de centro<\/strong><br \/>\n1 cliente a cada 5m\u00b2 para \u00e1rea interna das lojas e 1 cliente a cada 10m\u00b2 nas \u00e1reas de circula\u00e7\u00e3o<br \/>\nHor\u00e1rio: 8h \u00e0s 20h nos dias de semana e 9h \u00e0s 19h nos finais de semana e feriados<\/p>\n<p><strong>Praias, com\u00e9rcio de praia, ciclofaixas e cal\u00e7ad\u00f5es<\/strong><br \/>\nObjeto de regulamenta\u00e7\u00e3o e fiscaliza\u00e7\u00e3o por cada munic\u00edpio<\/p>\n<p><strong>Escolas e universidades<\/strong><br \/>\nManter o distanciamento de 1,5m entre as bancas escolares, reduzindo a quantidade de estudantes quando necess\u00e1rio<\/p>\n<p>Hor\u00e1rio: 6h \u00e0s 22h<\/p>\n<p><strong>Escrit\u00f3rios e salas comerciais<\/strong><br \/>\n50% da capacidade do local considerando o distanciamento de 1,5m entre as esta\u00e7\u00f5es de trabalho<\/p>\n<p>Hor\u00e1rio: 8h \u00e0s 20h nos dias de semana e 9h \u00e0s 19h nos finais de semana e feriados<\/p>\n<p><strong>Feira de neg\u00f3cios<\/strong><br \/>\nHor\u00e1rio: at\u00e9 22h em todos os dias da semana e feriados<\/p>\n<p><strong>Igrejas e atividades religiosas<\/strong><br \/>\n50% da capacidade do local ou 300 pessoas, o que for menor<\/p>\n<p>Hor\u00e1rio: at\u00e9 22h em dias de semana e 21h em fins de semana e feriados<\/p>\n<p><strong>Polo de confec\u00e7\u00f5es<\/strong><br \/>\nHor\u00e1rio: 5h \u00e0s 20h nos dias da semana e 6h \u00e0s 20h nos finais de semana e feriados<\/p>\n<p><strong>Shoppings centers e galerias comerciais<\/strong><br \/>\n1 cliente a cada 5m\u00b2 para \u00e1rea interna das lojas e 1 cliente a cada 10m\u00b2 nas \u00e1reas de circula\u00e7\u00e3o<\/p>\n<p>Hor\u00e1rio: at\u00e9 22h em todos os dias da semana<\/p>\n<p><strong>Eventos corporativos<\/strong><br \/>\n50 pessoas ou 30% da capacidade do local, o que for menor<\/p>\n<p>Hor\u00e1rio: at\u00e9 22h nos dias de semana e 21h nos finais de semana e feriados<\/p>\n<p><strong>Eventos sociais e buffets<\/strong><br \/>\n100 pessoas ou 30% da capacidade do local, o que for menor. Seguem permitidas as apresenta\u00e7\u00f5es musicais.<\/p>\n<p>Hor\u00e1rio: de 8h at\u00e9 meia-noite, diariamente<\/p>\n<p><strong>Eventos culturais<\/strong><br \/>\nPermanecem vedados<\/p>\n<p><strong>Cola\u00e7\u00e3o de grau, aula da saudade e culto ecum\u00eanico<\/strong><br \/>\n50 pessoas ou 30% da capacidade do local, o que for menor. Continuam permitidas apresenta\u00e7\u00f5es musicais e o consumo de alimentos e bebidas.<\/p>\n<p>Hor\u00e1rio: 8h \u00e0s 23h em todos os dias da semana<\/p>\n<p><strong>Cinema, teatro e circo<\/strong><br \/>\n300 pessoas ou 50% da capacidade do local, o que for menor<\/p>\n<p>Hor\u00e1rio: 9h \u00e0 meia-noite, em qualquer dia da semana<\/p>\n<p><strong>Museus e demais equipamentos culturais<\/strong><br \/>\n1 visitante a cada 20m\u00b2 nas \u00e1reas expositivas internas e 1 visitante a cada 10m\u00b2 nas \u00e1reas expositivas externas<\/p>\n<p>Hor\u00e1rio: 9h \u00e0s 22h em todos os dias da semana<\/p>\n<p><strong>Parques tem\u00e1ticos, aqu\u00e1ticos, jogos eletr\u00f4nicos, itinerantes e similares<\/strong><br \/>\nObjeto de regulamenta\u00e7\u00e3o e fiscaliza\u00e7\u00e3o por cada munic\u00edpios<br \/>\nPermanecem vedados shows<\/p>\n<p><strong>Parques infantis<\/strong><br \/>\nObjeto de regulamenta\u00e7\u00e3o e fiscaliza\u00e7\u00e3o por cada munic\u00edpio<\/p>\n<p><strong>Atividades esportivas coletivas e individuais<\/strong><br \/>\nEst\u00e1 permitida a presen\u00e7a de torcida \u00a0com at\u00e9 100 pessoas em competi\u00e7\u00f5es esportivas, com exce\u00e7\u00e3o do futebol profissional nos est\u00e1dios.<\/p>\n<p>Permanecem permitidas as apresenta\u00e7\u00f5es musicais, e segue proibida a realiza\u00e7\u00e3o de shows.<\/p>\n<p>Hor\u00e1rio: at\u00e9 meia-noite, diariamente<\/p>\n<p><strong>Clubes sociais<\/strong><br \/>\nEst\u00e3o permitidas as apresenta\u00e7\u00f5es musicais e permanecem vedadas as saunas<\/p>\n<p>Hor\u00e1rio: 5h at\u00e9 meia-noite em todos os dias da semana<\/p>\n<p>Fonte: Folha de Pernambuco <strong><br \/>\n<\/strong><\/p>\n<p>&nbsp;<\/p>\n","protected":false},"excerpt":{"rendered":"<p>Pernambuco entra, nesta segunda-feira (2), em mais uma nova fase do Plano de Conviv\u00eancia com a Covid-19. Com os \u00edndices epidemiol\u00f3gicos mantendo a tend\u00eancia de desacelera\u00e7\u00e3o, de acordo com os dados oficiais do governo,\u00a0a flexibiliza\u00e7\u00e3o continua com o aumento da carga hor\u00e1ria de servi\u00e7os de alimenta\u00e7\u00e3o, bem como de atividades esportivas e cinemas. Bares, restaurantes, [&hellip;]<\/p>\n","protected":false},"author":1,"featured_media":0,"comment_status":"open","ping_status":"open","sticky":false,"template":"","format":"standard","meta":{"ocean_post_layout":"","ocean_both_sidebars_style":"","ocean_both_sidebars_content_width":0,"ocean_both_sidebars_sidebars_width":0,"ocean_sidebar":"","ocean_second_sidebar":"","ocean_disable_margins":"enable","ocean_add_body_class":"","ocean_shortcode_before_top_bar":"","ocean_shortcode_after_top_bar":"","ocean_shortcode_before_header":"","ocean_shortcode_after_header":"","ocean_has_shortcode":"","ocean_shortcode_after_title":"","ocean_shortcode_before_footer_widgets":"","ocean_shortcode_after_footer_widgets":"","ocean_shortcode_before_footer_bottom":"","ocean_shortcode_after_footer_bottom":"","ocean_display_top_bar":"default","ocean_display_header":"default","ocean_header_style":"","ocean_center_header_left_menu":"","ocean_custom_header_template":"","ocean_custom_logo":0,"ocean_custom_retina_logo":0,"ocean_custom_logo_max_width":0,"ocean_custom_logo_tablet_max_width":0,"ocean_custom_logo_mobile_max_width":0,"ocean_custom_logo_max_height":0,"ocean_custom_logo_tablet_max_height":0,"ocean_custom_logo_mobile_max_height":0,"ocean_header_custom_menu":"","ocean_menu_typo_font_family":"","ocean_menu_typo_font_subset":"","ocean_menu_typo_font_size":0,"ocean_menu_typo_font_size_tablet":0,"ocean_menu_typo_font_size_mobile":0,"ocean_menu_typo_font_size_unit":"px","ocean_menu_typo_font_weight":"","ocean_menu_typo_font_weight_tablet":"","ocean_menu_typo_font_weight_mobile":"","ocean_menu_typo_transform":"","ocean_menu_typo_transform_tablet":"","ocean_menu_typo_transform_mobile":"","ocean_menu_typo_line_height":0,"ocean_menu_typo_line_height_tablet":0,"ocean_menu_typo_line_height_mobile":0,"ocean_menu_typo_line_height_unit":"","ocean_menu_typo_spacing":0,"ocean_menu_typo_spacing_tablet":0,"ocean_menu_typo_spacing_mobile":0,"ocean_menu_typo_spacing_unit":"","ocean_menu_link_color":"","ocean_menu_link_color_hover":"","ocean_menu_link_color_active":"","ocean_menu_link_background":"","ocean_menu_link_hover_background":"","ocean_menu_link_active_background":"","ocean_menu_social_links_bg":"","ocean_menu_social_hover_links_bg":"","ocean_menu_social_links_color":"","ocean_menu_social_hover_links_color":"","ocean_disable_title":"default","ocean_disable_heading":"default","ocean_post_title":"","ocean_post_subheading":"","ocean_post_title_style":"","ocean_post_title_background_color":"","ocean_post_title_background":0,"ocean_post_title_bg_image_position":"","ocean_post_title_bg_image_attachment":"","ocean_post_title_bg_image_repeat":"","ocean_post_title_bg_image_size":"","ocean_post_title_height":0,"ocean_post_title_bg_overlay":0.5,"ocean_post_title_bg_overlay_color":"","ocean_disable_breadcrumbs":"default","ocean_breadcrumbs_color":"","ocean_breadcrumbs_separator_color":"","ocean_breadcrumbs_links_color":"","ocean_breadcrumbs_links_hover_color":"","ocean_display_footer_widgets":"default","ocean_display_footer_bottom":"default","ocean_custom_footer_template":"","ocean_post_oembed":"","ocean_post_self_hosted_media":"","ocean_post_video_embed":"","ocean_link_format":"","ocean_link_format_target":"self","ocean_quote_format":"","ocean_quote_format_link":"post","ocean_gallery_link_images":"on","ocean_gallery_id":[]},"categories":[9],"tags":[3847,1490,82],"acf":[],"_links":{"self":[{"href":"https:\/\/www.simepe.com.br\/novo\/wp-json\/wp\/v2\/posts\/60837"}],"collection":[{"href":"https:\/\/www.simepe.com.br\/novo\/wp-json\/wp\/v2\/posts"}],"about":[{"href":"https:\/\/www.simepe.com.br\/novo\/wp-json\/wp\/v2\/types\/post"}],"author":[{"embeddable":true,"href":"https:\/\/www.simepe.com.br\/novo\/wp-json\/wp\/v2\/users\/1"}],"replies":[{"embeddable":true,"href":"https:\/\/www.simepe.com.br\/novo\/wp-json\/wp\/v2\/comments?post=60837"}],"version-history":[{"count":1,"href":"https:\/\/www.simepe.com.br\/novo\/wp-json\/wp\/v2\/posts\/60837\/revisions"}],"predecessor-version":[{"id":60838,"href":"https:\/\/www.simepe.com.br\/novo\/wp-json\/wp\/v2\/posts\/60837\/revisions\/60838"}],"wp:attachment":[{"href":"https:\/\/www.simepe.com.br\/novo\/wp-json\/wp\/v2\/media?parent=60837"}],"wp:term":[{"taxonomy":"category","embeddable":true,"href":"https:\/\/www.simepe.com.br\/novo\/wp-json\/wp\/v2\/categories?post=60837"},{"taxonomy":"post_tag","embeddable":true,"href":"https:\/\/www.simepe.com.br\/novo\/wp-json\/wp\/v2\/tags?post=60837"}],"curies":[{"name":"wp","href":"https:\/\/api.w.org\/{rel}","templated":true}]}}