{"id":60839,"date":"2021-08-02T10:21:50","date_gmt":"2021-08-02T13:21:50","guid":{"rendered":"https:\/\/www.simepe.com.br\/novo\/?p=60839"},"modified":"2021-08-02T10:21:50","modified_gmt":"2021-08-02T13:21:50","slug":"petrolina-amplia-vacinacao-contra-covid-19-para-populacao-a-partir-de-30-anos","status":"publish","type":"post","link":"https:\/\/www.simepe.com.br\/novo\/petrolina-amplia-vacinacao-contra-covid-19-para-populacao-a-partir-de-30-anos\/","title":{"rendered":"Petrolina amplia vacina\u00e7\u00e3o contra Covid-19 para popula\u00e7\u00e3o a partir de 30 anos"},"content":{"rendered":"<p><em>De acordo com a prefeitura, a imuniza\u00e7\u00e3o desse grupo acontecer\u00e1 entre ter\u00e7a-feira (3) e quinta-feira (5).<\/em><\/p>\n<p>A cidade de Petrolina, no Sert\u00e3o de Pernambuco, come\u00e7a a agendar a vacina\u00e7\u00e3o contra a Covid-19, nesta segunda-feira (2), da popula\u00e7\u00e3o em geral a partir dos 30 anos.<\/p>\n<p>De acordo com a prefeitura, a imuniza\u00e7\u00e3o desse grupo acontecer\u00e1 entre ter\u00e7a-feira (3) e quinta-feira (5).<\/p>\n<p>O agendamento deve ser feito no site da Prefeitura de Petrolina vacinacaopetrolina.tisaude.com e foi liberado ap\u00f3s o recebimento de uma carga de 6 mil doses do imunizante.<\/p>\n<p>De acordo com a prefeitura, os p\u00fablicos pertencentes \u00e0s For\u00e7as Armadas; caminhoneiros; trabalhadores da ind\u00fastria e da constru\u00e7\u00e3o civil; e trabalhadores de transporte coletivo rodovi\u00e1rio ir\u00e3o seguir o crit\u00e9rio por faixa et\u00e1ria, ou seja, para receber a vacina devem ter 30 anos ou mais.<\/p>\n<p>Os profissionais da Sa\u00fade e da Educa\u00e7\u00e3o, com idade entre 18 e 59 anos, n\u00e3o precisam realizar agendamento e a vacina\u00e7\u00e3o acontece, exclusivamente, no Polo Univasf.<\/p>\n<p>Pessoas com comorbidades, gestantes, pu\u00e9rperas e ind\u00edgenas, entre 18 e 59 anos, assim como os idosos 60+, tamb\u00e9m n\u00e3o precisam realizar agendamento, a vacina acontece, exclusivamente, no Polo Sesc.<\/p>\n<p>Para receber o imunizante, al\u00e9m do agendamento, as pessoas precisam portar documento oficial com foto, CPF ou cart\u00e3o do SUS e comprovante de endere\u00e7o.<\/p>\n<p>No caso dos profissionais, \u00e9 necess\u00e1rio apresentar ainda o contracheque ou declara\u00e7\u00e3o de v\u00ednculo empregat\u00edcio. J\u00e1 as pessoas com comorbidades devem levar o laudo que comprove a doen\u00e7a.<\/p>\n<p>Fonte: Folha de Pernambuco<\/p>\n","protected":false},"excerpt":{"rendered":"<p>De acordo com a prefeitura, a imuniza\u00e7\u00e3o desse grupo acontecer\u00e1 entre ter\u00e7a-feira (3) e quinta-feira (5). A cidade de Petrolina, no Sert\u00e3o de Pernambuco, come\u00e7a a agendar a vacina\u00e7\u00e3o contra a Covid-19, nesta segunda-feira (2), da popula\u00e7\u00e3o em geral a partir dos 30 anos. De acordo com a prefeitura, a imuniza\u00e7\u00e3o desse grupo acontecer\u00e1 entre [&hellip;]<\/p>\n","protected":false},"author":1,"featured_media":0,"comment_status":"open","ping_status":"open","sticky":false,"template":"","format":"standard","meta":{"ocean_post_layout":"","ocean_both_sidebars_style":"","ocean_both_sidebars_content_width":0,"ocean_both_sidebars_sidebars_width":0,"ocean_sidebar":"","ocean_second_sidebar":"","ocean_disable_margins":"enable","ocean_add_body_class":"","ocean_shortcode_before_top_bar":"","ocean_shortcode_after_top_bar":"","ocean_shortcode_before_header":"","ocean_shortcode_after_header":"","ocean_has_shortcode":"","ocean_shortcode_after_title":"","ocean_shortcode_before_footer_widgets":"","ocean_shortcode_after_footer_widgets":"","ocean_shortcode_before_footer_bottom":"","ocean_shortcode_after_footer_bottom":"","ocean_display_top_bar":"default","ocean_display_header":"default","ocean_header_style":"","ocean_center_header_left_menu":"","ocean_custom_header_template":"","ocean_custom_logo":0,"ocean_custom_retina_logo":0,"ocean_custom_logo_max_width":0,"ocean_custom_logo_tablet_max_width":0,"ocean_custom_logo_mobile_max_width":0,"ocean_custom_logo_max_height":0,"ocean_custom_logo_tablet_max_height":0,"ocean_custom_logo_mobile_max_height":0,"ocean_header_custom_menu":"","ocean_menu_typo_font_family":"","ocean_menu_typo_font_subset":"","ocean_menu_typo_font_size":0,"ocean_menu_typo_font_size_tablet":0,"ocean_menu_typo_font_size_mobile":0,"ocean_menu_typo_font_size_unit":"px","ocean_menu_typo_font_weight":"","ocean_menu_typo_font_weight_tablet":"","ocean_menu_typo_font_weight_mobile":"","ocean_menu_typo_transform":"","ocean_menu_typo_transform_tablet":"","ocean_menu_typo_transform_mobile":"","ocean_menu_typo_line_height":0,"ocean_menu_typo_line_height_tablet":0,"ocean_menu_typo_line_height_mobile":0,"ocean_menu_typo_line_height_unit":"","ocean_menu_typo_spacing":0,"ocean_menu_typo_spacing_tablet":0,"ocean_menu_typo_spacing_mobile":0,"ocean_menu_typo_spacing_unit":"","ocean_menu_link_color":"","ocean_menu_link_color_hover":"","ocean_menu_link_color_active":"","ocean_menu_link_background":"","ocean_menu_link_hover_background":"","ocean_menu_link_active_background":"","ocean_menu_social_links_bg":"","ocean_menu_social_hover_links_bg":"","ocean_menu_social_links_color":"","ocean_menu_social_hover_links_color":"","ocean_disable_title":"default","ocean_disable_heading":"default","ocean_post_title":"","ocean_post_subheading":"","ocean_post_title_style":"","ocean_post_title_background_color":"","ocean_post_title_background":0,"ocean_post_title_bg_image_position":"","ocean_post_title_bg_image_attachment":"","ocean_post_title_bg_image_repeat":"","ocean_post_title_bg_image_size":"","ocean_post_title_height":0,"ocean_post_title_bg_overlay":0.5,"ocean_post_title_bg_overlay_color":"","ocean_disable_breadcrumbs":"default","ocean_breadcrumbs_color":"","ocean_breadcrumbs_separator_color":"","ocean_breadcrumbs_links_color":"","ocean_breadcrumbs_links_hover_color":"","ocean_display_footer_widgets":"default","ocean_display_footer_bottom":"default","ocean_custom_footer_template":"","ocean_post_oembed":"","ocean_post_self_hosted_media":"","ocean_post_video_embed":"","ocean_link_format":"","ocean_link_format_target":"self","ocean_quote_format":"","ocean_quote_format_link":"post","ocean_gallery_link_images":"on","ocean_gallery_id":[]},"categories":[9],"tags":[3847,1490,82,318],"acf":[],"_links":{"self":[{"href":"https:\/\/www.simepe.com.br\/novo\/wp-json\/wp\/v2\/posts\/60839"}],"collection":[{"href":"https:\/\/www.simepe.com.br\/novo\/wp-json\/wp\/v2\/posts"}],"about":[{"href":"https:\/\/www.simepe.com.br\/novo\/wp-json\/wp\/v2\/types\/post"}],"author":[{"embeddable":true,"href":"https:\/\/www.simepe.com.br\/novo\/wp-json\/wp\/v2\/users\/1"}],"replies":[{"embeddable":true,"href":"https:\/\/www.simepe.com.br\/novo\/wp-json\/wp\/v2\/comments?post=60839"}],"version-history":[{"count":1,"href":"https:\/\/www.simepe.com.br\/novo\/wp-json\/wp\/v2\/posts\/60839\/revisions"}],"predecessor-version":[{"id":60840,"href":"https:\/\/www.simepe.com.br\/novo\/wp-json\/wp\/v2\/posts\/60839\/revisions\/60840"}],"wp:attachment":[{"href":"https:\/\/www.simepe.com.br\/novo\/wp-json\/wp\/v2\/media?parent=60839"}],"wp:term":[{"taxonomy":"category","embeddable":true,"href":"https:\/\/www.simepe.com.br\/novo\/wp-json\/wp\/v2\/categories?post=60839"},{"taxonomy":"post_tag","embeddable":true,"href":"https:\/\/www.simepe.com.br\/novo\/wp-json\/wp\/v2\/tags?post=60839"}],"curies":[{"name":"wp","href":"https:\/\/api.w.org\/{rel}","templated":true}]}}