{"id":60848,"date":"2021-08-03T11:00:31","date_gmt":"2021-08-03T14:00:31","guid":{"rendered":"https:\/\/www.simepe.com.br\/novo\/?p=60848"},"modified":"2021-08-03T11:00:31","modified_gmt":"2021-08-03T14:00:31","slug":"recife-amplia-vacinacao-contra-a-covid-19-para-quem-tem-a-partir-de-23-anos-de-idade","status":"publish","type":"post","link":"https:\/\/www.simepe.com.br\/novo\/recife-amplia-vacinacao-contra-a-covid-19-para-quem-tem-a-partir-de-23-anos-de-idade\/","title":{"rendered":"Recife amplia vacina\u00e7\u00e3o contra a Covid-19 para quem tem a partir de 23 anos de idade"},"content":{"rendered":"<p style=\"text-align: justify;\">Segundo a prefeitura, agendamento para a nova faixa et\u00e1ria come\u00e7a \u00e0s 19h desta ter\u00e7a-feira (3), pela internet. Imuniza\u00e7\u00e3o da nova faixa et\u00e1ria come\u00e7a na quarta-feira (4).<\/p>\n<p style=\"text-align: justify;\">Pessoas com idades a partir de 23 anos podem agendar, a partir desta ter\u00e7a-feira (3), a vacina\u00e7\u00e3o contra a Covid-19 no Recife. De acordo com a prefeitura, todos os moradores da cidade com essa faixa et\u00e1ria podem se cadastrar para receber o imunizante. Isso representa cerca de 131 mil pessoas.<\/p>\n<p style=\"text-align: justify;\">O agendamento \u00e9 realizado por meio do site e aplicativo Conecta Recife, dispon\u00edvel na PlayStore, para Android, e AppStore, para quem utiliza o sistema iOS (saiba como fazer). A imuniza\u00e7\u00e3o da nova faixa et\u00e1ria, segundo a prefeitura, come\u00e7a na quarta-feira (4).<\/p>\n<p style=\"text-align: justify;\">\u00c9 preciso anexar, no ato do agendamento, uma c\u00f3pia de um documento oficial de identidade e um comprovante de resid\u00eancia no nome da pessoa que vai tomar a vacina. Essa documenta\u00e7\u00e3o tamb\u00e9m deve ser apresentada no dia agendado para vacina\u00e7\u00e3o.<\/p>\n<p style=\"text-align: justify;\">At\u00e9 esta ter\u00e7a-feira (3), 912.816 pessoas receberam ao menos uma dose de vacinas contra a Covid-19. Desse total, 417.507 completaram o esquema vacinal com as duas doses ou com a vacina de dose \u00fanica, da Janssen. A prefeitura informou que, na cidade, h\u00e1 1.237.614 adultos aptos a receber imunizantes contra a Covid-19.<\/p>\n<p style=\"text-align: justify;\"><strong>Onde se vacinar<\/strong><br \/>\nO Recife conta com 26 locais de vacina\u00e7\u00e3o, que funcionam de domingo a domingo, das 7h30 \u00e0s 18h30. Desse total, 12 funcionam com salas de vacina\u00e7\u00e3o em centros. Eles ficam nos seguintes locais:<\/p>\n<p style=\"text-align: justify;\">Sest Senat, no Porto da Madeira;<br \/>\nPorto Digital (Apolo 235), no bairro do Recife;<br \/>\nUnicap, na Boa Vista;<br \/>\nUniversidade Federal Rural de Pernambuco (UFRPE), em Dois Irm\u00e3os;<br \/>\nParque de Exposi\u00e7\u00e3o de Animais, no Cordeiro;<br \/>\nUnidade de Cuidados Integrais (UCIS) Guilherme Abath, Hip\u00f3dromo;<br \/>\nCompaz Ariano Suassuna, no Cordeiro;<br \/>\nGin\u00e1sio Gerald\u00e3o, na Imbiribeira;<br \/>\nDepartamento Nacional de Obras Contra as Secas (Dnocs), na Tamarineira;<br \/>\nParque da Macaxeira, na Macaxeira;<br \/>\nUPA-E do Ibura;<br \/>\nUniNassau, nas Gra\u00e7as.<\/p>\n<p style=\"text-align: justify;\">\nTamb\u00e9m existem 14 pontos para drive-trhu, em que as pessoas n\u00e3o precisam sair do carro para se vacinar. Eles ficam nos seguintes locais:<\/p>\n<p style=\"text-align: justify;\">Sest Senat, em Beberibe;<br \/>\nDepartamento Nacional de Obras Contra as Secas (Dnocs), na Tamarineira;<br \/>\nParque de Exposi\u00e7\u00e3o de Animais, no Cordeiro;<br \/>\nF\u00f3rum Ministro Artur Marinho &#8211; Justi\u00e7a Federal de Pernambuco (Avenida Recife), no Jiqui\u00e1;<br \/>\nUniversidade Federal Rural de Pernambuco (UFRPE), em Dois Irm\u00e3os;<br \/>\nJuizados Especiais do Recife, na Imbiribeira;<br \/>\nParque da Macaxeira, na Macaxeira;<br \/>\nGerald\u00e3o, na Imbiribeira;<br \/>\nUniversidade Federal de Pernambuco (UFPE), na Cidade Universit\u00e1ria;<br \/>\nTribunal Regional Federal da 5\u00aa Regi\u00e3o, no Bairro do Recife;<br \/>\nBIG Bompre\u00e7o de Boa Viagem;<br \/>\nBIG Bompre\u00e7o de Casa Forte;<br \/>\nUnicap, na Boa Vista;<br \/>\nCarrefour, na Torre.<\/p>\n<p style=\"text-align: justify;\">Fonte: G1<\/p>\n","protected":false},"excerpt":{"rendered":"<p>Segundo a prefeitura, agendamento para a nova faixa et\u00e1ria come\u00e7a \u00e0s 19h desta ter\u00e7a-feira (3), pela internet. Imuniza\u00e7\u00e3o da nova faixa et\u00e1ria come\u00e7a na quarta-feira (4). Pessoas com idades a partir de 23 anos podem agendar, a partir desta ter\u00e7a-feira (3), a vacina\u00e7\u00e3o contra a Covid-19 no Recife. De acordo com a prefeitura, todos os [&hellip;]<\/p>\n","protected":false},"author":1,"featured_media":0,"comment_status":"open","ping_status":"open","sticky":false,"template":"","format":"standard","meta":{"ocean_post_layout":"","ocean_both_sidebars_style":"","ocean_both_sidebars_content_width":0,"ocean_both_sidebars_sidebars_width":0,"ocean_sidebar":"","ocean_second_sidebar":"","ocean_disable_margins":"enable","ocean_add_body_class":"","ocean_shortcode_before_top_bar":"","ocean_shortcode_after_top_bar":"","ocean_shortcode_before_header":"","ocean_shortcode_after_header":"","ocean_has_shortcode":"","ocean_shortcode_after_title":"","ocean_shortcode_before_footer_widgets":"","ocean_shortcode_after_footer_widgets":"","ocean_shortcode_before_footer_bottom":"","ocean_shortcode_after_footer_bottom":"","ocean_display_top_bar":"default","ocean_display_header":"default","ocean_header_style":"","ocean_center_header_left_menu":"","ocean_custom_header_template":"","ocean_custom_logo":0,"ocean_custom_retina_logo":0,"ocean_custom_logo_max_width":0,"ocean_custom_logo_tablet_max_width":0,"ocean_custom_logo_mobile_max_width":0,"ocean_custom_logo_max_height":0,"ocean_custom_logo_tablet_max_height":0,"ocean_custom_logo_mobile_max_height":0,"ocean_header_custom_menu":"","ocean_menu_typo_font_family":"","ocean_menu_typo_font_subset":"","ocean_menu_typo_font_size":0,"ocean_menu_typo_font_size_tablet":0,"ocean_menu_typo_font_size_mobile":0,"ocean_menu_typo_font_size_unit":"px","ocean_menu_typo_font_weight":"","ocean_menu_typo_font_weight_tablet":"","ocean_menu_typo_font_weight_mobile":"","ocean_menu_typo_transform":"","ocean_menu_typo_transform_tablet":"","ocean_menu_typo_transform_mobile":"","ocean_menu_typo_line_height":0,"ocean_menu_typo_line_height_tablet":0,"ocean_menu_typo_line_height_mobile":0,"ocean_menu_typo_line_height_unit":"","ocean_menu_typo_spacing":0,"ocean_menu_typo_spacing_tablet":0,"ocean_menu_typo_spacing_mobile":0,"ocean_menu_typo_spacing_unit":"","ocean_menu_link_color":"","ocean_menu_link_color_hover":"","ocean_menu_link_color_active":"","ocean_menu_link_background":"","ocean_menu_link_hover_background":"","ocean_menu_link_active_background":"","ocean_menu_social_links_bg":"","ocean_menu_social_hover_links_bg":"","ocean_menu_social_links_color":"","ocean_menu_social_hover_links_color":"","ocean_disable_title":"default","ocean_disable_heading":"default","ocean_post_title":"","ocean_post_subheading":"","ocean_post_title_style":"","ocean_post_title_background_color":"","ocean_post_title_background":0,"ocean_post_title_bg_image_position":"","ocean_post_title_bg_image_attachment":"","ocean_post_title_bg_image_repeat":"","ocean_post_title_bg_image_size":"","ocean_post_title_height":0,"ocean_post_title_bg_overlay":0.5,"ocean_post_title_bg_overlay_color":"","ocean_disable_breadcrumbs":"default","ocean_breadcrumbs_color":"","ocean_breadcrumbs_separator_color":"","ocean_breadcrumbs_links_color":"","ocean_breadcrumbs_links_hover_color":"","ocean_display_footer_widgets":"default","ocean_display_footer_bottom":"default","ocean_custom_footer_template":"","ocean_post_oembed":"","ocean_post_self_hosted_media":"","ocean_post_video_embed":"","ocean_link_format":"","ocean_link_format_target":"self","ocean_quote_format":"","ocean_quote_format_link":"post","ocean_gallery_link_images":"on","ocean_gallery_id":[]},"categories":[9],"tags":[],"acf":[],"_links":{"self":[{"href":"https:\/\/www.simepe.com.br\/novo\/wp-json\/wp\/v2\/posts\/60848"}],"collection":[{"href":"https:\/\/www.simepe.com.br\/novo\/wp-json\/wp\/v2\/posts"}],"about":[{"href":"https:\/\/www.simepe.com.br\/novo\/wp-json\/wp\/v2\/types\/post"}],"author":[{"embeddable":true,"href":"https:\/\/www.simepe.com.br\/novo\/wp-json\/wp\/v2\/users\/1"}],"replies":[{"embeddable":true,"href":"https:\/\/www.simepe.com.br\/novo\/wp-json\/wp\/v2\/comments?post=60848"}],"version-history":[{"count":1,"href":"https:\/\/www.simepe.com.br\/novo\/wp-json\/wp\/v2\/posts\/60848\/revisions"}],"predecessor-version":[{"id":60849,"href":"https:\/\/www.simepe.com.br\/novo\/wp-json\/wp\/v2\/posts\/60848\/revisions\/60849"}],"wp:attachment":[{"href":"https:\/\/www.simepe.com.br\/novo\/wp-json\/wp\/v2\/media?parent=60848"}],"wp:term":[{"taxonomy":"category","embeddable":true,"href":"https:\/\/www.simepe.com.br\/novo\/wp-json\/wp\/v2\/categories?post=60848"},{"taxonomy":"post_tag","embeddable":true,"href":"https:\/\/www.simepe.com.br\/novo\/wp-json\/wp\/v2\/tags?post=60848"}],"curies":[{"name":"wp","href":"https:\/\/api.w.org\/{rel}","templated":true}]}}