{"id":60850,"date":"2021-08-03T11:10:58","date_gmt":"2021-08-03T14:10:58","guid":{"rendered":"https:\/\/www.simepe.com.br\/novo\/?p=60850"},"modified":"2021-08-03T11:10:58","modified_gmt":"2021-08-03T14:10:58","slug":"pais-supera-1-bilhao-de-tratamentos-medicos-parados-com-pandemia","status":"publish","type":"post","link":"https:\/\/www.simepe.com.br\/novo\/pais-supera-1-bilhao-de-tratamentos-medicos-parados-com-pandemia\/","title":{"rendered":"Pa\u00eds supera 1 bilh\u00e3o de tratamentos m\u00e9dicos parados com pandemia"},"content":{"rendered":"<p style=\"text-align: justify;\">Demanda reprimida de procedimentos ambulatoriais e hospitalares que deixaram de ser realizados no SUS acumula desde 2020<\/p>\n<p style=\"text-align: justify;\">O n\u00famero de procedimentos m\u00e9dicos n\u00e3o realizados j\u00e1 supera 1 bilh\u00e3o desde o in\u00edcio da pandemia de coronav\u00edrus no pa\u00eds, em mar\u00e7o do ano passado, na rede p\u00fablica de sa\u00fade do SUS. A estimativa \u00e9 do Conasems (Conselho Nacional das Secretarias Municipais de Sa\u00fade).<\/p>\n<p style=\"text-align: justify;\">Levantamento realizado em 2020 mostrou que at\u00e9 o fim de 2020 a demanda reprimida era de 1,1 bilh\u00e3o de tratamentos ambulatoriais e hospitalares que deixaram de ser realizados por causa da prioridade dos casos de covid-19. S\u00f3 na oncologia houve uma redu\u00e7\u00e3o de 60%.<\/p>\n<p style=\"text-align: justify;\">\u201cEstimamos que os procedimentos n\u00e3o realizados devam chegar a 1,6 bilh\u00e3o neste ano, j\u00e1 que o cen\u00e1rio da covid-19 se agravou nos primeiros meses de 2021&#8243;, afirmou Mauro Junqueira, secret\u00e1rio-executivo do Conasems. As cirurgias eletivas, aquelas que n\u00e3o s\u00e3o de urg\u00eancia, est\u00e3o suspensas, porque os medicamentes como relaxantes musculares, anest\u00e9sicos e bloqueadores s\u00e3o priorit\u00e1rios para uso dos pacientes de covid-19 internados nas UTIs.<\/p>\n<p style=\"text-align: justify;\">Junqueira explica que a partir do momento que houver uma maior diminui\u00e7\u00e3o de casos de interna\u00e7\u00e3o por covid-19, as atividades ser\u00e3o retomadas na rede de sa\u00fade. Segundo ele, a taxa de ocupa\u00e7\u00e3o nas UTIs ainda \u00e9 preocupante, na casa de 80%.<\/p>\n<p style=\"text-align: justify;\">&#8220;Quando for diminuindo a interna\u00e7\u00e3o e o n\u00famero de pacientes entubados, obviamente a gente vai ter a\u00ed uma quantidade de medicamentos dispon\u00edveis que poder\u00e3o ser utilizados nas cirurgias eletivas. Ent\u00e3o a retomada ser\u00e1 gradual dos atendimentos ambulatoriais e hospitalares&#8221;, diz Junqueira.<\/p>\n<p style=\"text-align: justify;\">Com isso, v\u00e3o voltar os tratamentos de preven\u00e7\u00e3o, como exames de mamografias e de rotina. A diariarista Neildes dos Santos Campo, de 59 anos, est\u00e1 preocupada com o retorno das atividades no SUS. Ela conseguiu fazer a mamografia de rotina em janeiro, no Hospital das Cl\u00ednicas, em S\u00e3o Paulo. Mas a consulta para avaliar o exame foi marcada s\u00f3 para dezembro. &#8220;Se tiver alguma coisa grave, estou perdida, porque o m\u00e9dico s\u00f3 vai ver o exame 11 meses depois de ter sido feito&#8221;, afirma.<\/p>\n<p style=\"text-align: justify;\"><strong>Retomada<\/strong><\/p>\n<p style=\"text-align: justify;\">A previs\u00e3o de retomada total, por\u00e9m, \u00e9 para o in\u00edcio do ano que vem. H\u00e1 regi\u00f5es que isso j\u00e1 est\u00e1 acontecendo, com porcentual de 10% a 30% da capacidade, mas de acordo com o cen\u00e1rio epidemiol\u00f3gico local.<\/p>\n<p style=\"text-align: justify;\">&#8220;O atendimento pleno s\u00f3 acontecer\u00e1 na hora que a gente tiver uma redu\u00e7\u00e3o muito mais forte do que tem hoje. E isso deve acontecer nos pr\u00f3ximos meses, at\u00e9 porque a gente est\u00e1 prevendo um avan\u00e7o muito grande da vacina, o que vai impactar as taxas de cont\u00e1gio e de interna\u00e7\u00e3o. Mas uma retomada de 100% deve acontecer s\u00f3 no in\u00edcio do ano que vem, quando tiver toda a popula\u00e7\u00e3o coberta pela vacina&#8221;, avalia Junqueira.<\/p>\n<p style=\"text-align: justify;\"><strong>Desafio<\/strong><\/p>\n<p style=\"text-align: justify;\">O ministro da Sa\u00fade, Marcelo Queiroga, ja afirmou que, a partir de um cen\u00e1rio epidemiol\u00f3gico mais favor\u00e1vel para o Brasil, a pasta j\u00e1 projeta outras a\u00e7\u00f5es de enfrentamento a problemas sanit\u00e1rios, como por exemplo as s\u00edndromes p\u00f3s-covid, o enfrentamento a doen\u00e7as prevalentes, como as cardiovasculares e de pacientes que necessitam de tratamento cir\u00fargico que est\u00e3o represados.<\/p>\n<p style=\"text-align: justify;\">&#8220;Temos um desafio muito grande pela frente, mas estamos confiantes em enfrentar todas essas dificuldades e ter um cen\u00e1rio sanit\u00e1rio mais tranquilo para que os brasileiros voltem a sorrir novamente&#8221;, disse o ministro em entrevista realizada neste m\u00eas.<\/p>\n<p style=\"text-align: justify;\"><strong>Mutir\u00f5es<\/strong><\/p>\n<p style=\"text-align: justify;\">Para o m\u00e9dico sanitarista Walter Cintra Ferreira Junior, professor do FGVSa\u00fade (Centro de Estudos em Planejamento e Gest\u00e3o em Sa\u00fade), o SUS ter\u00e1 que lidar com pacientes que apresentaram piora de seus quadros cl\u00ednicos durante o per\u00edodo da pandemia, al\u00e9m daqueles que j\u00e1 tinham dificuldades para realizar procedimentos especializados, consultas especializadas, cirurgias de m\u00e9dia e alta complexidade.<\/p>\n<p style=\"text-align: justify;\">&#8220;A demora para realizar tanto procedimentos diagn\u00f3sticos como terap\u00eauticos, embora n\u00e3o sejam situa\u00e7\u00e3o de urg\u00eancia ou emerg\u00eancia, pode levar a uma piora da doen\u00e7a do paciente e do progn\u00f3stico&#8221;, alerta Cintra.<\/p>\n<p style=\"text-align: justify;\">&#8220;Voc\u00ea tem as pessoas com doen\u00e7as cr\u00f4nicas que tiveram o acompanhamento prejudicado, como hipertensos, diab\u00e9ticos, mas que de alguma maneira conseguiram fazer tratamento usando o teleatendimento. De qualquer maneira, isso pode ter gerado um pior acompanhamento desses pacientes e uma eventual piora de seus quadros cl\u00ednicos&#8221;, avalia.<\/p>\n<p style=\"text-align: justify;\">Cintra lembra que o sistema j\u00e1 apresenta um importante estrangulamento em procedimentos especializados de m\u00e9dia e alta complexidade e, com a pandemia, isso certamente piorou. Ele acredita que ser\u00e1 necess\u00e1rio uma for\u00e7a-tarefa no sistema de sa\u00fade para identificar os pacientes, fazer triagem, reprioriza\u00e7\u00e3o de casos e criar condi\u00e7\u00f5es para eventualmente realizar mutir\u00f5es, al\u00e9m de mobilizar recursos.<\/p>\n<p style=\"text-align: justify;\"><strong>Rede privada<\/strong><\/p>\n<p style=\"text-align: justify;\">Com a queda de procedimentos eletivos, pela primeira vez a ANS (Ag\u00eancia Nacional de Sa\u00fade Suplementar) aprovou neste m\u00eas um reajuste negativo, de -8,19%, para os planos de sa\u00fade individuais. Segundo mapa assistencial, na cardiologia, os n\u00fameros mostram que as consultas ca\u00edram 23,4% e os exames holter 24h tiveram redu\u00e7\u00e3o de 19,5%. Na oncologia, exames de detec\u00e7\u00e3o precoce de c\u00e2ncer tamb\u00e9m ca\u00edram. As mamografias, por exemplo, tiveram uma redu\u00e7\u00e3o de 29,1%.<\/p>\n<p style=\"text-align: justify;\">&#8220;Se isso est\u00e1 acontecendo no sitema privado, imagina o impacto na rede p\u00fablica. Vamos precisar garantir mais dinheiro para SUS, que \u00e9 fundamental para o bem-estar do pa\u00eds. Se a gente n\u00e3o lutar para que isso seja adequadamente financiado para enfrentar essa situa\u00e7\u00e3o, ser\u00e1 uma barb\u00e1rie&#8221;, afirma Cintra.<\/p>\n<p style=\"text-align: justify;\">Fonte: R7<\/p>\n","protected":false},"excerpt":{"rendered":"<p>Demanda reprimida de procedimentos ambulatoriais e hospitalares que deixaram de ser realizados no SUS acumula desde 2020 O n\u00famero de procedimentos m\u00e9dicos n\u00e3o realizados j\u00e1 supera 1 bilh\u00e3o desde o in\u00edcio da pandemia de coronav\u00edrus no pa\u00eds, em mar\u00e7o do ano passado, na rede p\u00fablica de sa\u00fade do SUS. A estimativa \u00e9 do Conasems (Conselho [&hellip;]<\/p>\n","protected":false},"author":1,"featured_media":60851,"comment_status":"open","ping_status":"open","sticky":false,"template":"","format":"standard","meta":{"ocean_post_layout":"","ocean_both_sidebars_style":"","ocean_both_sidebars_content_width":0,"ocean_both_sidebars_sidebars_width":0,"ocean_sidebar":"","ocean_second_sidebar":"","ocean_disable_margins":"enable","ocean_add_body_class":"","ocean_shortcode_before_top_bar":"","ocean_shortcode_after_top_bar":"","ocean_shortcode_before_header":"","ocean_shortcode_after_header":"","ocean_has_shortcode":"","ocean_shortcode_after_title":"","ocean_shortcode_before_footer_widgets":"","ocean_shortcode_after_footer_widgets":"","ocean_shortcode_before_footer_bottom":"","ocean_shortcode_after_footer_bottom":"","ocean_display_top_bar":"default","ocean_display_header":"default","ocean_header_style":"","ocean_center_header_left_menu":"","ocean_custom_header_template":"","ocean_custom_logo":0,"ocean_custom_retina_logo":0,"ocean_custom_logo_max_width":0,"ocean_custom_logo_tablet_max_width":0,"ocean_custom_logo_mobile_max_width":0,"ocean_custom_logo_max_height":0,"ocean_custom_logo_tablet_max_height":0,"ocean_custom_logo_mobile_max_height":0,"ocean_header_custom_menu":"","ocean_menu_typo_font_family":"","ocean_menu_typo_font_subset":"","ocean_menu_typo_font_size":0,"ocean_menu_typo_font_size_tablet":0,"ocean_menu_typo_font_size_mobile":0,"ocean_menu_typo_font_size_unit":"px","ocean_menu_typo_font_weight":"","ocean_menu_typo_font_weight_tablet":"","ocean_menu_typo_font_weight_mobile":"","ocean_menu_typo_transform":"","ocean_menu_typo_transform_tablet":"","ocean_menu_typo_transform_mobile":"","ocean_menu_typo_line_height":0,"ocean_menu_typo_line_height_tablet":0,"ocean_menu_typo_line_height_mobile":0,"ocean_menu_typo_line_height_unit":"","ocean_menu_typo_spacing":0,"ocean_menu_typo_spacing_tablet":0,"ocean_menu_typo_spacing_mobile":0,"ocean_menu_typo_spacing_unit":"","ocean_menu_link_color":"","ocean_menu_link_color_hover":"","ocean_menu_link_color_active":"","ocean_menu_link_background":"","ocean_menu_link_hover_background":"","ocean_menu_link_active_background":"","ocean_menu_social_links_bg":"","ocean_menu_social_hover_links_bg":"","ocean_menu_social_links_color":"","ocean_menu_social_hover_links_color":"","ocean_disable_title":"default","ocean_disable_heading":"default","ocean_post_title":"","ocean_post_subheading":"","ocean_post_title_style":"","ocean_post_title_background_color":"","ocean_post_title_background":0,"ocean_post_title_bg_image_position":"","ocean_post_title_bg_image_attachment":"","ocean_post_title_bg_image_repeat":"","ocean_post_title_bg_image_size":"","ocean_post_title_height":0,"ocean_post_title_bg_overlay":0.5,"ocean_post_title_bg_overlay_color":"","ocean_disable_breadcrumbs":"default","ocean_breadcrumbs_color":"","ocean_breadcrumbs_separator_color":"","ocean_breadcrumbs_links_color":"","ocean_breadcrumbs_links_hover_color":"","ocean_display_footer_widgets":"default","ocean_display_footer_bottom":"default","ocean_custom_footer_template":"","ocean_post_oembed":"","ocean_post_self_hosted_media":"","ocean_post_video_embed":"","ocean_link_format":"","ocean_link_format_target":"self","ocean_quote_format":"","ocean_quote_format_link":"post","ocean_gallery_link_images":"on","ocean_gallery_id":[]},"categories":[9],"tags":[],"acf":[],"_links":{"self":[{"href":"https:\/\/www.simepe.com.br\/novo\/wp-json\/wp\/v2\/posts\/60850"}],"collection":[{"href":"https:\/\/www.simepe.com.br\/novo\/wp-json\/wp\/v2\/posts"}],"about":[{"href":"https:\/\/www.simepe.com.br\/novo\/wp-json\/wp\/v2\/types\/post"}],"author":[{"embeddable":true,"href":"https:\/\/www.simepe.com.br\/novo\/wp-json\/wp\/v2\/users\/1"}],"replies":[{"embeddable":true,"href":"https:\/\/www.simepe.com.br\/novo\/wp-json\/wp\/v2\/comments?post=60850"}],"version-history":[{"count":1,"href":"https:\/\/www.simepe.com.br\/novo\/wp-json\/wp\/v2\/posts\/60850\/revisions"}],"predecessor-version":[{"id":60852,"href":"https:\/\/www.simepe.com.br\/novo\/wp-json\/wp\/v2\/posts\/60850\/revisions\/60852"}],"wp:featuredmedia":[{"embeddable":true,"href":"https:\/\/www.simepe.com.br\/novo\/wp-json\/wp\/v2\/media\/60851"}],"wp:attachment":[{"href":"https:\/\/www.simepe.com.br\/novo\/wp-json\/wp\/v2\/media?parent=60850"}],"wp:term":[{"taxonomy":"category","embeddable":true,"href":"https:\/\/www.simepe.com.br\/novo\/wp-json\/wp\/v2\/categories?post=60850"},{"taxonomy":"post_tag","embeddable":true,"href":"https:\/\/www.simepe.com.br\/novo\/wp-json\/wp\/v2\/tags?post=60850"}],"curies":[{"name":"wp","href":"https:\/\/api.w.org\/{rel}","templated":true}]}}