{"id":60855,"date":"2021-08-03T11:15:05","date_gmt":"2021-08-03T14:15:05","guid":{"rendered":"https:\/\/www.simepe.com.br\/novo\/?p=60855"},"modified":"2021-08-03T11:15:20","modified_gmt":"2021-08-03T14:15:20","slug":"venda-de-antidepressivos-cresce-na-pandemia-e-liga-alerta-para-sofrimento-mental","status":"publish","type":"post","link":"https:\/\/www.simepe.com.br\/novo\/venda-de-antidepressivos-cresce-na-pandemia-e-liga-alerta-para-sofrimento-mental\/","title":{"rendered":"Venda de antidepressivos cresce na pandemia e liga alerta para sofrimento mental"},"content":{"rendered":"<p style=\"text-align: justify;\">A piora da sa\u00fade mental do brasileiro durante a pandemia de Covid-19 j\u00e1 \u00e9 sentida no balc\u00e3o das farm\u00e1cias: nos cinco primeiros meses do ano, houve aumento de 13% da venda de antidepressivos e estabilizadores de humor.<\/p>\n<p style=\"text-align: justify;\">Na pr\u00e1tica, foram quase 4,782 milh\u00f5es de unidades (c\u00e1psulas e comprimidos) vendidas a mais neste ano em rela\u00e7\u00e3o a igual per\u00edodo de 2020, segundo levantamento in\u00e9dito do CFF (Conselho Federal de Farm\u00e1cia), a partir de dados da consultoria IQVIA.<\/p>\n<p style=\"text-align: justify;\">O com\u00e9rcio dos medicamentos j\u00e1 tinha aumentado 17% em 2020 em compara\u00e7\u00e3o com 2019 -nos anos anteriores, a alta tinha sido de 12% (2019) e 9% (2018).<\/p>\n<p style=\"text-align: justify;\">Um outro relat\u00f3rio da mesma consultoria com o Sindusfarma (Sindicato da Ind\u00fastria de Produtos Farmac\u00eauticos) aponta um aumento de receita de 18,73% nas vendas dos tamb\u00e9m chamados medicamentos para o sistema nervoso central no primeiro semestre deste ano em rela\u00e7\u00e3o ao de 2020.<\/p>\n<p style=\"text-align: justify;\">Embora v\u00e1rias pesquisas indiquem aumento de doen\u00e7as mentais na pandemia, n\u00e3o h\u00e1 evid\u00eancias robustas sobre isso. Estudos epidemiol\u00f3gicos apontam que, no in\u00edcio da crise sanit\u00e1ria, houve ligeira subida, mas depois os n\u00fameros se mantiveram est\u00e1veis at\u00e9 o fim de 2020.<\/p>\n<p style=\"text-align: justify;\"><strong>O que explica, ent\u00e3o, esse aumento da venda de psicotr\u00f3picos?<\/strong><\/p>\n<p style=\"text-align: justify;\">Para o psiquiatra Rodrigo Martins Leite, do Instituto de Psiquiatria do Hospital das Cl\u00ednicas de S\u00e3o Paulo, \u00e9 fato que as pessoas est\u00e3o com n\u00edveis mais elevados de sofrimento mental. E, embora isso n\u00e3o se traduza automaticamente em doen\u00e7a psiqui\u00e1trica, elas querem uma alternativa para aliviar esses sintomas.<\/p>\n<p style=\"text-align: justify;\">&#8220;H\u00e1 muito diagn\u00f3stico falso-positivo. A pessoa chega com um certo n\u00famero de queixas e o m\u00e9dico j\u00e1 interpreta como um transtorno e introduz um f\u00e1rmaco. A gente [m\u00e9dico] tamb\u00e9m sofre uma press\u00e3o social para medicar. O cliente j\u00e1 vem procurando o rem\u00e9dio, e n\u00e3o orienta\u00e7\u00e3o sobre estilo de vida, medita\u00e7\u00e3o, psicoterapia.&#8221;<\/p>\n<p style=\"text-align: justify;\">No entanto, ele lembra que esse \u00e9 um retrato que espelha a realidade de parte da popula\u00e7\u00e3o, que tem acesso a um m\u00e9dico e condi\u00e7\u00f5es de comprar medicamentos.<\/p>\n<p style=\"text-align: justify;\">&#8220;Estudos americanos apontam que os brancos t\u00eam mais acesso a prescri\u00e7\u00f5es do que as popula\u00e7\u00f5es latinas, negras. O mesmo acontece aqui: a classe m\u00e9dia alta tendo acesso a essas prescri\u00e7\u00f5es e muitas pessoas do andar debaixo, mesmo precisando muito, sem acesso a elas.&#8221;<\/p>\n<p style=\"text-align: justify;\">A venda de psicotr\u00f3picos no pa\u00eds \u00e9 feita com apresenta\u00e7\u00e3o de prescri\u00e7\u00e3o m\u00e9dica, reten\u00e7\u00e3o da primeira via da receita e lan\u00e7amento no SNGPC (Sistema Nacional de Gerenciamento de Produtos Controlados).<\/p>\n<p style=\"text-align: justify;\">Para o farmac\u00eautico Wellington Barros, consultor do CFF e professor da Universidade Federal de Sergipe, a pandemia tem gerado muito sofrimento ps\u00edquico por fatores como o luto pela perda de familiares, o isolamento social e as sequelas p\u00f3s-Covid, a chamada Covid longa.<\/p>\n<p style=\"text-align: justify;\">Um estudo do Hospital das Cl\u00ednicas que acompanha um grupo de pacientes que estiveram internados por Covid-19 mostra que, nos seis primeiros meses de acompanhamento, 58,7% relatavam pelo menos um sintoma emocional ou cognitivo, como perda de mem\u00f3ria (42%), ins\u00f4nia (33%), ansiedade (31%) e depress\u00e3o (22%).<\/p>\n<p style=\"text-align: justify;\">&#8220;Temos visto tamb\u00e9m muita depress\u00e3o em jovens. Ela vinha crescendo antes da pandemia, mas agora aumentou mais ainda devido \u00e0 mudan\u00e7a brusca nos h\u00e1bitos dos adolescentes. Eles s\u00e3o muito greg\u00e1rios nessa fase da vida e, quando se viram isolados dos colegas e dos grupos, isso afetou muito a sa\u00fade mental.&#8221;<\/p>\n<p style=\"text-align: justify;\">Jos\u00e9 Ricardo Amadio, coordenador do grupo de trabalho sobre farm\u00e1cia comunit\u00e1ria do CFF, diz que, al\u00e9m dos jovens, chama a aten\u00e7\u00e3o um aumento do consumo de antidepressivos entre os idosos.<\/p>\n<p style=\"text-align: justify;\">Apesar de o levantamento n\u00e3o contemplar esse recorte et\u00e1rio, ele afirma que essa \u00e9 a percep\u00e7\u00e3o de quem est\u00e1 na linha de frente, atr\u00e1s do balc\u00e3o. &#8220;O paciente idoso sentiu muito a aus\u00eancia, a falta de conv\u00edvio com a fam\u00edlia.&#8221;<br \/>\nLeite e Barros refor\u00e7am, no entanto, que, embora as condi\u00e7\u00f5es impostas pela Covid-19 tenham exposto as pessoas a situa\u00e7\u00f5es de estresse extremo, nem tudo pode ser traduzido em doen\u00e7a mental.<\/p>\n<p style=\"text-align: justify;\">&#8220;Nem toda altera\u00e7\u00e3o no sono, nem todo sentimento de tristeza ou solid\u00e3o, ou mesmo o estresse, constituem, a priori, um transtorno em sa\u00fade mental pass\u00edvel de ser tratado com medicamentos&#8221;, diz Barros.<\/p>\n<p style=\"text-align: justify;\">O levantamento do CFF aponta importantes diferen\u00e7as regionais nas vendas de psicotr\u00f3picos no pa\u00eds. Acre, por exemplo, registrou o maior aumento, de 40%. Em igual per\u00edodo do ano passado, comparado a 2019, a alta tinha sido de 12%.<\/p>\n<p style=\"text-align: justify;\">Alagoas e Amazonas tiveram 34% e 31% de aumento de vendas, ante um crescimento anterior de 20% e 17%, respectivamente.<\/p>\n<p style=\"text-align: justify;\">&#8220;H\u00e1 um forte componente dos determinantes sociais de sa\u00fade [nessas diferen\u00e7as]. Em alguns estados, h\u00e1 uma rede mais organizada de assist\u00eancia do que em outros&#8221;, diz Wellington Barros.<\/p>\n<p style=\"text-align: justify;\">Para ele, o momento \u00e9 crucial porque est\u00e1 em curso uma tentativa de desmontar a pol\u00edtica mental no pa\u00eds que vigora desde a d\u00e9cada de 1990.<\/p>\n<p style=\"text-align: justify;\">&#8220;Est\u00e1 acontecendo um desmantelamento das estruturas de atendimento psicossocial no pa\u00eds em um momento em que elas se fazem ainda mais necess\u00e1rias para enfrentar esse momento da Covid e o p\u00f3s-Covid.&#8221;<\/p>\n<p style=\"text-align: justify;\">O Minist\u00e9rio da Sa\u00fade nega o desmantelamento e diz que a meta da revis\u00e3o da pol\u00edtica \u00e9 a de tornar a assist\u00eancia \u00e0 sa\u00fade mental mais acess\u00edvel e resolutiva.<\/p>\n<p style=\"text-align: justify;\">Neste m\u00eas, o Conselho Federal de Psicologia lan\u00e7ou o site &#8220;Sa\u00fade Mental e Covid-19&#8221; em parceria com oito entidades de profissionais da \u00e1rea, pesquisadores e gestores p\u00fablicos de sa\u00fade.<\/p>\n<p style=\"text-align: justify;\">A proposta do site \u00e9 tornar-se uma ferramenta que re\u00fana em um s\u00f3 lugar diversas informa\u00e7\u00f5es, como not\u00edcias, cursos, pesquisas e legisla\u00e7\u00f5es, sobre sa\u00fade mental durante a pandemia.<\/p>\n<p style=\"text-align: justify;\">Para Ricardo Gorayeb, presidente da SBP (Sociedade Brasileira de Psicologia), do ponto de vista da sa\u00fade mental na pandemia, \u00e9 poss\u00edvel que outras ondas de dist\u00farbios estejam por vir.<\/p>\n<p style=\"text-align: justify;\">&#8220;Tivemos dist\u00farbios psicol\u00f3gicos dos profissionais da linha de frente, das fam\u00edlias trancadas em casa, mas vai haver uma terceira onda de estresse p\u00f3s-traum\u00e1tico que, n\u00f3s profissionais da sa\u00fade mental, teremos que estar preparados para enfrentar&#8221;, disse ele, durante live de lan\u00e7amento do site no \u00faltimo dia 16.<\/p>\n<p style=\"text-align: justify;\">Fonte: Folha de Pernambuco<\/p>\n","protected":false},"excerpt":{"rendered":"<p>A piora da sa\u00fade mental do brasileiro durante a pandemia de Covid-19 j\u00e1 \u00e9 sentida no balc\u00e3o das farm\u00e1cias: nos cinco primeiros meses do ano, houve aumento de 13% da venda de antidepressivos e estabilizadores de humor. Na pr\u00e1tica, foram quase 4,782 milh\u00f5es de unidades (c\u00e1psulas e comprimidos) vendidas a mais neste ano em rela\u00e7\u00e3o [&hellip;]<\/p>\n","protected":false},"author":1,"featured_media":60856,"comment_status":"open","ping_status":"open","sticky":false,"template":"","format":"standard","meta":{"ocean_post_layout":"","ocean_both_sidebars_style":"","ocean_both_sidebars_content_width":0,"ocean_both_sidebars_sidebars_width":0,"ocean_sidebar":"","ocean_second_sidebar":"","ocean_disable_margins":"enable","ocean_add_body_class":"","ocean_shortcode_before_top_bar":"","ocean_shortcode_after_top_bar":"","ocean_shortcode_before_header":"","ocean_shortcode_after_header":"","ocean_has_shortcode":"","ocean_shortcode_after_title":"","ocean_shortcode_before_footer_widgets":"","ocean_shortcode_after_footer_widgets":"","ocean_shortcode_before_footer_bottom":"","ocean_shortcode_after_footer_bottom":"","ocean_display_top_bar":"default","ocean_display_header":"default","ocean_header_style":"","ocean_center_header_left_menu":"","ocean_custom_header_template":"","ocean_custom_logo":0,"ocean_custom_retina_logo":0,"ocean_custom_logo_max_width":0,"ocean_custom_logo_tablet_max_width":0,"ocean_custom_logo_mobile_max_width":0,"ocean_custom_logo_max_height":0,"ocean_custom_logo_tablet_max_height":0,"ocean_custom_logo_mobile_max_height":0,"ocean_header_custom_menu":"","ocean_menu_typo_font_family":"","ocean_menu_typo_font_subset":"","ocean_menu_typo_font_size":0,"ocean_menu_typo_font_size_tablet":0,"ocean_menu_typo_font_size_mobile":0,"ocean_menu_typo_font_size_unit":"px","ocean_menu_typo_font_weight":"","ocean_menu_typo_font_weight_tablet":"","ocean_menu_typo_font_weight_mobile":"","ocean_menu_typo_transform":"","ocean_menu_typo_transform_tablet":"","ocean_menu_typo_transform_mobile":"","ocean_menu_typo_line_height":0,"ocean_menu_typo_line_height_tablet":0,"ocean_menu_typo_line_height_mobile":0,"ocean_menu_typo_line_height_unit":"","ocean_menu_typo_spacing":0,"ocean_menu_typo_spacing_tablet":0,"ocean_menu_typo_spacing_mobile":0,"ocean_menu_typo_spacing_unit":"","ocean_menu_link_color":"","ocean_menu_link_color_hover":"","ocean_menu_link_color_active":"","ocean_menu_link_background":"","ocean_menu_link_hover_background":"","ocean_menu_link_active_background":"","ocean_menu_social_links_bg":"","ocean_menu_social_hover_links_bg":"","ocean_menu_social_links_color":"","ocean_menu_social_hover_links_color":"","ocean_disable_title":"default","ocean_disable_heading":"default","ocean_post_title":"","ocean_post_subheading":"","ocean_post_title_style":"","ocean_post_title_background_color":"","ocean_post_title_background":0,"ocean_post_title_bg_image_position":"","ocean_post_title_bg_image_attachment":"","ocean_post_title_bg_image_repeat":"","ocean_post_title_bg_image_size":"","ocean_post_title_height":0,"ocean_post_title_bg_overlay":0.5,"ocean_post_title_bg_overlay_color":"","ocean_disable_breadcrumbs":"default","ocean_breadcrumbs_color":"","ocean_breadcrumbs_separator_color":"","ocean_breadcrumbs_links_color":"","ocean_breadcrumbs_links_hover_color":"","ocean_display_footer_widgets":"default","ocean_display_footer_bottom":"default","ocean_custom_footer_template":"","ocean_post_oembed":"","ocean_post_self_hosted_media":"","ocean_post_video_embed":"","ocean_link_format":"","ocean_link_format_target":"self","ocean_quote_format":"","ocean_quote_format_link":"post","ocean_gallery_link_images":"on","ocean_gallery_id":[]},"categories":[9],"tags":[],"acf":[],"_links":{"self":[{"href":"https:\/\/www.simepe.com.br\/novo\/wp-json\/wp\/v2\/posts\/60855"}],"collection":[{"href":"https:\/\/www.simepe.com.br\/novo\/wp-json\/wp\/v2\/posts"}],"about":[{"href":"https:\/\/www.simepe.com.br\/novo\/wp-json\/wp\/v2\/types\/post"}],"author":[{"embeddable":true,"href":"https:\/\/www.simepe.com.br\/novo\/wp-json\/wp\/v2\/users\/1"}],"replies":[{"embeddable":true,"href":"https:\/\/www.simepe.com.br\/novo\/wp-json\/wp\/v2\/comments?post=60855"}],"version-history":[{"count":3,"href":"https:\/\/www.simepe.com.br\/novo\/wp-json\/wp\/v2\/posts\/60855\/revisions"}],"predecessor-version":[{"id":60859,"href":"https:\/\/www.simepe.com.br\/novo\/wp-json\/wp\/v2\/posts\/60855\/revisions\/60859"}],"wp:featuredmedia":[{"embeddable":true,"href":"https:\/\/www.simepe.com.br\/novo\/wp-json\/wp\/v2\/media\/60856"}],"wp:attachment":[{"href":"https:\/\/www.simepe.com.br\/novo\/wp-json\/wp\/v2\/media?parent=60855"}],"wp:term":[{"taxonomy":"category","embeddable":true,"href":"https:\/\/www.simepe.com.br\/novo\/wp-json\/wp\/v2\/categories?post=60855"},{"taxonomy":"post_tag","embeddable":true,"href":"https:\/\/www.simepe.com.br\/novo\/wp-json\/wp\/v2\/tags?post=60855"}],"curies":[{"name":"wp","href":"https:\/\/api.w.org\/{rel}","templated":true}]}}