{"id":60873,"date":"2021-08-04T15:26:09","date_gmt":"2021-08-04T18:26:09","guid":{"rendered":"https:\/\/www.simepe.com.br\/novo\/?p=60873"},"modified":"2021-08-06T17:56:56","modified_gmt":"2021-08-06T20:56:56","slug":"simepe-e-medicos-vasculares-do-hgv-relatam-acumulo-de-problemas-e-cobram-resolutividade-dos-gestores","status":"publish","type":"post","link":"https:\/\/www.simepe.com.br\/novo\/simepe-e-medicos-vasculares-do-hgv-relatam-acumulo-de-problemas-e-cobram-resolutividade-dos-gestores\/","title":{"rendered":"Simepe e m\u00e9dicos vasculares do HGV relatam ac\u00famulo de problemas e cobram resolutividade dos gestores"},"content":{"rendered":"<p style=\"text-align: justify;\">Atrav\u00e9s de videoconfer\u00eancia, o vice-presidente do Sindicato dos M\u00e9dicos de Pernambuco (Simepe), Walber Steffano, os diretores M\u00e1rio Jorge Lobo, Ana Carolina Tabosa, Eraldo Arraes, Fernando J\u00fanior e Robson Miranda, al\u00e9m do conselheiro do Cremepe, Carlos Eduardo Cunha, e do advogado da Defensoria M\u00e9dica, Diego Galdino, reuniram-se na noite desta ter\u00e7a-feira (03), com os m\u00e9dicos vasculares plantonistas do Hospital Get\u00falio Vargas (HVG).<\/p>\n<p style=\"text-align: justify;\">Com qu\u00f3rum bastante expressivo, os profissionais apresentaram um censo da situa\u00e7\u00e3o, documento este j\u00e1 encaminhado \u00e0 dire\u00e7\u00e3o do HGV, com o fluxo de pacientes, entrada pela urg\u00eancia, atendimentos na sala vermelha e COVID-19, transfer\u00eancias por especialidades, entre outras demandas. Eles pontuaram que existe alta entrada por baixa de sa\u00edda de pacientes no setor. O clima \u00e9 de insatisfa\u00e7\u00e3o. Os m\u00e9dicos vasculares reclamaram da sobrecarga no servi\u00e7o, necessidade urgente de adequa\u00e7\u00f5es nos fluxos de atendimentos, melhorias nas condi\u00e7\u00f5es de trabalho, falta de insumos e materiais, al\u00e9m da recomposi\u00e7\u00e3o das escalas dos plant\u00f5es, com a convoca\u00e7\u00e3o dos aprovados em concurso p\u00fablico para completarem o quadro da especialidade.<\/p>\n<p style=\"text-align: justify;\">Durante a reuni\u00e3o, os representantes do Simepe, Walber Steffano (vice-presidente) e M\u00e1rio Jorge (diretor administrativo), enfatizaram o compromisso e apoio permanente \u00e0 categoria diante da grave situa\u00e7\u00e3o; al\u00e9m disso, ressaltaram que os problemas acumulados ao longo dos \u00faltimos meses, est\u00e3o trazendo in\u00fameras dificuldades no atendimento di\u00e1rio dos pacientes e na qualidade da assist\u00eancia.<\/p>\n<p style=\"text-align: justify;\"><a href=\"https:\/\/www.simepe.com.br\/novo\/wp-content\/uploads\/2021\/08\/image-7.png\" rel=\"attachment wp-att-60875\"><img fetchpriority=\"high\" class=\"aligncenter size-full wp-image-60875\" src=\"https:\/\/www.simepe.com.br\/novo\/wp-content\/uploads\/2021\/08\/image-7.png\" alt=\"image (7)\" width=\"362\" height=\"493\" srcset=\"https:\/\/www.simepe.com.br\/novo\/wp-content\/uploads\/2021\/08\/image-7.png 362w, https:\/\/www.simepe.com.br\/novo\/wp-content\/uploads\/2021\/08\/image-7-220x300.png 220w\" sizes=\"(max-width: 362px) 100vw, 362px\" \/><\/a><\/p>\n<p style=\"text-align: justify;\">Ao final da reuni\u00e3o, foram aprovadas as seguintes delibera\u00e7\u00f5es: divulga\u00e7\u00e3o de carta aberta \u00e0 popula\u00e7\u00e3o, relatando todos os problemas e dificuldades da especialidade; of\u00edcios ao CAOP Sa\u00fade\/MPPE e ao Cremepe, refor\u00e7ando as den\u00fancias dos profissionais e cobran\u00e7a de medidas; intensificar o movimento da categoria, atrav\u00e9s de assinatura de documento expressando a inten\u00e7\u00e3o de pedido de demiss\u00e3o dos servi\u00e7os; solicita\u00e7\u00e3o de provid\u00eancias e resolutividade \u00e0 Secretaria Estadual de Sa\u00fade (SES), com o refor\u00e7o imediato das escalas de plant\u00e3o; amplia\u00e7\u00e3o dos leitos, da capacidade cir\u00fargica e de leitos de retaguarda.<\/p>\n<p style=\"text-align: justify;\">A entidade assegura que seguir\u00e1 vigilante e continuar\u00e1 o di\u00e1logo com os gestores p\u00fablicos da sa\u00fade, cujo objetivo \u00e9 garantir as condi\u00e7\u00f5es adequadas de trabalho e dignidade profissional, bem como a assist\u00eancia de qualidade \u00e0 popula\u00e7\u00e3o.<\/p>\n","protected":false},"excerpt":{"rendered":"<p>Atrav\u00e9s de videoconfer\u00eancia, o vice-presidente do Sindicato dos M\u00e9dicos de Pernambuco (Simepe), Walber Steffano, os diretores M\u00e1rio Jorge Lobo, Ana Carolina Tabosa, Eraldo Arraes, Fernando J\u00fanior e Robson Miranda, al\u00e9m do conselheiro do Cremepe, Carlos Eduardo Cunha, e do advogado da Defensoria M\u00e9dica, Diego Galdino, reuniram-se na noite desta ter\u00e7a-feira (03), com os m\u00e9dicos vasculares [&hellip;]<\/p>\n","protected":false},"author":1,"featured_media":60874,"comment_status":"open","ping_status":"open","sticky":false,"template":"","format":"standard","meta":{"ocean_post_layout":"","ocean_both_sidebars_style":"","ocean_both_sidebars_content_width":0,"ocean_both_sidebars_sidebars_width":0,"ocean_sidebar":"","ocean_second_sidebar":"","ocean_disable_margins":"enable","ocean_add_body_class":"","ocean_shortcode_before_top_bar":"","ocean_shortcode_after_top_bar":"","ocean_shortcode_before_header":"","ocean_shortcode_after_header":"","ocean_has_shortcode":"","ocean_shortcode_after_title":"","ocean_shortcode_before_footer_widgets":"","ocean_shortcode_after_footer_widgets":"","ocean_shortcode_before_footer_bottom":"","ocean_shortcode_after_footer_bottom":"","ocean_display_top_bar":"default","ocean_display_header":"default","ocean_header_style":"","ocean_center_header_left_menu":"","ocean_custom_header_template":"","ocean_custom_logo":0,"ocean_custom_retina_logo":0,"ocean_custom_logo_max_width":0,"ocean_custom_logo_tablet_max_width":0,"ocean_custom_logo_mobile_max_width":0,"ocean_custom_logo_max_height":0,"ocean_custom_logo_tablet_max_height":0,"ocean_custom_logo_mobile_max_height":0,"ocean_header_custom_menu":"","ocean_menu_typo_font_family":"","ocean_menu_typo_font_subset":"","ocean_menu_typo_font_size":0,"ocean_menu_typo_font_size_tablet":0,"ocean_menu_typo_font_size_mobile":0,"ocean_menu_typo_font_size_unit":"px","ocean_menu_typo_font_weight":"","ocean_menu_typo_font_weight_tablet":"","ocean_menu_typo_font_weight_mobile":"","ocean_menu_typo_transform":"","ocean_menu_typo_transform_tablet":"","ocean_menu_typo_transform_mobile":"","ocean_menu_typo_line_height":0,"ocean_menu_typo_line_height_tablet":0,"ocean_menu_typo_line_height_mobile":0,"ocean_menu_typo_line_height_unit":"","ocean_menu_typo_spacing":0,"ocean_menu_typo_spacing_tablet":0,"ocean_menu_typo_spacing_mobile":0,"ocean_menu_typo_spacing_unit":"","ocean_menu_link_color":"","ocean_menu_link_color_hover":"","ocean_menu_link_color_active":"","ocean_menu_link_background":"","ocean_menu_link_hover_background":"","ocean_menu_link_active_background":"","ocean_menu_social_links_bg":"","ocean_menu_social_hover_links_bg":"","ocean_menu_social_links_color":"","ocean_menu_social_hover_links_color":"","ocean_disable_title":"default","ocean_disable_heading":"default","ocean_post_title":"","ocean_post_subheading":"","ocean_post_title_style":"","ocean_post_title_background_color":"","ocean_post_title_background":0,"ocean_post_title_bg_image_position":"","ocean_post_title_bg_image_attachment":"","ocean_post_title_bg_image_repeat":"","ocean_post_title_bg_image_size":"","ocean_post_title_height":0,"ocean_post_title_bg_overlay":0.5,"ocean_post_title_bg_overlay_color":"","ocean_disable_breadcrumbs":"default","ocean_breadcrumbs_color":"","ocean_breadcrumbs_separator_color":"","ocean_breadcrumbs_links_color":"","ocean_breadcrumbs_links_hover_color":"","ocean_display_footer_widgets":"default","ocean_display_footer_bottom":"default","ocean_custom_footer_template":"","ocean_post_oembed":"","ocean_post_self_hosted_media":"","ocean_post_video_embed":"","ocean_link_format":"","ocean_link_format_target":"self","ocean_quote_format":"","ocean_quote_format_link":"post","ocean_gallery_link_images":"on","ocean_gallery_id":[]},"categories":[1],"tags":[],"acf":[],"_links":{"self":[{"href":"https:\/\/www.simepe.com.br\/novo\/wp-json\/wp\/v2\/posts\/60873"}],"collection":[{"href":"https:\/\/www.simepe.com.br\/novo\/wp-json\/wp\/v2\/posts"}],"about":[{"href":"https:\/\/www.simepe.com.br\/novo\/wp-json\/wp\/v2\/types\/post"}],"author":[{"embeddable":true,"href":"https:\/\/www.simepe.com.br\/novo\/wp-json\/wp\/v2\/users\/1"}],"replies":[{"embeddable":true,"href":"https:\/\/www.simepe.com.br\/novo\/wp-json\/wp\/v2\/comments?post=60873"}],"version-history":[{"count":5,"href":"https:\/\/www.simepe.com.br\/novo\/wp-json\/wp\/v2\/posts\/60873\/revisions"}],"predecessor-version":[{"id":60883,"href":"https:\/\/www.simepe.com.br\/novo\/wp-json\/wp\/v2\/posts\/60873\/revisions\/60883"}],"wp:featuredmedia":[{"embeddable":true,"href":"https:\/\/www.simepe.com.br\/novo\/wp-json\/wp\/v2\/media\/60874"}],"wp:attachment":[{"href":"https:\/\/www.simepe.com.br\/novo\/wp-json\/wp\/v2\/media?parent=60873"}],"wp:term":[{"taxonomy":"category","embeddable":true,"href":"https:\/\/www.simepe.com.br\/novo\/wp-json\/wp\/v2\/categories?post=60873"},{"taxonomy":"post_tag","embeddable":true,"href":"https:\/\/www.simepe.com.br\/novo\/wp-json\/wp\/v2\/tags?post=60873"}],"curies":[{"name":"wp","href":"https:\/\/api.w.org\/{rel}","templated":true}]}}