{"id":60886,"date":"2021-08-06T10:17:47","date_gmt":"2021-08-06T13:17:47","guid":{"rendered":"https:\/\/www.simepe.com.br\/novo\/?p=60886"},"modified":"2021-08-06T10:17:47","modified_gmt":"2021-08-06T13:17:47","slug":"baixa-procura-de-jovens-com-menos-de-30-anos-por-vacina-e-aumento-de-internacoes-preocupa-governo","status":"publish","type":"post","link":"https:\/\/www.simepe.com.br\/novo\/baixa-procura-de-jovens-com-menos-de-30-anos-por-vacina-e-aumento-de-internacoes-preocupa-governo\/","title":{"rendered":"Baixa procura de jovens com menos de 30 anos por vacina e aumento de interna\u00e7\u00f5es preocupa governo"},"content":{"rendered":"<p>O secret\u00e1rio estadual de Sa\u00fade de Pernambuco, Andr\u00e9 Longo, afirmou estar preocupado com a baixa procura pela vacina contra a Covid-19 entre os jovens pernambucanos com menos de 30 anos.<\/p>\n<p>A declara\u00e7\u00e3o do gestor foi dada em coletiva de imprensa nessa quinta-feira (5), em que o governo anunciou <a href=\"https:\/\/www.folhape.com.br\/economia\/pernambuco-anuncia-novas-flexibilizacoes-no-plano-de-convivencia-com-a\/192797\/\" target=\"_blank\"><strong>novas flexibiliza\u00e7\u00f5es do Plano de Conviv\u00eancia com a Covid-19<\/strong><\/a>, como a amplia\u00e7\u00e3o do hor\u00e1rio de todas as atividades at\u00e9 meia-noite.<\/p>\n<p>&#8220;Tem nos preocupado especialmente informa\u00e7\u00f5es de uma baixa procura\u00a0pela vacina entre os menores de 30 anos. Queremos lembrar mais uma vez que o jovem n\u00e3o \u00e9 imune ao v\u00edrus e temos visto crescer o n\u00famero de pessoas de 20 a 29 anos de forma proporcional internadas ao ano passado internadas em leito\u00a0de UTI&#8221;, ponderou Longo.<\/p>\n<p>Alguns munic\u00edpios pernambucanos j\u00e1 vacinam adultos jovens com menos de 30 anos. O Recife, por exemplo, ampliou a campanha de imuniza\u00e7\u00e3o esta semana para pessoas a partir de 23 anos.<\/p>\n<p>Em Olinda e Jaboat\u00e3o dos Guararapes, ambas na Regi\u00e3o Metropolitana do Recife, a vacina\u00e7\u00e3o est\u00e1 liberada para a popula\u00e7\u00e3o com 27 anos ou mais.<\/p>\n<p>De acordo com Andr\u00e9 Longo, atualmente, a rede p\u00fablica de sa\u00fade tem 590 pacientes internados em leitos de unidade de terapia intensiva, menor patamar registrado em 2021 e o mais baixo desde o final de outubro do ano passado.<\/p>\n<p>O secret\u00e1rio refor\u00e7ou ainda que os indicadores positivos que permite avan\u00e7os no Plano de Conviv\u00eancia s\u00e3o fruto e esfor\u00e7o coletivo que n\u00e3o pode ser colocado em risco pelo descuido e pela falta do senso de coletividade.<\/p>\n<p>&#8220;Enquanto o v\u00edrus continuar circulando em nosso Estado, teremos que manter os cuidados para evitar o cont\u00e1gio. Se n\u00e3o quisermos enfrentar uma nova onda com aumento nos casos graves e nas mortes, que v\u00e3o impor a necessidade de novas restri\u00e7\u00f5es, precisamos refor\u00e7ar as medidas de preven\u00e7\u00e3o&#8221;, frisou o secret\u00e1rio.<\/p>\n<p>Fonte: Folha de Pernambuco<\/p>\n","protected":false},"excerpt":{"rendered":"<p>O secret\u00e1rio estadual de Sa\u00fade de Pernambuco, Andr\u00e9 Longo, afirmou estar preocupado com a baixa procura pela vacina contra a Covid-19 entre os jovens pernambucanos com menos de 30 anos. A declara\u00e7\u00e3o do gestor foi dada em coletiva de imprensa nessa quinta-feira (5), em que o governo anunciou novas flexibiliza\u00e7\u00f5es do Plano de Conviv\u00eancia com [&hellip;]<\/p>\n","protected":false},"author":1,"featured_media":0,"comment_status":"open","ping_status":"open","sticky":false,"template":"","format":"standard","meta":{"ocean_post_layout":"","ocean_both_sidebars_style":"","ocean_both_sidebars_content_width":0,"ocean_both_sidebars_sidebars_width":0,"ocean_sidebar":"","ocean_second_sidebar":"","ocean_disable_margins":"enable","ocean_add_body_class":"","ocean_shortcode_before_top_bar":"","ocean_shortcode_after_top_bar":"","ocean_shortcode_before_header":"","ocean_shortcode_after_header":"","ocean_has_shortcode":"","ocean_shortcode_after_title":"","ocean_shortcode_before_footer_widgets":"","ocean_shortcode_after_footer_widgets":"","ocean_shortcode_before_footer_bottom":"","ocean_shortcode_after_footer_bottom":"","ocean_display_top_bar":"default","ocean_display_header":"default","ocean_header_style":"","ocean_center_header_left_menu":"","ocean_custom_header_template":"","ocean_custom_logo":0,"ocean_custom_retina_logo":0,"ocean_custom_logo_max_width":0,"ocean_custom_logo_tablet_max_width":0,"ocean_custom_logo_mobile_max_width":0,"ocean_custom_logo_max_height":0,"ocean_custom_logo_tablet_max_height":0,"ocean_custom_logo_mobile_max_height":0,"ocean_header_custom_menu":"","ocean_menu_typo_font_family":"","ocean_menu_typo_font_subset":"","ocean_menu_typo_font_size":0,"ocean_menu_typo_font_size_tablet":0,"ocean_menu_typo_font_size_mobile":0,"ocean_menu_typo_font_size_unit":"px","ocean_menu_typo_font_weight":"","ocean_menu_typo_font_weight_tablet":"","ocean_menu_typo_font_weight_mobile":"","ocean_menu_typo_transform":"","ocean_menu_typo_transform_tablet":"","ocean_menu_typo_transform_mobile":"","ocean_menu_typo_line_height":0,"ocean_menu_typo_line_height_tablet":0,"ocean_menu_typo_line_height_mobile":0,"ocean_menu_typo_line_height_unit":"","ocean_menu_typo_spacing":0,"ocean_menu_typo_spacing_tablet":0,"ocean_menu_typo_spacing_mobile":0,"ocean_menu_typo_spacing_unit":"","ocean_menu_link_color":"","ocean_menu_link_color_hover":"","ocean_menu_link_color_active":"","ocean_menu_link_background":"","ocean_menu_link_hover_background":"","ocean_menu_link_active_background":"","ocean_menu_social_links_bg":"","ocean_menu_social_hover_links_bg":"","ocean_menu_social_links_color":"","ocean_menu_social_hover_links_color":"","ocean_disable_title":"default","ocean_disable_heading":"default","ocean_post_title":"","ocean_post_subheading":"","ocean_post_title_style":"","ocean_post_title_background_color":"","ocean_post_title_background":0,"ocean_post_title_bg_image_position":"","ocean_post_title_bg_image_attachment":"","ocean_post_title_bg_image_repeat":"","ocean_post_title_bg_image_size":"","ocean_post_title_height":0,"ocean_post_title_bg_overlay":0.5,"ocean_post_title_bg_overlay_color":"","ocean_disable_breadcrumbs":"default","ocean_breadcrumbs_color":"","ocean_breadcrumbs_separator_color":"","ocean_breadcrumbs_links_color":"","ocean_breadcrumbs_links_hover_color":"","ocean_display_footer_widgets":"default","ocean_display_footer_bottom":"default","ocean_custom_footer_template":"","ocean_post_oembed":"","ocean_post_self_hosted_media":"","ocean_post_video_embed":"","ocean_link_format":"","ocean_link_format_target":"self","ocean_quote_format":"","ocean_quote_format_link":"post","ocean_gallery_link_images":"on","ocean_gallery_id":[]},"categories":[9],"tags":[3847,1490,82,318],"acf":[],"_links":{"self":[{"href":"https:\/\/www.simepe.com.br\/novo\/wp-json\/wp\/v2\/posts\/60886"}],"collection":[{"href":"https:\/\/www.simepe.com.br\/novo\/wp-json\/wp\/v2\/posts"}],"about":[{"href":"https:\/\/www.simepe.com.br\/novo\/wp-json\/wp\/v2\/types\/post"}],"author":[{"embeddable":true,"href":"https:\/\/www.simepe.com.br\/novo\/wp-json\/wp\/v2\/users\/1"}],"replies":[{"embeddable":true,"href":"https:\/\/www.simepe.com.br\/novo\/wp-json\/wp\/v2\/comments?post=60886"}],"version-history":[{"count":1,"href":"https:\/\/www.simepe.com.br\/novo\/wp-json\/wp\/v2\/posts\/60886\/revisions"}],"predecessor-version":[{"id":60887,"href":"https:\/\/www.simepe.com.br\/novo\/wp-json\/wp\/v2\/posts\/60886\/revisions\/60887"}],"wp:attachment":[{"href":"https:\/\/www.simepe.com.br\/novo\/wp-json\/wp\/v2\/media?parent=60886"}],"wp:term":[{"taxonomy":"category","embeddable":true,"href":"https:\/\/www.simepe.com.br\/novo\/wp-json\/wp\/v2\/categories?post=60886"},{"taxonomy":"post_tag","embeddable":true,"href":"https:\/\/www.simepe.com.br\/novo\/wp-json\/wp\/v2\/tags?post=60886"}],"curies":[{"name":"wp","href":"https:\/\/api.w.org\/{rel}","templated":true}]}}