{"id":60888,"date":"2021-08-06T10:26:44","date_gmt":"2021-08-06T13:26:44","guid":{"rendered":"https:\/\/www.simepe.com.br\/novo\/?p=60888"},"modified":"2021-08-06T10:26:44","modified_gmt":"2021-08-06T13:26:44","slug":"recife-tem-recorde-de-doses-de-vacina-contra-a-covid-19-aplicadas-em-um-unico-dia","status":"publish","type":"post","link":"https:\/\/www.simepe.com.br\/novo\/recife-tem-recorde-de-doses-de-vacina-contra-a-covid-19-aplicadas-em-um-unico-dia\/","title":{"rendered":"Recife tem recorde de doses de vacina contra a Covid-19 aplicadas em um \u00fanico dia"},"content":{"rendered":"<p><em>Mais de 75% da popula\u00e7\u00e3o adulta da Capital recebeu ao menos a primeira dose.<\/em><\/p>\n<p>Com 13.300 aplica\u00e7\u00f5es, o Recife bateu o recorde de doses administradas em um \u00fanico dia\u00a0na campanha de vacina\u00e7\u00e3o contra a Covid-19 no munic\u00edpio\u00a0nesta quarta-feira (4).<\/p>\n<p>O registro foi contabilizado no primeiro de imuniza\u00e7\u00e3o da popula\u00e7\u00e3o com idade\u00a0a partir de 23 anos, que tem um p\u00fablico estimado em 131 mil pessoas.<\/p>\n<p>A abertura do agendamento para a faixa et\u00e1ria, inclusive, derrubou a plataforma utilizada pela Capital pernambucana para realizar esse protocolo. O Conecta Recife ficou algumas horas fora do ar na ter\u00e7a-feira (3), tanto no site quanto no aplicativo.<\/p>\n<p>O Recife tem, no momento, 75,45% da popula\u00e7\u00e3o adulta vacinada com pelo menos uma dose. No total, o munic\u00edpio possui\u00a01.237.614 pessoas acima dos 18 anos aptas \u00e0 imuniza\u00e7\u00e3o, das quais 933.767 j\u00e1 foram vacinadas com pelo menos uma dose e 433.147 completaram o esquema vacinal com as duas doses ou a vacina de dose \u00fanica.<\/p>\n<p>A gest\u00e3o municipal anunciou que, a partir desta sexta (6), tamb\u00e9m poder\u00e3o se vacinar os moradores do Recife a <a href=\"https:\/\/www.folhape.com.br\/noticias\/recife-abre-vacinacao-contra-a-covid-19-para-estudantes-e\/192815\/\">partir de 18 anos que v\u00e3o estudar ou realizar pesquisas em institui\u00e7\u00f5es de ensino em outros pa\u00edses<\/a>.<\/p>\n<p>Para receber a vacina, \u00e9 necess\u00e1rio realizar o cadastro e o agendamento atrav\u00e9s do site <a href=\"http:\/\/minhavacina.recife.pe.gov.br\" target=\"_blank\">minhavacina.recife.pe.gov.br<\/a> ou do app Conecta Recife, que est\u00e1 dispon\u00edvel gratuitamente na PlayStore, para Android, e AppStore, para quem utiliza o sistema iOS.<\/p>\n<p>A Prefeitura do Recife disponibiliza 26 locais de vacina\u00e7\u00e3o, que funcionam de domingo a domingo, das 7h30 \u00e0s 18h30. Desse total, 12 funcionam com salas de vacina\u00e7\u00e3o e outros 14 como drive-thrus, onde n\u00e3o \u00e9 preciso descer do ve\u00edculo para receber a vacina.<\/p>\n<p>Fonte: Folha de Pernambuco<\/p>\n","protected":false},"excerpt":{"rendered":"<p>Mais de 75% da popula\u00e7\u00e3o adulta da Capital recebeu ao menos a primeira dose. Com 13.300 aplica\u00e7\u00f5es, o Recife bateu o recorde de doses administradas em um \u00fanico dia\u00a0na campanha de vacina\u00e7\u00e3o contra a Covid-19 no munic\u00edpio\u00a0nesta quarta-feira (4). O registro foi contabilizado no primeiro de imuniza\u00e7\u00e3o da popula\u00e7\u00e3o com idade\u00a0a partir de 23 anos, [&hellip;]<\/p>\n","protected":false},"author":1,"featured_media":0,"comment_status":"open","ping_status":"open","sticky":false,"template":"","format":"standard","meta":{"ocean_post_layout":"","ocean_both_sidebars_style":"","ocean_both_sidebars_content_width":0,"ocean_both_sidebars_sidebars_width":0,"ocean_sidebar":"","ocean_second_sidebar":"","ocean_disable_margins":"enable","ocean_add_body_class":"","ocean_shortcode_before_top_bar":"","ocean_shortcode_after_top_bar":"","ocean_shortcode_before_header":"","ocean_shortcode_after_header":"","ocean_has_shortcode":"","ocean_shortcode_after_title":"","ocean_shortcode_before_footer_widgets":"","ocean_shortcode_after_footer_widgets":"","ocean_shortcode_before_footer_bottom":"","ocean_shortcode_after_footer_bottom":"","ocean_display_top_bar":"default","ocean_display_header":"default","ocean_header_style":"","ocean_center_header_left_menu":"","ocean_custom_header_template":"","ocean_custom_logo":0,"ocean_custom_retina_logo":0,"ocean_custom_logo_max_width":0,"ocean_custom_logo_tablet_max_width":0,"ocean_custom_logo_mobile_max_width":0,"ocean_custom_logo_max_height":0,"ocean_custom_logo_tablet_max_height":0,"ocean_custom_logo_mobile_max_height":0,"ocean_header_custom_menu":"","ocean_menu_typo_font_family":"","ocean_menu_typo_font_subset":"","ocean_menu_typo_font_size":0,"ocean_menu_typo_font_size_tablet":0,"ocean_menu_typo_font_size_mobile":0,"ocean_menu_typo_font_size_unit":"px","ocean_menu_typo_font_weight":"","ocean_menu_typo_font_weight_tablet":"","ocean_menu_typo_font_weight_mobile":"","ocean_menu_typo_transform":"","ocean_menu_typo_transform_tablet":"","ocean_menu_typo_transform_mobile":"","ocean_menu_typo_line_height":0,"ocean_menu_typo_line_height_tablet":0,"ocean_menu_typo_line_height_mobile":0,"ocean_menu_typo_line_height_unit":"","ocean_menu_typo_spacing":0,"ocean_menu_typo_spacing_tablet":0,"ocean_menu_typo_spacing_mobile":0,"ocean_menu_typo_spacing_unit":"","ocean_menu_link_color":"","ocean_menu_link_color_hover":"","ocean_menu_link_color_active":"","ocean_menu_link_background":"","ocean_menu_link_hover_background":"","ocean_menu_link_active_background":"","ocean_menu_social_links_bg":"","ocean_menu_social_hover_links_bg":"","ocean_menu_social_links_color":"","ocean_menu_social_hover_links_color":"","ocean_disable_title":"default","ocean_disable_heading":"default","ocean_post_title":"","ocean_post_subheading":"","ocean_post_title_style":"","ocean_post_title_background_color":"","ocean_post_title_background":0,"ocean_post_title_bg_image_position":"","ocean_post_title_bg_image_attachment":"","ocean_post_title_bg_image_repeat":"","ocean_post_title_bg_image_size":"","ocean_post_title_height":0,"ocean_post_title_bg_overlay":0.5,"ocean_post_title_bg_overlay_color":"","ocean_disable_breadcrumbs":"default","ocean_breadcrumbs_color":"","ocean_breadcrumbs_separator_color":"","ocean_breadcrumbs_links_color":"","ocean_breadcrumbs_links_hover_color":"","ocean_display_footer_widgets":"default","ocean_display_footer_bottom":"default","ocean_custom_footer_template":"","ocean_post_oembed":"","ocean_post_self_hosted_media":"","ocean_post_video_embed":"","ocean_link_format":"","ocean_link_format_target":"self","ocean_quote_format":"","ocean_quote_format_link":"post","ocean_gallery_link_images":"on","ocean_gallery_id":[]},"categories":[9],"tags":[3847,1490,82,318],"acf":[],"_links":{"self":[{"href":"https:\/\/www.simepe.com.br\/novo\/wp-json\/wp\/v2\/posts\/60888"}],"collection":[{"href":"https:\/\/www.simepe.com.br\/novo\/wp-json\/wp\/v2\/posts"}],"about":[{"href":"https:\/\/www.simepe.com.br\/novo\/wp-json\/wp\/v2\/types\/post"}],"author":[{"embeddable":true,"href":"https:\/\/www.simepe.com.br\/novo\/wp-json\/wp\/v2\/users\/1"}],"replies":[{"embeddable":true,"href":"https:\/\/www.simepe.com.br\/novo\/wp-json\/wp\/v2\/comments?post=60888"}],"version-history":[{"count":1,"href":"https:\/\/www.simepe.com.br\/novo\/wp-json\/wp\/v2\/posts\/60888\/revisions"}],"predecessor-version":[{"id":60889,"href":"https:\/\/www.simepe.com.br\/novo\/wp-json\/wp\/v2\/posts\/60888\/revisions\/60889"}],"wp:attachment":[{"href":"https:\/\/www.simepe.com.br\/novo\/wp-json\/wp\/v2\/media?parent=60888"}],"wp:term":[{"taxonomy":"category","embeddable":true,"href":"https:\/\/www.simepe.com.br\/novo\/wp-json\/wp\/v2\/categories?post=60888"},{"taxonomy":"post_tag","embeddable":true,"href":"https:\/\/www.simepe.com.br\/novo\/wp-json\/wp\/v2\/tags?post=60888"}],"curies":[{"name":"wp","href":"https:\/\/api.w.org\/{rel}","templated":true}]}}