{"id":60899,"date":"2021-08-06T17:08:42","date_gmt":"2021-08-06T20:08:42","guid":{"rendered":"https:\/\/www.simepe.com.br\/novo\/?p=60899"},"modified":"2021-08-10T15:47:33","modified_gmt":"2021-08-10T18:47:33","slug":"simepe-e-medicos-ortopedistas-discutem-a-nomeacao-do-concurso-publico-de-pe","status":"publish","type":"post","link":"https:\/\/www.simepe.com.br\/novo\/simepe-e-medicos-ortopedistas-discutem-a-nomeacao-do-concurso-publico-de-pe\/","title":{"rendered":"Simepe e m\u00e9dicos ortopedistas discutem a nomea\u00e7\u00e3o do concurso p\u00fablico de PE"},"content":{"rendered":"<p style=\"text-align: justify;\">Reunidos em Assembleia Geral Extraordin\u00e1ria (AGE) virtual na tarde desta quinta-feira (5), os m\u00e9dicos ortopedistas que prestaram o \u00faltimo concurso p\u00fablico de Pernambuco seguem aguardando as nomea\u00e7\u00f5es. Os diretores do Sindicato dos M\u00e9dicos de Pernambuco (Simepe), Fernando J\u00fanior e Rodrigo Rosas, al\u00e9m do advogado da Defensoria M\u00e9dica, Diego Galdino, conversaram com a categoria e debateram sobre as quest\u00f5es que envolvem o movimento.<\/p>\n<p style=\"text-align: justify;\">Ap\u00f3s reuni\u00e3o da entidade com a Secretaria Estadual de Sa\u00fade (SES), no in\u00edcio de julho, foi prevista a nomea\u00e7\u00e3o dos ortopedistas concursados. At\u00e9 o presente momento, dois ortopedistas j\u00e1 foram nomeados para atuarem nas Ger\u00eancias Regionais de Sa\u00fade (Geres) IV e XII. H\u00e1 uma expectativa para que em at\u00e9 duas semanas mais cinco ortopedistas sejam nomeados para trabalharem na Geres I.<\/p>\n<p style=\"text-align: justify;\">Ainda na ocasi\u00e3o, os especialistas tiraram d\u00favidas e parabenizaram o Simepe pela atua\u00e7\u00e3o incans\u00e1vel para conquistar a nomea\u00e7\u00e3o do concurso p\u00fablico. A luta continua e os pr\u00f3ximos rumos do movimento ser\u00e3o decididos na pr\u00f3xima reuni\u00e3o com a categoria marcada para o dia 19 de agosto, \u00e0s 16h, por videoconfer\u00eancia.<\/p>\n<p style=\"text-align: justify;\">A entidade seguir\u00e1 atenta e cobrando o que foi acordado em reuni\u00e3o com a SES.<\/p>\n","protected":false},"excerpt":{"rendered":"<p>Reunidos em Assembleia Geral Extraordin\u00e1ria (AGE) virtual na tarde desta quinta-feira (5), os m\u00e9dicos ortopedistas que prestaram o \u00faltimo concurso p\u00fablico de Pernambuco seguem aguardando as nomea\u00e7\u00f5es. Os diretores do Sindicato dos M\u00e9dicos de Pernambuco (Simepe), Fernando J\u00fanior e Rodrigo Rosas, al\u00e9m do advogado da Defensoria M\u00e9dica, Diego Galdino, conversaram com a categoria e debateram [&hellip;]<\/p>\n","protected":false},"author":1,"featured_media":60900,"comment_status":"open","ping_status":"open","sticky":false,"template":"","format":"standard","meta":{"ocean_post_layout":"","ocean_both_sidebars_style":"","ocean_both_sidebars_content_width":0,"ocean_both_sidebars_sidebars_width":0,"ocean_sidebar":"","ocean_second_sidebar":"","ocean_disable_margins":"enable","ocean_add_body_class":"","ocean_shortcode_before_top_bar":"","ocean_shortcode_after_top_bar":"","ocean_shortcode_before_header":"","ocean_shortcode_after_header":"","ocean_has_shortcode":"","ocean_shortcode_after_title":"","ocean_shortcode_before_footer_widgets":"","ocean_shortcode_after_footer_widgets":"","ocean_shortcode_before_footer_bottom":"","ocean_shortcode_after_footer_bottom":"","ocean_display_top_bar":"default","ocean_display_header":"default","ocean_header_style":"","ocean_center_header_left_menu":"","ocean_custom_header_template":"","ocean_custom_logo":0,"ocean_custom_retina_logo":0,"ocean_custom_logo_max_width":0,"ocean_custom_logo_tablet_max_width":0,"ocean_custom_logo_mobile_max_width":0,"ocean_custom_logo_max_height":0,"ocean_custom_logo_tablet_max_height":0,"ocean_custom_logo_mobile_max_height":0,"ocean_header_custom_menu":"","ocean_menu_typo_font_family":"","ocean_menu_typo_font_subset":"","ocean_menu_typo_font_size":0,"ocean_menu_typo_font_size_tablet":0,"ocean_menu_typo_font_size_mobile":0,"ocean_menu_typo_font_size_unit":"px","ocean_menu_typo_font_weight":"","ocean_menu_typo_font_weight_tablet":"","ocean_menu_typo_font_weight_mobile":"","ocean_menu_typo_transform":"","ocean_menu_typo_transform_tablet":"","ocean_menu_typo_transform_mobile":"","ocean_menu_typo_line_height":0,"ocean_menu_typo_line_height_tablet":0,"ocean_menu_typo_line_height_mobile":0,"ocean_menu_typo_line_height_unit":"","ocean_menu_typo_spacing":0,"ocean_menu_typo_spacing_tablet":0,"ocean_menu_typo_spacing_mobile":0,"ocean_menu_typo_spacing_unit":"","ocean_menu_link_color":"","ocean_menu_link_color_hover":"","ocean_menu_link_color_active":"","ocean_menu_link_background":"","ocean_menu_link_hover_background":"","ocean_menu_link_active_background":"","ocean_menu_social_links_bg":"","ocean_menu_social_hover_links_bg":"","ocean_menu_social_links_color":"","ocean_menu_social_hover_links_color":"","ocean_disable_title":"default","ocean_disable_heading":"default","ocean_post_title":"","ocean_post_subheading":"","ocean_post_title_style":"","ocean_post_title_background_color":"","ocean_post_title_background":0,"ocean_post_title_bg_image_position":"","ocean_post_title_bg_image_attachment":"","ocean_post_title_bg_image_repeat":"","ocean_post_title_bg_image_size":"","ocean_post_title_height":0,"ocean_post_title_bg_overlay":0.5,"ocean_post_title_bg_overlay_color":"","ocean_disable_breadcrumbs":"default","ocean_breadcrumbs_color":"","ocean_breadcrumbs_separator_color":"","ocean_breadcrumbs_links_color":"","ocean_breadcrumbs_links_hover_color":"","ocean_display_footer_widgets":"default","ocean_display_footer_bottom":"default","ocean_custom_footer_template":"","ocean_post_oembed":"","ocean_post_self_hosted_media":"","ocean_post_video_embed":"","ocean_link_format":"","ocean_link_format_target":"self","ocean_quote_format":"","ocean_quote_format_link":"post","ocean_gallery_link_images":"on","ocean_gallery_id":[]},"categories":[1],"tags":[],"acf":[],"_links":{"self":[{"href":"https:\/\/www.simepe.com.br\/novo\/wp-json\/wp\/v2\/posts\/60899"}],"collection":[{"href":"https:\/\/www.simepe.com.br\/novo\/wp-json\/wp\/v2\/posts"}],"about":[{"href":"https:\/\/www.simepe.com.br\/novo\/wp-json\/wp\/v2\/types\/post"}],"author":[{"embeddable":true,"href":"https:\/\/www.simepe.com.br\/novo\/wp-json\/wp\/v2\/users\/1"}],"replies":[{"embeddable":true,"href":"https:\/\/www.simepe.com.br\/novo\/wp-json\/wp\/v2\/comments?post=60899"}],"version-history":[{"count":1,"href":"https:\/\/www.simepe.com.br\/novo\/wp-json\/wp\/v2\/posts\/60899\/revisions"}],"predecessor-version":[{"id":60901,"href":"https:\/\/www.simepe.com.br\/novo\/wp-json\/wp\/v2\/posts\/60899\/revisions\/60901"}],"wp:featuredmedia":[{"embeddable":true,"href":"https:\/\/www.simepe.com.br\/novo\/wp-json\/wp\/v2\/media\/60900"}],"wp:attachment":[{"href":"https:\/\/www.simepe.com.br\/novo\/wp-json\/wp\/v2\/media?parent=60899"}],"wp:term":[{"taxonomy":"category","embeddable":true,"href":"https:\/\/www.simepe.com.br\/novo\/wp-json\/wp\/v2\/categories?post=60899"},{"taxonomy":"post_tag","embeddable":true,"href":"https:\/\/www.simepe.com.br\/novo\/wp-json\/wp\/v2\/tags?post=60899"}],"curies":[{"name":"wp","href":"https:\/\/api.w.org\/{rel}","templated":true}]}}