{"id":60921,"date":"2021-08-10T14:05:49","date_gmt":"2021-08-10T17:05:49","guid":{"rendered":"https:\/\/www.simepe.com.br\/novo\/?p=60921"},"modified":"2021-08-12T13:16:20","modified_gmt":"2021-08-12T16:16:20","slug":"problemas-na-rede-municipal-de-saude-de-paulista-preocupam-o-simepe-e-a-categoria","status":"publish","type":"post","link":"https:\/\/www.simepe.com.br\/novo\/problemas-na-rede-municipal-de-saude-de-paulista-preocupam-o-simepe-e-a-categoria\/","title":{"rendered":"Problemas na rede municipal de sa\u00fade de Paulista preocupam o Simepe e a categoria"},"content":{"rendered":"<p style=\"text-align: justify;\">Diante do cen\u00e1rio ca\u00f3tico na sa\u00fade do munic\u00edpio de Paulista, os m\u00e9dicos seguem em movimento por melhorias. Os diretores do Sindicato dos M\u00e9dicos de Pernambuco (Simepe), Rodrigo Rosas e Fernando J\u00fanior, e o advogado da Defensoria M\u00e9dica, Vin\u00edcius Calado, reuniram-se com a categoria, por videoconfer\u00eancia, na tarde desta segunda-feira (09).<\/p>\n<p style=\"text-align: justify;\">O encontro virtual teve como foco da discuss\u00e3o a reuni\u00e3o que aconteceu em julho com representantes da entidade, do Conselho Regional de Medicina de Pernambuco (Cremepe), do Centro de Apoio Operacional das Promotorias de Prote\u00e7\u00e3o (CAOP) \u00e0 Sa\u00fade do Minist\u00e9rio P\u00fablico de Pernambuco, 3\u00aa Promotoria de Justi\u00e7a de Cidadania, Procuradoria Geral do munic\u00edpio e o secret\u00e1rio de sa\u00fade de Paulista, Charles Roger. Na ocasi\u00e3o, foram debatidas as seguintes reivindica\u00e7\u00f5es: falta de medicamentos e insumos, necessidade de melhorias nas estruturas f\u00edsicas das unidades de sa\u00fade, quantitativo insuficiente de profissionais m\u00e9dicos para atendimento \u00e0 popula\u00e7\u00e3o, incorpora\u00e7\u00e3o da gratifica\u00e7\u00e3o ao sal\u00e1rio base, v\u00ednculos trabalhistas prec\u00e1rios e pagamento da insalubridade foram algumas das dificuldades debatidas.<\/p>\n<p style=\"text-align: justify;\">Na pr\u00f3xima sexta-feira (13), as entidades m\u00e9dicas v\u00e3o se reunir com a CAOP Sa\u00fade e secretaria de sa\u00fade de Paulista para entender as propostas do munic\u00edpio para as adequa\u00e7\u00f5es necess\u00e1rias e o cronograma de planejamento das a\u00e7\u00f5es.<\/p>\n<p style=\"text-align: justify;\">A categoria e o Simepe retornam ao di\u00e1logo no pr\u00f3ximo dia 23, \u00e0s 18h, via Zoom.<\/p>\n","protected":false},"excerpt":{"rendered":"<p>Diante do cen\u00e1rio ca\u00f3tico na sa\u00fade do munic\u00edpio de Paulista, os m\u00e9dicos seguem em movimento por melhorias. Os diretores do Sindicato dos M\u00e9dicos de Pernambuco (Simepe), Rodrigo Rosas e Fernando J\u00fanior, e o advogado da Defensoria M\u00e9dica, Vin\u00edcius Calado, reuniram-se com a categoria, por videoconfer\u00eancia, na tarde desta segunda-feira (09). O encontro virtual teve como [&hellip;]<\/p>\n","protected":false},"author":1,"featured_media":60920,"comment_status":"open","ping_status":"open","sticky":false,"template":"","format":"standard","meta":{"ocean_post_layout":"","ocean_both_sidebars_style":"","ocean_both_sidebars_content_width":0,"ocean_both_sidebars_sidebars_width":0,"ocean_sidebar":"","ocean_second_sidebar":"","ocean_disable_margins":"enable","ocean_add_body_class":"","ocean_shortcode_before_top_bar":"","ocean_shortcode_after_top_bar":"","ocean_shortcode_before_header":"","ocean_shortcode_after_header":"","ocean_has_shortcode":"","ocean_shortcode_after_title":"","ocean_shortcode_before_footer_widgets":"","ocean_shortcode_after_footer_widgets":"","ocean_shortcode_before_footer_bottom":"","ocean_shortcode_after_footer_bottom":"","ocean_display_top_bar":"default","ocean_display_header":"default","ocean_header_style":"","ocean_center_header_left_menu":"","ocean_custom_header_template":"","ocean_custom_logo":0,"ocean_custom_retina_logo":0,"ocean_custom_logo_max_width":0,"ocean_custom_logo_tablet_max_width":0,"ocean_custom_logo_mobile_max_width":0,"ocean_custom_logo_max_height":0,"ocean_custom_logo_tablet_max_height":0,"ocean_custom_logo_mobile_max_height":0,"ocean_header_custom_menu":"","ocean_menu_typo_font_family":"","ocean_menu_typo_font_subset":"","ocean_menu_typo_font_size":0,"ocean_menu_typo_font_size_tablet":0,"ocean_menu_typo_font_size_mobile":0,"ocean_menu_typo_font_size_unit":"px","ocean_menu_typo_font_weight":"","ocean_menu_typo_font_weight_tablet":"","ocean_menu_typo_font_weight_mobile":"","ocean_menu_typo_transform":"","ocean_menu_typo_transform_tablet":"","ocean_menu_typo_transform_mobile":"","ocean_menu_typo_line_height":0,"ocean_menu_typo_line_height_tablet":0,"ocean_menu_typo_line_height_mobile":0,"ocean_menu_typo_line_height_unit":"","ocean_menu_typo_spacing":0,"ocean_menu_typo_spacing_tablet":0,"ocean_menu_typo_spacing_mobile":0,"ocean_menu_typo_spacing_unit":"","ocean_menu_link_color":"","ocean_menu_link_color_hover":"","ocean_menu_link_color_active":"","ocean_menu_link_background":"","ocean_menu_link_hover_background":"","ocean_menu_link_active_background":"","ocean_menu_social_links_bg":"","ocean_menu_social_hover_links_bg":"","ocean_menu_social_links_color":"","ocean_menu_social_hover_links_color":"","ocean_disable_title":"default","ocean_disable_heading":"default","ocean_post_title":"","ocean_post_subheading":"","ocean_post_title_style":"","ocean_post_title_background_color":"","ocean_post_title_background":0,"ocean_post_title_bg_image_position":"","ocean_post_title_bg_image_attachment":"","ocean_post_title_bg_image_repeat":"","ocean_post_title_bg_image_size":"","ocean_post_title_height":0,"ocean_post_title_bg_overlay":0.5,"ocean_post_title_bg_overlay_color":"","ocean_disable_breadcrumbs":"default","ocean_breadcrumbs_color":"","ocean_breadcrumbs_separator_color":"","ocean_breadcrumbs_links_color":"","ocean_breadcrumbs_links_hover_color":"","ocean_display_footer_widgets":"default","ocean_display_footer_bottom":"default","ocean_custom_footer_template":"","ocean_post_oembed":"","ocean_post_self_hosted_media":"","ocean_post_video_embed":"","ocean_link_format":"","ocean_link_format_target":"self","ocean_quote_format":"","ocean_quote_format_link":"post","ocean_gallery_link_images":"on","ocean_gallery_id":[]},"categories":[1],"tags":[],"acf":[],"_links":{"self":[{"href":"https:\/\/www.simepe.com.br\/novo\/wp-json\/wp\/v2\/posts\/60921"}],"collection":[{"href":"https:\/\/www.simepe.com.br\/novo\/wp-json\/wp\/v2\/posts"}],"about":[{"href":"https:\/\/www.simepe.com.br\/novo\/wp-json\/wp\/v2\/types\/post"}],"author":[{"embeddable":true,"href":"https:\/\/www.simepe.com.br\/novo\/wp-json\/wp\/v2\/users\/1"}],"replies":[{"embeddable":true,"href":"https:\/\/www.simepe.com.br\/novo\/wp-json\/wp\/v2\/comments?post=60921"}],"version-history":[{"count":1,"href":"https:\/\/www.simepe.com.br\/novo\/wp-json\/wp\/v2\/posts\/60921\/revisions"}],"predecessor-version":[{"id":60923,"href":"https:\/\/www.simepe.com.br\/novo\/wp-json\/wp\/v2\/posts\/60921\/revisions\/60923"}],"wp:featuredmedia":[{"embeddable":true,"href":"https:\/\/www.simepe.com.br\/novo\/wp-json\/wp\/v2\/media\/60920"}],"wp:attachment":[{"href":"https:\/\/www.simepe.com.br\/novo\/wp-json\/wp\/v2\/media?parent=60921"}],"wp:term":[{"taxonomy":"category","embeddable":true,"href":"https:\/\/www.simepe.com.br\/novo\/wp-json\/wp\/v2\/categories?post=60921"},{"taxonomy":"post_tag","embeddable":true,"href":"https:\/\/www.simepe.com.br\/novo\/wp-json\/wp\/v2\/tags?post=60921"}],"curies":[{"name":"wp","href":"https:\/\/api.w.org\/{rel}","templated":true}]}}