{"id":60925,"date":"2021-08-10T18:14:56","date_gmt":"2021-08-10T21:14:56","guid":{"rendered":"https:\/\/www.simepe.com.br\/novo\/?p=60925"},"modified":"2021-08-10T18:14:56","modified_gmt":"2021-08-10T21:14:56","slug":"simepe-participa-de-primeira-reuniao-com-a-sad-e-debate-sobre-melhorias-para-a-categoria-medica","status":"publish","type":"post","link":"https:\/\/www.simepe.com.br\/novo\/simepe-participa-de-primeira-reuniao-com-a-sad-e-debate-sobre-melhorias-para-a-categoria-medica\/","title":{"rendered":"Simepe participa de primeira reuni\u00e3o com a SAD e debate  sobre melhorias para a categoria m\u00e9dica"},"content":{"rendered":"<p><span class=\"s1\">O Sindicato dos M\u00e9dicos de Pernambuco (Simepe) representado pela presidente Claudia Beatriz, pelo vice-presidente Walber Steffano e pelos diretores Rodrigo Rosas e Ana Carolina Tabosa, deu in\u00edcio \u00e0 primeira reuni\u00e3o com a Secretaria de Administra\u00e7\u00e3o (SAD), na manh\u00e3 desta ter\u00e7a-feira (10), para debater sobre as delibera\u00e7\u00f5es da Assembleia dos m\u00e9dicos vinculados ao Estado de Pernambuco.<\/span><\/p>\n<p class=\"p1\"><span class=\"s1\">Na ocasi\u00e3o, o Simepe apresentou o pleito da categoria, que teve como foco a reposi\u00e7\u00e3o inflacion\u00e1ria, a nomea\u00e7\u00e3o do concurso p\u00fablico e a valoriza\u00e7\u00e3o com gratifica\u00e7\u00e3o &#8211; por exposi\u00e7\u00e3o &#8211; pelo enfrentamento \u00e0 covid-19. Tamb\u00e9m foi pontuado a necessidade de altera\u00e7\u00f5es no Plano de Cargos, Carreira e Vencimentos ( PCCV).<\/span><span class=\"s2\">\u2800<\/span><\/p>\n<p class=\"p1\"><span class=\"s1\">Ainda foi tema do debate a jornada de trabalho dos m\u00e9dicos e a nova resolu\u00e7\u00e3o do Conselho Regional de Medicina (Cremepe), n\u00ba 01 de 2021, publicada no dia 1\u00ba de abril, que entrar\u00e1 em vigor no dia 1\u00ba de outubro. Esta resolu\u00e7\u00e3o discerne sobre o dimensionamento de m\u00e9dicos, de acordo com as demandas das grandes urg\u00eancias e emerg\u00eancias do estado. <\/span><\/p>\n<p class=\"p1\"><span class=\"s1\">O Simepe continuar\u00e1 vigilante e seguindo firme na luta por melhores condi\u00e7\u00f5es de trabalho para a categoria m\u00e9dica.<\/span><\/p>\n","protected":false},"excerpt":{"rendered":"<p>O Sindicato dos M\u00e9dicos de Pernambuco (Simepe) representado pela presidente Claudia Beatriz, pelo vice-presidente Walber Steffano e pelos diretores Rodrigo Rosas e Ana Carolina Tabosa, deu in\u00edcio \u00e0 primeira reuni\u00e3o com a Secretaria de Administra\u00e7\u00e3o (SAD), na manh\u00e3 desta ter\u00e7a-feira (10), para debater sobre as delibera\u00e7\u00f5es da Assembleia dos m\u00e9dicos vinculados ao Estado de Pernambuco. [&hellip;]<\/p>\n","protected":false},"author":1,"featured_media":60926,"comment_status":"open","ping_status":"open","sticky":false,"template":"","format":"standard","meta":{"ocean_post_layout":"","ocean_both_sidebars_style":"","ocean_both_sidebars_content_width":0,"ocean_both_sidebars_sidebars_width":0,"ocean_sidebar":"","ocean_second_sidebar":"","ocean_disable_margins":"enable","ocean_add_body_class":"","ocean_shortcode_before_top_bar":"","ocean_shortcode_after_top_bar":"","ocean_shortcode_before_header":"","ocean_shortcode_after_header":"","ocean_has_shortcode":"","ocean_shortcode_after_title":"","ocean_shortcode_before_footer_widgets":"","ocean_shortcode_after_footer_widgets":"","ocean_shortcode_before_footer_bottom":"","ocean_shortcode_after_footer_bottom":"","ocean_display_top_bar":"default","ocean_display_header":"default","ocean_header_style":"","ocean_center_header_left_menu":"","ocean_custom_header_template":"","ocean_custom_logo":0,"ocean_custom_retina_logo":0,"ocean_custom_logo_max_width":0,"ocean_custom_logo_tablet_max_width":0,"ocean_custom_logo_mobile_max_width":0,"ocean_custom_logo_max_height":0,"ocean_custom_logo_tablet_max_height":0,"ocean_custom_logo_mobile_max_height":0,"ocean_header_custom_menu":"","ocean_menu_typo_font_family":"","ocean_menu_typo_font_subset":"","ocean_menu_typo_font_size":0,"ocean_menu_typo_font_size_tablet":0,"ocean_menu_typo_font_size_mobile":0,"ocean_menu_typo_font_size_unit":"px","ocean_menu_typo_font_weight":"","ocean_menu_typo_font_weight_tablet":"","ocean_menu_typo_font_weight_mobile":"","ocean_menu_typo_transform":"","ocean_menu_typo_transform_tablet":"","ocean_menu_typo_transform_mobile":"","ocean_menu_typo_line_height":0,"ocean_menu_typo_line_height_tablet":0,"ocean_menu_typo_line_height_mobile":0,"ocean_menu_typo_line_height_unit":"","ocean_menu_typo_spacing":0,"ocean_menu_typo_spacing_tablet":0,"ocean_menu_typo_spacing_mobile":0,"ocean_menu_typo_spacing_unit":"","ocean_menu_link_color":"","ocean_menu_link_color_hover":"","ocean_menu_link_color_active":"","ocean_menu_link_background":"","ocean_menu_link_hover_background":"","ocean_menu_link_active_background":"","ocean_menu_social_links_bg":"","ocean_menu_social_hover_links_bg":"","ocean_menu_social_links_color":"","ocean_menu_social_hover_links_color":"","ocean_disable_title":"default","ocean_disable_heading":"default","ocean_post_title":"","ocean_post_subheading":"","ocean_post_title_style":"","ocean_post_title_background_color":"","ocean_post_title_background":0,"ocean_post_title_bg_image_position":"","ocean_post_title_bg_image_attachment":"","ocean_post_title_bg_image_repeat":"","ocean_post_title_bg_image_size":"","ocean_post_title_height":0,"ocean_post_title_bg_overlay":0.5,"ocean_post_title_bg_overlay_color":"","ocean_disable_breadcrumbs":"default","ocean_breadcrumbs_color":"","ocean_breadcrumbs_separator_color":"","ocean_breadcrumbs_links_color":"","ocean_breadcrumbs_links_hover_color":"","ocean_display_footer_widgets":"default","ocean_display_footer_bottom":"default","ocean_custom_footer_template":"","ocean_post_oembed":"","ocean_post_self_hosted_media":"","ocean_post_video_embed":"","ocean_link_format":"","ocean_link_format_target":"self","ocean_quote_format":"","ocean_quote_format_link":"post","ocean_gallery_link_images":"on","ocean_gallery_id":[]},"categories":[1],"tags":[],"acf":[],"_links":{"self":[{"href":"https:\/\/www.simepe.com.br\/novo\/wp-json\/wp\/v2\/posts\/60925"}],"collection":[{"href":"https:\/\/www.simepe.com.br\/novo\/wp-json\/wp\/v2\/posts"}],"about":[{"href":"https:\/\/www.simepe.com.br\/novo\/wp-json\/wp\/v2\/types\/post"}],"author":[{"embeddable":true,"href":"https:\/\/www.simepe.com.br\/novo\/wp-json\/wp\/v2\/users\/1"}],"replies":[{"embeddable":true,"href":"https:\/\/www.simepe.com.br\/novo\/wp-json\/wp\/v2\/comments?post=60925"}],"version-history":[{"count":1,"href":"https:\/\/www.simepe.com.br\/novo\/wp-json\/wp\/v2\/posts\/60925\/revisions"}],"predecessor-version":[{"id":60927,"href":"https:\/\/www.simepe.com.br\/novo\/wp-json\/wp\/v2\/posts\/60925\/revisions\/60927"}],"wp:featuredmedia":[{"embeddable":true,"href":"https:\/\/www.simepe.com.br\/novo\/wp-json\/wp\/v2\/media\/60926"}],"wp:attachment":[{"href":"https:\/\/www.simepe.com.br\/novo\/wp-json\/wp\/v2\/media?parent=60925"}],"wp:term":[{"taxonomy":"category","embeddable":true,"href":"https:\/\/www.simepe.com.br\/novo\/wp-json\/wp\/v2\/categories?post=60925"},{"taxonomy":"post_tag","embeddable":true,"href":"https:\/\/www.simepe.com.br\/novo\/wp-json\/wp\/v2\/tags?post=60925"}],"curies":[{"name":"wp","href":"https:\/\/api.w.org\/{rel}","templated":true}]}}