{"id":60930,"date":"2021-08-11T11:00:06","date_gmt":"2021-08-11T14:00:06","guid":{"rendered":"https:\/\/www.simepe.com.br\/novo\/?p=60930"},"modified":"2021-08-11T11:00:06","modified_gmt":"2021-08-11T14:00:06","slug":"proporcao-de-amostras-da-variante-delta-do-brasil-triplica-em-quatro-semanas","status":"publish","type":"post","link":"https:\/\/www.simepe.com.br\/novo\/proporcao-de-amostras-da-variante-delta-do-brasil-triplica-em-quatro-semanas\/","title":{"rendered":"Propor\u00e7\u00e3o de amostras da variante delta do Brasil triplica em quatro semanas"},"content":{"rendered":"<p><em>No dia 27 de julho, cepa representava 12,8% das amostras; agora, s\u00e3o 38,5%.<\/em><\/p>\n<p>Em quatro semanas, triplicou a propor\u00e7\u00e3o da variante delta identificada em amostras do Sars-CoV-2 depositadas pelo Brasil na plataforma internacional Gisaid, que re\u00fane dados gen\u00f4micos de 172 pa\u00edses.<\/p>\n<p>No dia 27 de julho, cepa representava 12,8% das amostras; agora, s\u00e3o 38,5%. A variante gama (antiga P.1) responde hoje por 60%; h\u00e1 quatro semanas, representava quase 90% das amostras.<\/p>\n<p>Na capital do Rio de Janeiro, a delta responde por 45% das amostras analisadas pela Secretaria Estadual da Sa\u00fade. No estado, por 26%. A alta taxa de transmissibilidade fez com que o governo suspendesse as aulas presenciais da rede estadual em 36 munic\u00edpios, pelo menos at\u00e9 sexta-feira (13).<\/p>\n<p>Em S\u00e3o Paulo, apesar de a delta representar 23,5% das amostras sequenciadas pelo Instituto Adolfo Lutz, o governo paulista mant\u00e9m seu plano de flexibiliza\u00e7\u00e3o das atividades econ\u00f4micas. Em entrevista coletiva no \u00faltimo dia 4, o governador Jo\u00e3o Doria (PSDB) afirmou que a libera\u00e7\u00e3o ser\u00e1 gradual, segura e sob protocolos.<\/p>\n<p>Para o virologista Maur\u00edcio Nogueira, professor da Faculdade de Medicina de S\u00e3o Jos\u00e9 do Rio Preto, n\u00e3o h\u00e1 d\u00favida sobre o avan\u00e7o da delta no pa\u00eds, mas os dados da plataforma Gisaid precisam ser olhados com cautela, porque pode haver um vi\u00e9s de amostragem.<\/p>\n<p>&#8220;Os grupos que est\u00e3o sequenciando fazem um pr\u00e9-screening [das amostras] e est\u00e3o tendendo a sequenciar o que n\u00e3o \u00e9 P.1 [gama]. Ou seja, est\u00e1 havendo uma prefer\u00eancia por sequenciar delta&#8221;, afirma, dizendo o assunto foi discutido nesta ter\u00e7a (10) em um grupo de virologistas.<\/p>\n<p>Na sua opini\u00e3o, o crescimento da variante delta era esperado, mas ainda n\u00e3o \u00e9 t\u00e3o preocupante. &#8220;Est\u00e1 aumentando, mas n\u00e3o temos uma explos\u00e3o de casos.&#8221;<\/p>\n<p>No mundo, a variante delta j\u00e1 representa 90% das amostras sequenciadas, segundo relat\u00f3rio publicado pela Opas (Organiza\u00e7\u00e3o Pan-Americana de Sa\u00fade) no domingo (8).<\/p>\n<p>Devido ao r\u00e1pido avan\u00e7o da delta dentro e fora das Am\u00e9ricas, a organiza\u00e7\u00e3o recomenda que os pa\u00edses revisem seus planos e se preparem para um eventual aumento de casos e de interna\u00e7\u00f5es por Covid-19, incluindo necessidade de terapia intensiva com suporte, como hemodi\u00e1lise.<\/p>\n<p>Para Nogueira, h\u00e1 algumas hip\u00f3teses que explicariam o ritmo de avan\u00e7o mais lento da variante delta no Brasil, em rela\u00e7\u00e3o a outros pa\u00edses em que ela dominou rapidamente o territ\u00f3rio.<\/p>\n<p>Um delas \u00e9 a competi\u00e7\u00e3o biol\u00f3gica com a variante gama. &#8220;Tivemos muita gente doente com a gama recentemente, o que gerou uma imunidade de rebanho&#8221;, explica.<\/p>\n<p>O aumento da velocidade da vacina\u00e7\u00e3o contra a Covid-19 no pa\u00eds tamb\u00e9m seria uma outra possibilidade. Por fim, o fato de o Brasil ser um pa\u00eds de dimens\u00f5es continentais impede uma dispers\u00e3o t\u00e3o r\u00e1pida como se v\u00ea na Inglaterra e em Israel, por exemplo.<\/p>\n<p>Para o virologista G\u00fabio Soares, professor da Universidade Federal da Bahia, a dispers\u00e3o da delta no Brasil depender\u00e1 tamb\u00e9m da forma como estados e munic\u00edpios v\u00e3o gerenciar a situa\u00e7\u00e3o, por exemplo, avan\u00e7ando na vacina\u00e7\u00e3o, n\u00e3o permitindo grandes aglomera\u00e7\u00f5es e intensificando os alertas sobre o uso de m\u00e1scara.<\/p>\n<p>&#8220;O grande perigo s\u00e3o as festas. J\u00e1 est\u00e3o programando Carnaval, R\u00e9veillon. Isso \u00e9 um perigo, \u00e9 muito cedo para esse tipo de abertura. A delta depende muito de aglomera\u00e7\u00e3o [para se espalhar].&#8221;<\/p>\n<p>A Prefeitura de S\u00e3o Paulo est\u00e1 investigando os 40 dos 93 contaminados pela variante delta na cidade e concluiu que apenas 3 deles estavam com a imuniza\u00e7\u00e3o completa, com duas doses da vacina contra a Covid-19. Outras 14 tomaram apenas uma dose. O restante ainda n\u00e3o foi vacinado.<\/p>\n<p>Apesar da presen\u00e7a da variante na capital, a Secretaria Municipal da Sa\u00fade diz que o n\u00famero de casos n\u00e3o apresentou curva de crescimento na \u00faltima semana. Nesta ter\u00e7a (10), 90% do p\u00fablico eleg\u00edvel, maior de 18 anos, havia recebido pelo menos uma dose da vacina contra a Covid-19. Um pouco mais de um ter\u00e7o (37%) est\u00e1 com o esquema vacinal completo.<\/p>\n<p>Fonte: Folha de Pernambuco<\/p>\n","protected":false},"excerpt":{"rendered":"<p>No dia 27 de julho, cepa representava 12,8% das amostras; agora, s\u00e3o 38,5%. Em quatro semanas, triplicou a propor\u00e7\u00e3o da variante delta identificada em amostras do Sars-CoV-2 depositadas pelo Brasil na plataforma internacional Gisaid, que re\u00fane dados gen\u00f4micos de 172 pa\u00edses. No dia 27 de julho, cepa representava 12,8% das amostras; agora, s\u00e3o 38,5%. A [&hellip;]<\/p>\n","protected":false},"author":1,"featured_media":0,"comment_status":"open","ping_status":"open","sticky":false,"template":"","format":"standard","meta":{"ocean_post_layout":"","ocean_both_sidebars_style":"","ocean_both_sidebars_content_width":0,"ocean_both_sidebars_sidebars_width":0,"ocean_sidebar":"","ocean_second_sidebar":"","ocean_disable_margins":"enable","ocean_add_body_class":"","ocean_shortcode_before_top_bar":"","ocean_shortcode_after_top_bar":"","ocean_shortcode_before_header":"","ocean_shortcode_after_header":"","ocean_has_shortcode":"","ocean_shortcode_after_title":"","ocean_shortcode_before_footer_widgets":"","ocean_shortcode_after_footer_widgets":"","ocean_shortcode_before_footer_bottom":"","ocean_shortcode_after_footer_bottom":"","ocean_display_top_bar":"default","ocean_display_header":"default","ocean_header_style":"","ocean_center_header_left_menu":"","ocean_custom_header_template":"","ocean_custom_logo":0,"ocean_custom_retina_logo":0,"ocean_custom_logo_max_width":0,"ocean_custom_logo_tablet_max_width":0,"ocean_custom_logo_mobile_max_width":0,"ocean_custom_logo_max_height":0,"ocean_custom_logo_tablet_max_height":0,"ocean_custom_logo_mobile_max_height":0,"ocean_header_custom_menu":"","ocean_menu_typo_font_family":"","ocean_menu_typo_font_subset":"","ocean_menu_typo_font_size":0,"ocean_menu_typo_font_size_tablet":0,"ocean_menu_typo_font_size_mobile":0,"ocean_menu_typo_font_size_unit":"px","ocean_menu_typo_font_weight":"","ocean_menu_typo_font_weight_tablet":"","ocean_menu_typo_font_weight_mobile":"","ocean_menu_typo_transform":"","ocean_menu_typo_transform_tablet":"","ocean_menu_typo_transform_mobile":"","ocean_menu_typo_line_height":0,"ocean_menu_typo_line_height_tablet":0,"ocean_menu_typo_line_height_mobile":0,"ocean_menu_typo_line_height_unit":"","ocean_menu_typo_spacing":0,"ocean_menu_typo_spacing_tablet":0,"ocean_menu_typo_spacing_mobile":0,"ocean_menu_typo_spacing_unit":"","ocean_menu_link_color":"","ocean_menu_link_color_hover":"","ocean_menu_link_color_active":"","ocean_menu_link_background":"","ocean_menu_link_hover_background":"","ocean_menu_link_active_background":"","ocean_menu_social_links_bg":"","ocean_menu_social_hover_links_bg":"","ocean_menu_social_links_color":"","ocean_menu_social_hover_links_color":"","ocean_disable_title":"default","ocean_disable_heading":"default","ocean_post_title":"","ocean_post_subheading":"","ocean_post_title_style":"","ocean_post_title_background_color":"","ocean_post_title_background":0,"ocean_post_title_bg_image_position":"","ocean_post_title_bg_image_attachment":"","ocean_post_title_bg_image_repeat":"","ocean_post_title_bg_image_size":"","ocean_post_title_height":0,"ocean_post_title_bg_overlay":0.5,"ocean_post_title_bg_overlay_color":"","ocean_disable_breadcrumbs":"default","ocean_breadcrumbs_color":"","ocean_breadcrumbs_separator_color":"","ocean_breadcrumbs_links_color":"","ocean_breadcrumbs_links_hover_color":"","ocean_display_footer_widgets":"default","ocean_display_footer_bottom":"default","ocean_custom_footer_template":"","ocean_post_oembed":"","ocean_post_self_hosted_media":"","ocean_post_video_embed":"","ocean_link_format":"","ocean_link_format_target":"self","ocean_quote_format":"","ocean_quote_format_link":"post","ocean_gallery_link_images":"on","ocean_gallery_id":[]},"categories":[9],"tags":[3847,3924,1490,82,3843],"acf":[],"_links":{"self":[{"href":"https:\/\/www.simepe.com.br\/novo\/wp-json\/wp\/v2\/posts\/60930"}],"collection":[{"href":"https:\/\/www.simepe.com.br\/novo\/wp-json\/wp\/v2\/posts"}],"about":[{"href":"https:\/\/www.simepe.com.br\/novo\/wp-json\/wp\/v2\/types\/post"}],"author":[{"embeddable":true,"href":"https:\/\/www.simepe.com.br\/novo\/wp-json\/wp\/v2\/users\/1"}],"replies":[{"embeddable":true,"href":"https:\/\/www.simepe.com.br\/novo\/wp-json\/wp\/v2\/comments?post=60930"}],"version-history":[{"count":1,"href":"https:\/\/www.simepe.com.br\/novo\/wp-json\/wp\/v2\/posts\/60930\/revisions"}],"predecessor-version":[{"id":60931,"href":"https:\/\/www.simepe.com.br\/novo\/wp-json\/wp\/v2\/posts\/60930\/revisions\/60931"}],"wp:attachment":[{"href":"https:\/\/www.simepe.com.br\/novo\/wp-json\/wp\/v2\/media?parent=60930"}],"wp:term":[{"taxonomy":"category","embeddable":true,"href":"https:\/\/www.simepe.com.br\/novo\/wp-json\/wp\/v2\/categories?post=60930"},{"taxonomy":"post_tag","embeddable":true,"href":"https:\/\/www.simepe.com.br\/novo\/wp-json\/wp\/v2\/tags?post=60930"}],"curies":[{"name":"wp","href":"https:\/\/api.w.org\/{rel}","templated":true}]}}