{"id":60932,"date":"2021-08-11T11:42:43","date_gmt":"2021-08-11T14:42:43","guid":{"rendered":"https:\/\/www.simepe.com.br\/novo\/?p=60932"},"modified":"2021-08-11T11:42:43","modified_gmt":"2021-08-11T14:42:43","slug":"rio-volta-a-suspender-vacinacao-contra-covid-e-pede-agilidade-do-ministerio-da-saude","status":"publish","type":"post","link":"https:\/\/www.simepe.com.br\/novo\/rio-volta-a-suspender-vacinacao-contra-covid-e-pede-agilidade-do-ministerio-da-saude\/","title":{"rendered":"Rio volta a suspender vacina\u00e7\u00e3o contra Covid e pede agilidade do Minist\u00e9rio da Sa\u00fade"},"content":{"rendered":"<p>A Prefeitura do Rio de Janeiro anunciou nesta ter\u00e7a-feira (10) que a vacina\u00e7\u00e3o ser\u00e1 suspensa mais uma vez diante da falta de doses, e voltou a cobrar agilidade do Minist\u00e9rio da Sa\u00fade na distribui\u00e7\u00e3o das vacinas.<\/p>\n<p>A aplica\u00e7\u00e3o da segunda dose ser\u00e1 mantida normalmente, mas nesta quarta (11) apenas poder\u00e3o receber a primeira dose adultos acima de 50 anos, pessoas com defici\u00eancia, gestantes e pu\u00e9rperas a partir de 18 anos. Nesta ter\u00e7a, foram vacinados jovens de 25 anos.<\/p>\n<p>No Twitter, o prefeito Eduardo Paes (PSD) afirmou que a prefeitura foi informada de que as novas doses s\u00f3 chegar\u00e3o na madrugada de quarta, o que motivou a suspens\u00e3o. &#8220;Muito provavelmente retornamos na quinta. Em tempo: parte dessas 10Mi de doses est\u00e3o l\u00e1 desde 04\/08!&#8221;, escreveu.<\/p>\n<p>Em nota, a Secretaria Municipal de Sa\u00fade afirmou que o governo federal tem em estoque 5,8 milh\u00f5es de doses da Pfizer, 3,4 milh\u00f5es de Coronavac e 1,1 milh\u00e3o da AstraZeneca.<\/p>\n<p>Disse, tamb\u00e9m, que a cidade espera receber o proporcional da sua popula\u00e7\u00e3o para seguir com o calend\u00e1rio e refor\u00e7ou o pedido para que o Minist\u00e9rio da Sa\u00fade distribua as vacinas em, no m\u00e1ximo, 24 horas a partir da entrega pelos produtores.<\/p>\n<p>&#8220;Em pleno inverno e com uma nova variante do coronav\u00edrus circulando, \u00e9 imprescind\u00edvel que todos tenham senso de urg\u00eancia com a campanha para vacina\u00e7\u00e3o da Covid-19&#8221;, afirma o texto da secretaria.<\/p>\n<p>Segundo o cronograma da prefeitura, nesta quarta seriam vacinados os jovens de 24 anos. O munic\u00edpio espera vacinar com a primeira dose todos as pessoas acima de 18 anos at\u00e9 o dia 18 de agosto.<\/p>\n<p>No domingo (8), o ministro da Sa\u00fade, Marcelo Queiroga, comentou sobre as reclama\u00e7\u00f5es de atrasos na distribui\u00e7\u00e3o de vacinas.<br \/>\n&#8220;Existem alguns munic\u00edpios que s\u00f3 aplicam 70% das doses distribu\u00eddas, e existem outros munic\u00edpios, como \u00e9 o caso de Rio de Janeiro e S\u00e3o Paulo, que j\u00e1 aplicaram mais de 90% das doses distribu\u00eddas&#8221;, disse.<\/p>\n<p>&#8220;Assim que chega, a gente procura liberar. Eventualmente, quando a velocidade de vacina\u00e7\u00e3o no munic\u00edpio \u00e9 grande, pode ser que um dia falte dose. O compromisso \u00e9 sempre fazer isso com a maior efici\u00eancia poss\u00edvel&#8221;, afirmou.<\/p>\n<p>Fonte: Folha de Pernambuco<\/p>\n","protected":false},"excerpt":{"rendered":"<p>A Prefeitura do Rio de Janeiro anunciou nesta ter\u00e7a-feira (10) que a vacina\u00e7\u00e3o ser\u00e1 suspensa mais uma vez diante da falta de doses, e voltou a cobrar agilidade do Minist\u00e9rio da Sa\u00fade na distribui\u00e7\u00e3o das vacinas. A aplica\u00e7\u00e3o da segunda dose ser\u00e1 mantida normalmente, mas nesta quarta (11) apenas poder\u00e3o receber a primeira dose adultos [&hellip;]<\/p>\n","protected":false},"author":1,"featured_media":0,"comment_status":"open","ping_status":"open","sticky":false,"template":"","format":"standard","meta":{"ocean_post_layout":"","ocean_both_sidebars_style":"","ocean_both_sidebars_content_width":0,"ocean_both_sidebars_sidebars_width":0,"ocean_sidebar":"","ocean_second_sidebar":"","ocean_disable_margins":"enable","ocean_add_body_class":"","ocean_shortcode_before_top_bar":"","ocean_shortcode_after_top_bar":"","ocean_shortcode_before_header":"","ocean_shortcode_after_header":"","ocean_has_shortcode":"","ocean_shortcode_after_title":"","ocean_shortcode_before_footer_widgets":"","ocean_shortcode_after_footer_widgets":"","ocean_shortcode_before_footer_bottom":"","ocean_shortcode_after_footer_bottom":"","ocean_display_top_bar":"default","ocean_display_header":"default","ocean_header_style":"","ocean_center_header_left_menu":"","ocean_custom_header_template":"","ocean_custom_logo":0,"ocean_custom_retina_logo":0,"ocean_custom_logo_max_width":0,"ocean_custom_logo_tablet_max_width":0,"ocean_custom_logo_mobile_max_width":0,"ocean_custom_logo_max_height":0,"ocean_custom_logo_tablet_max_height":0,"ocean_custom_logo_mobile_max_height":0,"ocean_header_custom_menu":"","ocean_menu_typo_font_family":"","ocean_menu_typo_font_subset":"","ocean_menu_typo_font_size":0,"ocean_menu_typo_font_size_tablet":0,"ocean_menu_typo_font_size_mobile":0,"ocean_menu_typo_font_size_unit":"px","ocean_menu_typo_font_weight":"","ocean_menu_typo_font_weight_tablet":"","ocean_menu_typo_font_weight_mobile":"","ocean_menu_typo_transform":"","ocean_menu_typo_transform_tablet":"","ocean_menu_typo_transform_mobile":"","ocean_menu_typo_line_height":0,"ocean_menu_typo_line_height_tablet":0,"ocean_menu_typo_line_height_mobile":0,"ocean_menu_typo_line_height_unit":"","ocean_menu_typo_spacing":0,"ocean_menu_typo_spacing_tablet":0,"ocean_menu_typo_spacing_mobile":0,"ocean_menu_typo_spacing_unit":"","ocean_menu_link_color":"","ocean_menu_link_color_hover":"","ocean_menu_link_color_active":"","ocean_menu_link_background":"","ocean_menu_link_hover_background":"","ocean_menu_link_active_background":"","ocean_menu_social_links_bg":"","ocean_menu_social_hover_links_bg":"","ocean_menu_social_links_color":"","ocean_menu_social_hover_links_color":"","ocean_disable_title":"default","ocean_disable_heading":"default","ocean_post_title":"","ocean_post_subheading":"","ocean_post_title_style":"","ocean_post_title_background_color":"","ocean_post_title_background":0,"ocean_post_title_bg_image_position":"","ocean_post_title_bg_image_attachment":"","ocean_post_title_bg_image_repeat":"","ocean_post_title_bg_image_size":"","ocean_post_title_height":0,"ocean_post_title_bg_overlay":0.5,"ocean_post_title_bg_overlay_color":"","ocean_disable_breadcrumbs":"default","ocean_breadcrumbs_color":"","ocean_breadcrumbs_separator_color":"","ocean_breadcrumbs_links_color":"","ocean_breadcrumbs_links_hover_color":"","ocean_display_footer_widgets":"default","ocean_display_footer_bottom":"default","ocean_custom_footer_template":"","ocean_post_oembed":"","ocean_post_self_hosted_media":"","ocean_post_video_embed":"","ocean_link_format":"","ocean_link_format_target":"self","ocean_quote_format":"","ocean_quote_format_link":"post","ocean_gallery_link_images":"on","ocean_gallery_id":[]},"categories":[9],"tags":[],"acf":[],"_links":{"self":[{"href":"https:\/\/www.simepe.com.br\/novo\/wp-json\/wp\/v2\/posts\/60932"}],"collection":[{"href":"https:\/\/www.simepe.com.br\/novo\/wp-json\/wp\/v2\/posts"}],"about":[{"href":"https:\/\/www.simepe.com.br\/novo\/wp-json\/wp\/v2\/types\/post"}],"author":[{"embeddable":true,"href":"https:\/\/www.simepe.com.br\/novo\/wp-json\/wp\/v2\/users\/1"}],"replies":[{"embeddable":true,"href":"https:\/\/www.simepe.com.br\/novo\/wp-json\/wp\/v2\/comments?post=60932"}],"version-history":[{"count":1,"href":"https:\/\/www.simepe.com.br\/novo\/wp-json\/wp\/v2\/posts\/60932\/revisions"}],"predecessor-version":[{"id":60933,"href":"https:\/\/www.simepe.com.br\/novo\/wp-json\/wp\/v2\/posts\/60932\/revisions\/60933"}],"wp:attachment":[{"href":"https:\/\/www.simepe.com.br\/novo\/wp-json\/wp\/v2\/media?parent=60932"}],"wp:term":[{"taxonomy":"category","embeddable":true,"href":"https:\/\/www.simepe.com.br\/novo\/wp-json\/wp\/v2\/categories?post=60932"},{"taxonomy":"post_tag","embeddable":true,"href":"https:\/\/www.simepe.com.br\/novo\/wp-json\/wp\/v2\/tags?post=60932"}],"curies":[{"name":"wp","href":"https:\/\/api.w.org\/{rel}","templated":true}]}}