{"id":60936,"date":"2021-08-11T14:07:04","date_gmt":"2021-08-11T17:07:04","guid":{"rendered":"https:\/\/www.simepe.com.br\/novo\/?p=60936"},"modified":"2021-08-11T14:07:04","modified_gmt":"2021-08-11T17:07:04","slug":"presidente-do-crm-sc-assume-coordenacao-do-cosemesc","status":"publish","type":"post","link":"https:\/\/www.simepe.com.br\/novo\/presidente-do-crm-sc-assume-coordenacao-do-cosemesc\/","title":{"rendered":"Presidente do CRM SC assume coordena\u00e7\u00e3o do COSEMESC"},"content":{"rendered":"<p style=\"text-align: justify;\">Em reuni\u00e3o do Conselho Superior das Entidades M\u00e9dicas (COSEMESC), realizada nesta ter\u00e7a-feira (10\/08), na sede do Conselho Regional de Medicina de Santa Catarina (CRM SC), o presidente da Associa\u00e7\u00e3o Catarinense de Medicina (ACM), Ademar Jos\u00e9 de Oliveira Paes Jr, transmitiu o cargo de coordenador do COSEMESC para o presidente do CRM SC, Daniel Ortellado.<\/p>\n<p style=\"text-align: justify;\">\u201cEsta coordena\u00e7\u00e3o foi desafiadora, mas o COSEMESC soube se fazer presente e n\u00f3s m\u00e9dicos estamos saindo desta pandemia mais reconhecidos. Obrigado a todos que nos ajudaram a encerrar este ciclo e agora nos apoiam no in\u00edcio desta nova etapa\u201d, citou Ademar.<\/p>\n<p style=\"text-align: justify;\">\u201cAgrade\u00e7o a todos pela confian\u00e7a e fico muito feliz que tenhamos essa intera\u00e7\u00e3o entre as entidades m\u00e9dicas, algo que jamais vi em outros estados. Parab\u00e9ns ao Ademar pela condu\u00e7\u00e3o magistral durante este ano de muitos desafios e vamos aproveitar esta boa rela\u00e7\u00e3o para seguirmos fazendo um excelente trabalho\u201d, declarou o novo coordenador do COSEMESC, Daniel Ortellado.<\/p>\n<p style=\"text-align: justify;\">\u201cA grande marca desta gest\u00e3o e desta pandemia \u00e9 como os m\u00e9dicos nos viram e eles nos viram atuando, cobrando, intermediando e encaminhando as situa\u00e7\u00f5es de forma sensata. Isto \u00e9 m\u00e9rito do coordenador que soube fazer uma boa administra\u00e7\u00e3o e de todos n\u00f3s. Parab\u00e9ns e vamos em frente!\u201d, disse o presidente do Sindicato dos M\u00e9dicos de Santa Catarina (SIMESC), Cyro Soncini.<\/p>\n<p style=\"text-align: justify;\"><strong>Agenda<\/strong><\/p>\n<p style=\"text-align: justify;\">Na reuni\u00e3o tamb\u00e9m foi discutida a agenda de atividades dos pr\u00f3ximos meses. Entre os eventos, a semana do Dia do M\u00e9dico em que o COSEMESC apoiar\u00e1 a participa\u00e7\u00e3o no 4\u00ba Summit ACM. O evento ser\u00e1 realizado de forma on-line nos dias 18, 19 e 20 de outubro e em breve ter\u00e1 as inscri\u00e7\u00f5es abertas.<\/p>\n<p style=\"text-align: justify;\">Fonte: Sindicato dos M\u00e9dicos do Estado de Santa Catarina (Simesc)<\/p>\n","protected":false},"excerpt":{"rendered":"<p>Em reuni\u00e3o do Conselho Superior das Entidades M\u00e9dicas (COSEMESC), realizada nesta ter\u00e7a-feira (10\/08), na sede do Conselho Regional de Medicina de Santa Catarina (CRM SC), o presidente da Associa\u00e7\u00e3o Catarinense de Medicina (ACM), Ademar Jos\u00e9 de Oliveira Paes Jr, transmitiu o cargo de coordenador do COSEMESC para o presidente do CRM SC, Daniel Ortellado. \u201cEsta [&hellip;]<\/p>\n","protected":false},"author":1,"featured_media":60937,"comment_status":"open","ping_status":"open","sticky":false,"template":"","format":"standard","meta":{"ocean_post_layout":"","ocean_both_sidebars_style":"","ocean_both_sidebars_content_width":0,"ocean_both_sidebars_sidebars_width":0,"ocean_sidebar":"","ocean_second_sidebar":"","ocean_disable_margins":"enable","ocean_add_body_class":"","ocean_shortcode_before_top_bar":"","ocean_shortcode_after_top_bar":"","ocean_shortcode_before_header":"","ocean_shortcode_after_header":"","ocean_has_shortcode":"","ocean_shortcode_after_title":"","ocean_shortcode_before_footer_widgets":"","ocean_shortcode_after_footer_widgets":"","ocean_shortcode_before_footer_bottom":"","ocean_shortcode_after_footer_bottom":"","ocean_display_top_bar":"default","ocean_display_header":"default","ocean_header_style":"","ocean_center_header_left_menu":"","ocean_custom_header_template":"","ocean_custom_logo":0,"ocean_custom_retina_logo":0,"ocean_custom_logo_max_width":0,"ocean_custom_logo_tablet_max_width":0,"ocean_custom_logo_mobile_max_width":0,"ocean_custom_logo_max_height":0,"ocean_custom_logo_tablet_max_height":0,"ocean_custom_logo_mobile_max_height":0,"ocean_header_custom_menu":"","ocean_menu_typo_font_family":"","ocean_menu_typo_font_subset":"","ocean_menu_typo_font_size":0,"ocean_menu_typo_font_size_tablet":0,"ocean_menu_typo_font_size_mobile":0,"ocean_menu_typo_font_size_unit":"px","ocean_menu_typo_font_weight":"","ocean_menu_typo_font_weight_tablet":"","ocean_menu_typo_font_weight_mobile":"","ocean_menu_typo_transform":"","ocean_menu_typo_transform_tablet":"","ocean_menu_typo_transform_mobile":"","ocean_menu_typo_line_height":0,"ocean_menu_typo_line_height_tablet":0,"ocean_menu_typo_line_height_mobile":0,"ocean_menu_typo_line_height_unit":"","ocean_menu_typo_spacing":0,"ocean_menu_typo_spacing_tablet":0,"ocean_menu_typo_spacing_mobile":0,"ocean_menu_typo_spacing_unit":"","ocean_menu_link_color":"","ocean_menu_link_color_hover":"","ocean_menu_link_color_active":"","ocean_menu_link_background":"","ocean_menu_link_hover_background":"","ocean_menu_link_active_background":"","ocean_menu_social_links_bg":"","ocean_menu_social_hover_links_bg":"","ocean_menu_social_links_color":"","ocean_menu_social_hover_links_color":"","ocean_disable_title":"default","ocean_disable_heading":"default","ocean_post_title":"","ocean_post_subheading":"","ocean_post_title_style":"","ocean_post_title_background_color":"","ocean_post_title_background":0,"ocean_post_title_bg_image_position":"","ocean_post_title_bg_image_attachment":"","ocean_post_title_bg_image_repeat":"","ocean_post_title_bg_image_size":"","ocean_post_title_height":0,"ocean_post_title_bg_overlay":0.5,"ocean_post_title_bg_overlay_color":"","ocean_disable_breadcrumbs":"default","ocean_breadcrumbs_color":"","ocean_breadcrumbs_separator_color":"","ocean_breadcrumbs_links_color":"","ocean_breadcrumbs_links_hover_color":"","ocean_display_footer_widgets":"default","ocean_display_footer_bottom":"default","ocean_custom_footer_template":"","ocean_post_oembed":"","ocean_post_self_hosted_media":"","ocean_post_video_embed":"","ocean_link_format":"","ocean_link_format_target":"self","ocean_quote_format":"","ocean_quote_format_link":"post","ocean_gallery_link_images":"on","ocean_gallery_id":[]},"categories":[1],"tags":[],"acf":[],"_links":{"self":[{"href":"https:\/\/www.simepe.com.br\/novo\/wp-json\/wp\/v2\/posts\/60936"}],"collection":[{"href":"https:\/\/www.simepe.com.br\/novo\/wp-json\/wp\/v2\/posts"}],"about":[{"href":"https:\/\/www.simepe.com.br\/novo\/wp-json\/wp\/v2\/types\/post"}],"author":[{"embeddable":true,"href":"https:\/\/www.simepe.com.br\/novo\/wp-json\/wp\/v2\/users\/1"}],"replies":[{"embeddable":true,"href":"https:\/\/www.simepe.com.br\/novo\/wp-json\/wp\/v2\/comments?post=60936"}],"version-history":[{"count":1,"href":"https:\/\/www.simepe.com.br\/novo\/wp-json\/wp\/v2\/posts\/60936\/revisions"}],"predecessor-version":[{"id":60938,"href":"https:\/\/www.simepe.com.br\/novo\/wp-json\/wp\/v2\/posts\/60936\/revisions\/60938"}],"wp:featuredmedia":[{"embeddable":true,"href":"https:\/\/www.simepe.com.br\/novo\/wp-json\/wp\/v2\/media\/60937"}],"wp:attachment":[{"href":"https:\/\/www.simepe.com.br\/novo\/wp-json\/wp\/v2\/media?parent=60936"}],"wp:term":[{"taxonomy":"category","embeddable":true,"href":"https:\/\/www.simepe.com.br\/novo\/wp-json\/wp\/v2\/categories?post=60936"},{"taxonomy":"post_tag","embeddable":true,"href":"https:\/\/www.simepe.com.br\/novo\/wp-json\/wp\/v2\/tags?post=60936"}],"curies":[{"name":"wp","href":"https:\/\/api.w.org\/{rel}","templated":true}]}}