{"id":60942,"date":"2021-08-11T17:51:03","date_gmt":"2021-08-11T20:51:03","guid":{"rendered":"https:\/\/www.simepe.com.br\/novo\/?p=60942"},"modified":"2021-08-16T22:09:49","modified_gmt":"2021-08-17T01:09:49","slug":"jaboatao-dos-guararapes-medicos-seguem-na-luta-por-melhorias","status":"publish","type":"post","link":"https:\/\/www.simepe.com.br\/novo\/jaboatao-dos-guararapes-medicos-seguem-na-luta-por-melhorias\/","title":{"rendered":"Jaboat\u00e3o dos Guararapes: m\u00e9dicos seguem na luta por melhorias"},"content":{"rendered":"<p style=\"text-align: justify;\">Na noite desta ter\u00e7a-feira (10), os m\u00e9dicos da rede municipal de sa\u00fade de Jaboat\u00e3o dos Guararapes reuniram-se com os diretores do Sindicato dos M\u00e9dicos de Pernambuco (Simepe), Malu David, Fernando J\u00fanior e Robson Miranda, para discutir reivindica\u00e7\u00f5es importantes. O advogado da Defensoria M\u00e9dica, Diego Galdino, tamb\u00e9m participou da videoconfer\u00eancia.<\/p>\n<p style=\"text-align: justify;\">O encontro teve como objetivo informar aos m\u00e9dicos sobre as delibera\u00e7\u00f5es da reuni\u00e3o da entidade com os gestores da Secretaria de Sa\u00fade de Jaboat\u00e3o dos Guararapes. Os pleitos apresentados pela categoria foram os seguintes: revis\u00e3o do Plano de Cargos, Carreiras e Vencimentos (PCCV) com cria\u00e7\u00e3o do cargo de m\u00e9dico; reposi\u00e7\u00e3o dos \u00edndices inflacion\u00e1rios; incorpora\u00e7\u00e3o e indexa\u00e7\u00e3o das gratifica\u00e7\u00f5es ao sal\u00e1rio base; concurso p\u00fablico para repor as especialidades; retomada da programa\u00e7\u00e3o de f\u00e9rias; al\u00e9m da valoriza\u00e7\u00e3o da preceptoria.<\/p>\n<p style=\"text-align: justify;\">Diante das limita\u00e7\u00f5es da Lei Complementar n\u00ba 173\/2020, os representantes da Secretaria de Sa\u00fade informaram da impossibilidade de implementar a recomposi\u00e7\u00e3o salarial da categoria, mas que a demanda foi apresentada \u00e0 Secretaria de Administra\u00e7\u00e3o (SAD), que encaminhou para a Procuradoria Geral do Munic\u00edpio e seguem aguardando um posicionamento. A incorpora\u00e7\u00e3o e a indexa\u00e7\u00e3o das gratifica\u00e7\u00f5es ao sal\u00e1rio base tamb\u00e9m s\u00e3o impactados pela Lei 173, mas foram encaminhadas \u00e0 SAD e at\u00e9 o presente momento n\u00e3o tiveram retorno.<\/p>\n<p style=\"text-align: justify;\">Sobre o PCCV, foi contratada a Leme Consultoria que j\u00e1 deu in\u00edcio ao processo de planejamento. O Simepe e a categoria informaram sobre a necessidade de uma comiss\u00e3o de m\u00e9dicos do munic\u00edpio acompanharem de perto esse processo e a Secretaria acatou o pedido. Outra reivindica\u00e7\u00e3o era a realiza\u00e7\u00e3o de um concurso p\u00fablico no munic\u00edpio e os gestores informaram que haver\u00e1 uma sele\u00e7\u00e3o em breve para recomposi\u00e7\u00e3o das escalas de plant\u00f5es e especialidades.<\/p>\n<p style=\"text-align: justify;\">A retomada da programa\u00e7\u00e3o de f\u00e9rias j\u00e1 foi iniciada e os profissionais devem preencher um formul\u00e1rio que est\u00e1 dispon\u00edvel em todas as unidades de sa\u00fade para fazer a solicita\u00e7\u00e3o. O Simepe tamb\u00e9m foi informado que as melhorias nas unidades j\u00e1 est\u00e3o sendo reparadas.<\/p>\n<p style=\"text-align: justify;\">Por fim, os gestores informaram que est\u00e1 sendo posta em pr\u00e1tica a valoriza\u00e7\u00e3o da preceptoria, com oferta de cursos de capacita\u00e7\u00e3o; dia livre para estudo; liberdade de escolha para ser preceptor ou n\u00e3o; agenda de atendimentos diferenciada; al\u00e9m de pontua\u00e7\u00e3o para progress\u00e3o no PCCV.<\/p>\n<p style=\"text-align: justify;\">O Simepe seguir\u00e1 sempre na luta pela garantia de todos os direitos para a categoria.<\/p>\n","protected":false},"excerpt":{"rendered":"<p>Na noite desta ter\u00e7a-feira (10), os m\u00e9dicos da rede municipal de sa\u00fade de Jaboat\u00e3o dos Guararapes reuniram-se com os diretores do Sindicato dos M\u00e9dicos de Pernambuco (Simepe), Malu David, Fernando J\u00fanior e Robson Miranda, para discutir reivindica\u00e7\u00f5es importantes. O advogado da Defensoria M\u00e9dica, Diego Galdino, tamb\u00e9m participou da videoconfer\u00eancia. O encontro teve como objetivo informar [&hellip;]<\/p>\n","protected":false},"author":1,"featured_media":60943,"comment_status":"open","ping_status":"open","sticky":false,"template":"","format":"standard","meta":{"ocean_post_layout":"","ocean_both_sidebars_style":"","ocean_both_sidebars_content_width":0,"ocean_both_sidebars_sidebars_width":0,"ocean_sidebar":"","ocean_second_sidebar":"","ocean_disable_margins":"enable","ocean_add_body_class":"","ocean_shortcode_before_top_bar":"","ocean_shortcode_after_top_bar":"","ocean_shortcode_before_header":"","ocean_shortcode_after_header":"","ocean_has_shortcode":"","ocean_shortcode_after_title":"","ocean_shortcode_before_footer_widgets":"","ocean_shortcode_after_footer_widgets":"","ocean_shortcode_before_footer_bottom":"","ocean_shortcode_after_footer_bottom":"","ocean_display_top_bar":"default","ocean_display_header":"default","ocean_header_style":"","ocean_center_header_left_menu":"","ocean_custom_header_template":"","ocean_custom_logo":0,"ocean_custom_retina_logo":0,"ocean_custom_logo_max_width":0,"ocean_custom_logo_tablet_max_width":0,"ocean_custom_logo_mobile_max_width":0,"ocean_custom_logo_max_height":0,"ocean_custom_logo_tablet_max_height":0,"ocean_custom_logo_mobile_max_height":0,"ocean_header_custom_menu":"","ocean_menu_typo_font_family":"","ocean_menu_typo_font_subset":"","ocean_menu_typo_font_size":0,"ocean_menu_typo_font_size_tablet":0,"ocean_menu_typo_font_size_mobile":0,"ocean_menu_typo_font_size_unit":"px","ocean_menu_typo_font_weight":"","ocean_menu_typo_font_weight_tablet":"","ocean_menu_typo_font_weight_mobile":"","ocean_menu_typo_transform":"","ocean_menu_typo_transform_tablet":"","ocean_menu_typo_transform_mobile":"","ocean_menu_typo_line_height":0,"ocean_menu_typo_line_height_tablet":0,"ocean_menu_typo_line_height_mobile":0,"ocean_menu_typo_line_height_unit":"","ocean_menu_typo_spacing":0,"ocean_menu_typo_spacing_tablet":0,"ocean_menu_typo_spacing_mobile":0,"ocean_menu_typo_spacing_unit":"","ocean_menu_link_color":"","ocean_menu_link_color_hover":"","ocean_menu_link_color_active":"","ocean_menu_link_background":"","ocean_menu_link_hover_background":"","ocean_menu_link_active_background":"","ocean_menu_social_links_bg":"","ocean_menu_social_hover_links_bg":"","ocean_menu_social_links_color":"","ocean_menu_social_hover_links_color":"","ocean_disable_title":"default","ocean_disable_heading":"default","ocean_post_title":"","ocean_post_subheading":"","ocean_post_title_style":"","ocean_post_title_background_color":"","ocean_post_title_background":0,"ocean_post_title_bg_image_position":"","ocean_post_title_bg_image_attachment":"","ocean_post_title_bg_image_repeat":"","ocean_post_title_bg_image_size":"","ocean_post_title_height":0,"ocean_post_title_bg_overlay":0.5,"ocean_post_title_bg_overlay_color":"","ocean_disable_breadcrumbs":"default","ocean_breadcrumbs_color":"","ocean_breadcrumbs_separator_color":"","ocean_breadcrumbs_links_color":"","ocean_breadcrumbs_links_hover_color":"","ocean_display_footer_widgets":"default","ocean_display_footer_bottom":"default","ocean_custom_footer_template":"","ocean_post_oembed":"","ocean_post_self_hosted_media":"","ocean_post_video_embed":"","ocean_link_format":"","ocean_link_format_target":"self","ocean_quote_format":"","ocean_quote_format_link":"post","ocean_gallery_link_images":"on","ocean_gallery_id":[]},"categories":[1],"tags":[],"acf":[],"_links":{"self":[{"href":"https:\/\/www.simepe.com.br\/novo\/wp-json\/wp\/v2\/posts\/60942"}],"collection":[{"href":"https:\/\/www.simepe.com.br\/novo\/wp-json\/wp\/v2\/posts"}],"about":[{"href":"https:\/\/www.simepe.com.br\/novo\/wp-json\/wp\/v2\/types\/post"}],"author":[{"embeddable":true,"href":"https:\/\/www.simepe.com.br\/novo\/wp-json\/wp\/v2\/users\/1"}],"replies":[{"embeddable":true,"href":"https:\/\/www.simepe.com.br\/novo\/wp-json\/wp\/v2\/comments?post=60942"}],"version-history":[{"count":2,"href":"https:\/\/www.simepe.com.br\/novo\/wp-json\/wp\/v2\/posts\/60942\/revisions"}],"predecessor-version":[{"id":61000,"href":"https:\/\/www.simepe.com.br\/novo\/wp-json\/wp\/v2\/posts\/60942\/revisions\/61000"}],"wp:featuredmedia":[{"embeddable":true,"href":"https:\/\/www.simepe.com.br\/novo\/wp-json\/wp\/v2\/media\/60943"}],"wp:attachment":[{"href":"https:\/\/www.simepe.com.br\/novo\/wp-json\/wp\/v2\/media?parent=60942"}],"wp:term":[{"taxonomy":"category","embeddable":true,"href":"https:\/\/www.simepe.com.br\/novo\/wp-json\/wp\/v2\/categories?post=60942"},{"taxonomy":"post_tag","embeddable":true,"href":"https:\/\/www.simepe.com.br\/novo\/wp-json\/wp\/v2\/tags?post=60942"}],"curies":[{"name":"wp","href":"https:\/\/api.w.org\/{rel}","templated":true}]}}