{"id":60953,"date":"2021-08-12T11:05:39","date_gmt":"2021-08-12T14:05:39","guid":{"rendered":"https:\/\/www.simepe.com.br\/novo\/?p=60953"},"modified":"2021-08-12T11:05:39","modified_gmt":"2021-08-12T14:05:39","slug":"espanha-acelera-vacinacao-contra-covid-19-e-afasta-polemicas","status":"publish","type":"post","link":"https:\/\/www.simepe.com.br\/novo\/espanha-acelera-vacinacao-contra-covid-19-e-afasta-polemicas\/","title":{"rendered":"Espanha acelera vacina\u00e7\u00e3o contra Covid-19 e afasta pol\u00eamicas"},"content":{"rendered":"<div>A Espanha lidera os \u00edndices de vacina\u00e7\u00e3o contra a Covid-19 entre os grandes pa\u00edses da Uni\u00e3o Europeia (UE), impulsionada pela grande confian\u00e7a na sa\u00fade p\u00fablica e nas vacinas, e por um forte senso de fam\u00edlia.<\/div>\n<div><\/div>\n<div>Mais de 28,7 milh\u00f5es de pessoas estavam totalmente vacinadas na Espanha at\u00e9 esta quinta-feira (61,5%), um percentual maior do que na It\u00e1lia (57,7%), na Fran\u00e7a (56%) e na Alemanha (55%), enquanto, no outro extremo, est\u00e1 a Bulg\u00e1ria, com apenas 15%, de acordo com os dados mais recentes apurados pela AFP.<\/div>\n<div><\/div>\n<div>Fora da UE, o Reino Unido vacinou totalmente quase 60% de sua popula\u00e7\u00e3o, e os Estados Unidos, 50%.<\/div>\n<div><\/div>\n<div>Al\u00e9m disso, cerca de 72% dos espanh\u00f3is receberam pelo menos uma dose.<\/div>\n<div><\/div>\n<div>Uma das &#8220;pe\u00e7as-chave&#8221; do sucesso da vacina\u00e7\u00e3o \u00e9 a &#8220;confian\u00e7a no sistema de sa\u00fade&#8221;, disse \u00e0 AFP Josep Lobera, professor de Sociologia da Universidade Aut\u00f4noma de Madri.<\/div>\n<div><\/div>\n<div>Lobera \u00e9 membro do comit\u00ea de estrat\u00e9gia de vacina\u00e7\u00e3o, oficialmente chamado de Grupo de Trabalho T\u00e9cnico de Vacina\u00e7\u00e3o Covid-19, e foi convocado pelas autoridades para explorar como os espanh\u00f3is receberiam a vacina.<\/div>\n<div><\/div>\n<div>Ele e seus colegas constataram que partiam &#8220;de uma posi\u00e7\u00e3o de vantagem em compara\u00e7\u00e3o a outros pa\u00edses, porque a confian\u00e7a nas vacinas em geral, especialmente vacinas infantis, \u00e9 tradicionalmente mais alta do que em outros pa\u00edses europeus&#8221;.<\/div>\n<div><\/div>\n<div>Embora as vacinas n\u00e3o sejam obrigat\u00f3rias na Espanha, n\u00e3o estar em dia com as vacinas infantis pode significar n\u00e3o ser aceito na escola. Entre as recomendadas, est\u00e3o a da catapora e da meningite, duas vacinas que j\u00e1 n\u00e3o s\u00e3o administradas em v\u00e1rios pa\u00edses europeus.<\/div>\n<div><\/div>\n<div>Segundo estudo realizado em 15 pa\u00edses pela Imperial College de Londres e divulgado em junho, 79% dos espanh\u00f3is confiam na vacina do coronav\u00edrus, em contraste com 62% dos americanos, 56% dos franceses, ou 47% dos japoneses.<\/div>\n<div><\/div>\n<div><strong>Sa\u00fade p\u00fablica, sin\u00f4nimo de modernidade\u00a0<\/strong><\/div>\n<div>O pavilh\u00e3o esportivo WiZink em Madri \u00e9 agora um grande centro de vacina\u00e7\u00e3o.<\/div>\n<div><\/div>\n<div>Em uma manh\u00e3 de agosto, sob o tradicional sol escaldante do ver\u00e3o de Madri, h\u00e1 uma longa fila de pessoas na casa dos 30 anos, esperando pela segunda dose.<\/div>\n<div><\/div>\n<div>&#8220;Tenho 100%, 200% de confian\u00e7a&#8221; na sa\u00fade p\u00fablica, afirma In\u00e9s G\u00f3mez Calvo, designer gr\u00e1fica de 28 anos.<\/div>\n<div><\/div>\n<div>Para Alejandro Costales, advogado de 30 anos, a vacina significa &#8220;cuidar&#8221; de sua fam\u00edlia, &#8220;ter a garantia de voltar para casa, voltar e n\u00e3o infect\u00e1-los&#8221;.<\/div>\n<div><\/div>\n<div>O professor Lobera acredita que os espanh\u00f3is associam a sa\u00fade p\u00fablica universal \u00e0 modernidade, em um pa\u00eds sedento por ela ap\u00f3s a morte do ditador Francisco Franco em 1975.<\/div>\n<div><\/div>\n<div>Foi com a chegada da democracia, em 1978, que os diferentes governos &#8220;consolidaram e investiram em um sistema de sa\u00fade p\u00fablica que os espanh\u00f3is veem como parte desse sistema moderno, democr\u00e1tico e progressista&#8221;, explica Lobera.<\/div>\n<div><\/div>\n<div>Sobre a import\u00e2ncia dos la\u00e7os familiares, o soci\u00f3logo acredita que seja uma quest\u00e3o cultural, mas tamb\u00e9m econ\u00f4mica, pois &#8220;os jovens t\u00eam muito mais dificuldade para se emancipar, h\u00e1 uma maior precariza\u00e7\u00e3o do trabalho, e isso significa que a fam\u00edlia age como um salva-vidas&#8221; nas crises.<\/div>\n<div><\/div>\n<div>Dada a boa taxa de vacina\u00e7\u00e3o, o debate sobre medidas como a vacina\u00e7\u00e3o obrigat\u00f3ria, ou a emiss\u00e3o de um &#8220;passe covid&#8221; &#8211; que causou manifesta\u00e7\u00f5es na Fran\u00e7a, ou na Alemanha -, \u00e9 limitado no momento.<\/div>\n<div><\/div>\n<div>&#8220;N\u00e3o tivemos que adotar essa medida, porque praticamente todos os professores e praticamente todos os cidad\u00e3os est\u00e3o sendo vacinados de forma volunt\u00e1ria&#8221;, disse a ministra da Educa\u00e7\u00e3o, Pilar Alegr\u00eda, em declara\u00e7\u00f5es \u00e0 r\u00e1dio Cadena SER na segunda-feira (9).<\/div>\n<div><\/div>\n<div><strong>A lembran\u00e7a da p\u00f3lio<\/strong><\/div>\n<div>Na mem\u00f3ria de muitos espanh\u00f3is est\u00e3o os estragos causados a milhares e milhares de crian\u00e7as nascidas entre 1955 e 1965 pelo atraso da vacina\u00e7\u00e3o contra a poliomielite, doen\u00e7a viral que ataca a medula espinhal e causa fraqueza muscular e paralisia.<\/div>\n<div><\/div>\n<div>Enquanto em muitos pa\u00edses a vacina\u00e7\u00e3o come\u00e7ou em meados da d\u00e9cada de 1950, na Espanha, demorou quase uma d\u00e9cada a mais, uma neglig\u00eancia enterrada pela censura da \u00e9poca, que recentemente levou o governo a identificar aqueles que sofreram da doen\u00e7a como v\u00edtimas do franquismo.<\/div>\n<div><\/div>\n<div>&#8220;Foi uma situa\u00e7\u00e3o absolutamente terr\u00edvel&#8221;, disse \u00e0 AFP Javier Garc\u00eda, presidente da associa\u00e7\u00e3o Cota Cero e v\u00edtima de poliomielite. &#8220;Foi absolutamente doloroso&#8221;.<\/div>\n<div><\/div>\n<div>Garcia, agora com 60 anos e em uma cadeira de rodas, parou de ficar de p\u00e9 aos 4 anos e foi submetido a 17 opera\u00e7\u00f5es nas pernas quando crian\u00e7a.<\/div>\n<div><\/div>\n<div>Sobre a vacina do coronav\u00edrus, ele \u00e9 conclusivo: &#8220;\u00e9 importante que todos apliquem e, quanto antes, melhor&#8221;.<\/div>\n<div><\/div>\n<div>Fonte: Diario de Pernambuco<\/div>\n","protected":false},"excerpt":{"rendered":"<p>A Espanha lidera os \u00edndices de vacina\u00e7\u00e3o contra a Covid-19 entre os grandes pa\u00edses da Uni\u00e3o Europeia (UE), impulsionada pela grande confian\u00e7a na sa\u00fade p\u00fablica e nas vacinas, e por um forte senso de fam\u00edlia. Mais de 28,7 milh\u00f5es de pessoas estavam totalmente vacinadas na Espanha at\u00e9 esta quinta-feira (61,5%), um percentual maior do que [&hellip;]<\/p>\n","protected":false},"author":1,"featured_media":0,"comment_status":"open","ping_status":"open","sticky":false,"template":"","format":"standard","meta":{"ocean_post_layout":"","ocean_both_sidebars_style":"","ocean_both_sidebars_content_width":0,"ocean_both_sidebars_sidebars_width":0,"ocean_sidebar":"","ocean_second_sidebar":"","ocean_disable_margins":"enable","ocean_add_body_class":"","ocean_shortcode_before_top_bar":"","ocean_shortcode_after_top_bar":"","ocean_shortcode_before_header":"","ocean_shortcode_after_header":"","ocean_has_shortcode":"","ocean_shortcode_after_title":"","ocean_shortcode_before_footer_widgets":"","ocean_shortcode_after_footer_widgets":"","ocean_shortcode_before_footer_bottom":"","ocean_shortcode_after_footer_bottom":"","ocean_display_top_bar":"default","ocean_display_header":"default","ocean_header_style":"","ocean_center_header_left_menu":"","ocean_custom_header_template":"","ocean_custom_logo":0,"ocean_custom_retina_logo":0,"ocean_custom_logo_max_width":0,"ocean_custom_logo_tablet_max_width":0,"ocean_custom_logo_mobile_max_width":0,"ocean_custom_logo_max_height":0,"ocean_custom_logo_tablet_max_height":0,"ocean_custom_logo_mobile_max_height":0,"ocean_header_custom_menu":"","ocean_menu_typo_font_family":"","ocean_menu_typo_font_subset":"","ocean_menu_typo_font_size":0,"ocean_menu_typo_font_size_tablet":0,"ocean_menu_typo_font_size_mobile":0,"ocean_menu_typo_font_size_unit":"px","ocean_menu_typo_font_weight":"","ocean_menu_typo_font_weight_tablet":"","ocean_menu_typo_font_weight_mobile":"","ocean_menu_typo_transform":"","ocean_menu_typo_transform_tablet":"","ocean_menu_typo_transform_mobile":"","ocean_menu_typo_line_height":0,"ocean_menu_typo_line_height_tablet":0,"ocean_menu_typo_line_height_mobile":0,"ocean_menu_typo_line_height_unit":"","ocean_menu_typo_spacing":0,"ocean_menu_typo_spacing_tablet":0,"ocean_menu_typo_spacing_mobile":0,"ocean_menu_typo_spacing_unit":"","ocean_menu_link_color":"","ocean_menu_link_color_hover":"","ocean_menu_link_color_active":"","ocean_menu_link_background":"","ocean_menu_link_hover_background":"","ocean_menu_link_active_background":"","ocean_menu_social_links_bg":"","ocean_menu_social_hover_links_bg":"","ocean_menu_social_links_color":"","ocean_menu_social_hover_links_color":"","ocean_disable_title":"default","ocean_disable_heading":"default","ocean_post_title":"","ocean_post_subheading":"","ocean_post_title_style":"","ocean_post_title_background_color":"","ocean_post_title_background":0,"ocean_post_title_bg_image_position":"","ocean_post_title_bg_image_attachment":"","ocean_post_title_bg_image_repeat":"","ocean_post_title_bg_image_size":"","ocean_post_title_height":0,"ocean_post_title_bg_overlay":0.5,"ocean_post_title_bg_overlay_color":"","ocean_disable_breadcrumbs":"default","ocean_breadcrumbs_color":"","ocean_breadcrumbs_separator_color":"","ocean_breadcrumbs_links_color":"","ocean_breadcrumbs_links_hover_color":"","ocean_display_footer_widgets":"default","ocean_display_footer_bottom":"default","ocean_custom_footer_template":"","ocean_post_oembed":"","ocean_post_self_hosted_media":"","ocean_post_video_embed":"","ocean_link_format":"","ocean_link_format_target":"self","ocean_quote_format":"","ocean_quote_format_link":"post","ocean_gallery_link_images":"on","ocean_gallery_id":[]},"categories":[9],"tags":[3847,1490,82,318],"acf":[],"_links":{"self":[{"href":"https:\/\/www.simepe.com.br\/novo\/wp-json\/wp\/v2\/posts\/60953"}],"collection":[{"href":"https:\/\/www.simepe.com.br\/novo\/wp-json\/wp\/v2\/posts"}],"about":[{"href":"https:\/\/www.simepe.com.br\/novo\/wp-json\/wp\/v2\/types\/post"}],"author":[{"embeddable":true,"href":"https:\/\/www.simepe.com.br\/novo\/wp-json\/wp\/v2\/users\/1"}],"replies":[{"embeddable":true,"href":"https:\/\/www.simepe.com.br\/novo\/wp-json\/wp\/v2\/comments?post=60953"}],"version-history":[{"count":1,"href":"https:\/\/www.simepe.com.br\/novo\/wp-json\/wp\/v2\/posts\/60953\/revisions"}],"predecessor-version":[{"id":60954,"href":"https:\/\/www.simepe.com.br\/novo\/wp-json\/wp\/v2\/posts\/60953\/revisions\/60954"}],"wp:attachment":[{"href":"https:\/\/www.simepe.com.br\/novo\/wp-json\/wp\/v2\/media?parent=60953"}],"wp:term":[{"taxonomy":"category","embeddable":true,"href":"https:\/\/www.simepe.com.br\/novo\/wp-json\/wp\/v2\/categories?post=60953"},{"taxonomy":"post_tag","embeddable":true,"href":"https:\/\/www.simepe.com.br\/novo\/wp-json\/wp\/v2\/tags?post=60953"}],"curies":[{"name":"wp","href":"https:\/\/api.w.org\/{rel}","templated":true}]}}